{"id":1851,"date":"2024-12-19T09:22:45","date_gmt":"2024-12-19T09:22:45","guid":{"rendered":"https:\/\/did-dev.net\/srie\/?p=1851"},"modified":"2025-07-09T11:24:03","modified_gmt":"2025-07-09T11:24:03","slug":"article-2","status":"publish","type":"post","link":"https:\/\/did-dev.net\/srie\/article-2\/","title":{"rendered":"Participation du Projet SRIE \u00e0 la 7\u1d49 \u00e9dition du Salon International de l\u2019Agriculture et des Ressources Animales (SARA)"},"content":{"rendered":"\n<p style=\"text-align: justify;\">Le mercredi 28 mai 2025, au Parc des Expositions d\u2019Abidjan, Port-Bou\u00ebt, notre \u00e9quipe a pris part \u00e0 la 7\u1d49 \u00e9dition du Salon International de l\u2019Agriculture et des Ressources Animales (SARA). Plac\u00e9 sous le th\u00e8me \u00ab Quel syst\u00e8me de transformation agroalimentaire pour la souverainet\u00e9 alimentaire en Afrique ? \u00bb, cet \u00e9v\u00e9nement a \u00e9t\u00e9 l\u2019occasion de pr\u00e9senter les enjeux du Projet de <strong>Syst\u00e8me de Remont\u00e9e des Incidents Environnementaux (SRIE)<\/strong> et ses diff\u00e9rents canaux de signalement (application mobile SRIE, num\u00e9ro vert, formulaire web, etc.). Cette \u00e9quipe \u00e9tait conduit par Monsieur ANGAN KOUASSI N\u2019GORAN SYLVAIN (Sous-Directeur de l\u2019Informatique, des Etudes et du Syst\u00e8me d\u2019Information Environnementale et Assistant du coordonnateur du projet SRIE) et assist\u00e9 par Monsieur KOUAKOU Eboulamon Romuald (Assistant charg\u00e9 de communication) et de Miss YOBOUE (Archiviste).<\/p>\n<p style=\"text-align: justify;\">Port\u00e9 par la Direction de l\u2019Informatique et de la Documentation du Minist\u00e8re de l\u2019Environnement, du D\u00e9veloppement Durable et de la Transition \u00c9cologique, le SRIE vise \u00e0 renforcer la surveillance et la gestion des incidents environnementaux.<\/p>\n<p style=\"text-align: justify;\">Cette \u00e9dition a rassembl\u00e9 des milliers de visiteurs et participants, en pr\u00e9sence d\u2019\u00e9minentes personnalit\u00e9s, notamment :<\/p>\n<p style=\"text-align: justify;\">&#8211; M. Kobenan Kouassi ADJOUMANI, Ministre d\u2019\u00c9tat ;<\/p>\n<p style=\"text-align: justify;\">&#8211; M. Laurent TCHAGBA, Ministre des Eaux et For\u00eats ;<\/p>\n<p style=\"text-align: justify;\">&#8211; M. Adama BICTOGO, Pr\u00e9sident de l\u2019Assembl\u00e9e Nationale ;<\/p>\n<p style=\"text-align: justify;\">&#8211; ainsi que d\u2019autres acteurs cl\u00e9s engag\u00e9s pour l\u2019environnement et l\u2019agriculture durable.<\/p>\n<p style=\"text-align: justify;\">Cet \u00e9v\u00e9nement fut un moment de rencontre propice pour l\u2019\u00e9quipe SRIE de porter \u00e0 la connaissance de bon nombre d\u2019ivoiriens l\u2019existance du Syst\u00e8me de Remont\u00e9e des Incidents Environnementaux et son mode de fonctionnement.<\/p>\n<p style=\"text-align: center;\"><div class=\"pgc-sgb-cb wp-block-pgcsimplygalleryblock-slider \" data-gallery-id=\"c2412227\"style=&quot;min-height:220px&quot;><div class=\"sgb-preloader\" id=\"pr_c2412227\">\n\t<div class=\"sgb-square\" style=\"background:#d4d4d4\"><\/div>\n\t<div class=\"sgb-square\" style=\"background:#d4d4d4\"><\/div>\n\t<div class=\"sgb-square\" style=\"background:#d4d4d4\"><\/div>\n\t<div class=\"sgb-square\" style=\"background:#d4d4d4\"><\/div><\/div><div class=\"simply-gallery-amp pgc_sgb_slider \" style=\"display: none;\"><div class=\"sgb-gallery\"><div class=\"sgb-item\"><a href=\"https:\/\/did-dev.net\/srie\/pgc_simply_gallery\/participation-du-projet-srie-a-la-7%e1%b5%89-edition-du-salon-international-de-lagriculture-et-des-ressources-animales-sara-photos\/article-2-1\/\" target=\"_blank\"><img loading=\"lazy\" decoding=\"async\" alt=\"\" width=\"262\" height=\"175\" loading=\"lazy\" src=\"https:\/\/did-dev.net\/srie\/wp-content\/uploads\/2025\/07\/Article-2-1-262x175.jpg\" srcset=\"https:\/\/did-dev.net\/srie\/wp-content\/uploads\/2025\/07\/Article-2-1-262x175.jpg 262w,https:\/\/did-dev.net\/srie\/wp-content\/uploads\/2025\/07\/Article-2-1-498x332.jpg 498w,https:\/\/did-dev.net\/srie\/wp-content\/uploads\/2025\/07\/Article-2-1.jpg 1280w\" sizes=\"auto, 250px\"\/><\/a><\/div><div class=\"sgb-item\"><a href=\"https:\/\/did-dev.net\/srie\/pgc_simply_gallery\/participation-du-projet-srie-a-la-7%e1%b5%89-edition-du-salon-international-de-lagriculture-et-des-ressources-animales-sara-photos\/article-2-4\/\" target=\"_blank\"><img loading=\"lazy\" decoding=\"async\" alt=\"\" width=\"262\" height=\"175\" loading=\"lazy\" src=\"https:\/\/did-dev.net\/srie\/wp-content\/uploads\/2025\/07\/Article-2-4-262x175.jpg\" srcset=\"https:\/\/did-dev.net\/srie\/wp-content\/uploads\/2025\/07\/Article-2-4-262x175.jpg 262w,https:\/\/did-dev.net\/srie\/wp-content\/uploads\/2025\/07\/Article-2-4-498x332.jpg 498w,https:\/\/did-dev.net\/srie\/wp-content\/uploads\/2025\/07\/Article-2-4.jpg 1080w\" sizes=\"auto, 250px\"\/><\/a><\/div><div class=\"sgb-item\"><a href=\"https:\/\/did-dev.net\/srie\/pgc_simply_gallery\/participation-du-projet-srie-a-la-7%e1%b5%89-edition-du-salon-international-de-lagriculture-et-des-ressources-animales-sara-photos\/article-2-3\/\" target=\"_blank\"><img loading=\"lazy\" decoding=\"async\" alt=\"\" width=\"262\" height=\"175\" loading=\"lazy\" src=\"https:\/\/did-dev.net\/srie\/wp-content\/uploads\/2025\/07\/Article-2-3-262x175.jpg\" srcset=\"https:\/\/did-dev.net\/srie\/wp-content\/uploads\/2025\/07\/Article-2-3-262x175.jpg 262w,https:\/\/did-dev.net\/srie\/wp-content\/uploads\/2025\/07\/Article-2-3-498x332.jpg 498w,https:\/\/did-dev.net\/srie\/wp-content\/uploads\/2025\/07\/Article-2-3.jpg 1080w\" sizes=\"auto, 250px\"\/><\/a><\/div><div class=\"sgb-item\"><a href=\"https:\/\/did-dev.net\/srie\/pgc_simply_gallery\/participation-du-projet-srie-a-la-7%e1%b5%89-edition-du-salon-international-de-lagriculture-et-des-ressources-animales-sara-photos\/article-2-2\/\" target=\"_blank\"><img loading=\"lazy\" decoding=\"async\" alt=\"\" width=\"262\" height=\"175\" loading=\"lazy\" src=\"https:\/\/did-dev.net\/srie\/wp-content\/uploads\/2025\/07\/Article-2-2-262x175.jpg\" srcset=\"https:\/\/did-dev.net\/srie\/wp-content\/uploads\/2025\/07\/Article-2-2-262x175.jpg 262w,https:\/\/did-dev.net\/srie\/wp-content\/uploads\/2025\/07\/Article-2-2-498x332.jpg 498w,https:\/\/did-dev.net\/srie\/wp-content\/uploads\/2025\/07\/Article-2-2.jpg 1080w\" sizes=\"auto, 250px\"\/><\/a><\/div><div class=\"sgb-item\"><a href=\"https:\/\/did-dev.net\/srie\/pgc_simply_gallery\/participation-du-projet-srie-a-la-7%e1%b5%89-edition-du-salon-international-de-lagriculture-et-des-ressources-animales-sara-photos\/article-2-5\/\" target=\"_blank\"><img loading=\"lazy\" decoding=\"async\" alt=\"\" width=\"262\" height=\"120\" loading=\"lazy\" src=\"https:\/\/did-dev.net\/srie\/wp-content\/uploads\/2025\/07\/Article-2-5-262x120.jpg\" srcset=\"https:\/\/did-dev.net\/srie\/wp-content\/uploads\/2025\/07\/Article-2-5-262x120.jpg 262w,https:\/\/did-dev.net\/srie\/wp-content\/uploads\/2025\/07\/Article-2-5-726x332.jpg 726w,https:\/\/did-dev.net\/srie\/wp-content\/uploads\/2025\/07\/Article-2-5.jpg 1120w\" sizes=\"auto, 250px\"\/><\/a><\/div><div class=\"sgb-item\"><video controls preload=\"none\"  src=\"https:\/\/did-dev.net\/srie\/wp-content\/uploads\/2025\/07\/Article-2-6.mp4\"><\/video><\/div><\/div><\/div><script type=\"application\/json\" class=\"sgb-data\">{\"sliderMaxHeight\":220,\"sliderAdminWidth\":840,\"sliderNextPrevNavigation\":false,\"sliderThumbsNavi\":false,\"galleryType\":\"pgc_sgb_slider\",\"galleryId\":\"c2412227\",\"images\":[{\"id\":2096,\"title\":\"Article 2 - 1\",\"url\":\"https:\/\/did-dev.net\/srie\/wp-content\/uploads\/2025\/07\/Article-2-1.jpg\",\"link\":\"https:\/\/did-dev.net\/srie\/pgc_simply_gallery\/participation-du-projet-srie-a-la-7%e1%b5%89-edition-du-salon-international-de-lagriculture-et-des-ressources-animales-sara-photos\/article-2-1\/\",\"alt\":\"\",\"description\":\"\",\"caption\":\"\",\"mime\":\"image\/jpeg\",\"type\":\"image\",\"width\":1280,\"height\":853,\"sizes\":{\"thumbnail\":{\"height\":67,\"width\":100,\"url\":\"https:\/\/did-dev.net\/srie\/wp-content\/uploads\/2025\/07\/Article-2-1-100x67.jpg\",\"orientation\":\"landscape\"},\"medium\":{\"height\":175,\"width\":262,\"url\":\"https:\/\/did-dev.net\/srie\/wp-content\/uploads\/2025\/07\/Article-2-1-262x175.jpg\",\"orientation\":\"landscape\"},\"large\":{\"height\":332,\"width\":498,\"url\":\"https:\/\/did-dev.net\/srie\/wp-content\/uploads\/2025\/07\/Article-2-1-498x332.jpg\",\"orientation\":\"landscape\"},\"full\":{\"url\":\"https:\/\/did-dev.net\/srie\/wp-content\/uploads\/2025\/07\/Article-2-1.jpg\",\"height\":853,\"width\":1280,\"orientation\":\"landscape\"}},\"imageMeta\":{\"aperture\":\"0\",\"credit\":\"\",\"camera\":\"\",\"caption\":\"\",\"created_timestamp\":\"0\",\"copyright\":\"\",\"focal_length\":\"0\",\"iso\":\"0\",\"shutter_speed\":\"0\",\"title\":\"\",\"orientation\":\"0\",\"keywords\":[]},\"meta\":false,\"postlink\":\"https:\/\/did-dev.net\/srie\/pgc_simply_gallery\/participation-du-projet-srie-a-la-7%e1%b5%89-edition-du-salon-international-de-lagriculture-et-des-ressources-animales-sara-photos\/article-2-1\/\"},{\"id\":2099,\"title\":\"Article 2 - 4\",\"url\":\"https:\/\/did-dev.net\/srie\/wp-content\/uploads\/2025\/07\/Article-2-4.jpg\",\"link\":\"https:\/\/did-dev.net\/srie\/pgc_simply_gallery\/participation-du-projet-srie-a-la-7%e1%b5%89-edition-du-salon-international-de-lagriculture-et-des-ressources-animales-sara-photos\/article-2-4\/\",\"alt\":\"\",\"description\":\"\",\"caption\":\"\",\"mime\":\"image\/jpeg\",\"type\":\"image\",\"width\":1080,\"height\":720,\"sizes\":{\"thumbnail\":{\"height\":67,\"width\":100,\"url\":\"https:\/\/did-dev.net\/srie\/wp-content\/uploads\/2025\/07\/Article-2-4-100x67.jpg\",\"orientation\":\"landscape\"},\"medium\":{\"height\":175,\"width\":262,\"url\":\"https:\/\/did-dev.net\/srie\/wp-content\/uploads\/2025\/07\/Article-2-4-262x175.jpg\",\"orientation\":\"landscape\"},\"large\":{\"height\":332,\"width\":498,\"url\":\"https:\/\/did-dev.net\/srie\/wp-content\/uploads\/2025\/07\/Article-2-4-498x332.jpg\",\"orientation\":\"landscape\"},\"full\":{\"url\":\"https:\/\/did-dev.net\/srie\/wp-content\/uploads\/2025\/07\/Article-2-4.jpg\",\"height\":720,\"width\":1080,\"orientation\":\"landscape\"}},\"imageMeta\":{\"aperture\":\"0\",\"credit\":\"\",\"camera\":\"\",\"caption\":\"\",\"created_timestamp\":\"0\",\"copyright\":\"\",\"focal_length\":\"0\",\"iso\":\"0\",\"shutter_speed\":\"0\",\"title\":\"\",\"orientation\":\"0\",\"keywords\":[]},\"meta\":false,\"postlink\":\"https:\/\/did-dev.net\/srie\/pgc_simply_gallery\/participation-du-projet-srie-a-la-7%e1%b5%89-edition-du-salon-international-de-lagriculture-et-des-ressources-animales-sara-photos\/article-2-4\/\"},{\"id\":2098,\"title\":\"Article 2 - 3\",\"url\":\"https:\/\/did-dev.net\/srie\/wp-content\/uploads\/2025\/07\/Article-2-3.jpg\",\"link\":\"https:\/\/did-dev.net\/srie\/pgc_simply_gallery\/participation-du-projet-srie-a-la-7%e1%b5%89-edition-du-salon-international-de-lagriculture-et-des-ressources-animales-sara-photos\/article-2-3\/\",\"alt\":\"\",\"description\":\"\",\"caption\":\"\",\"mime\":\"image\/jpeg\",\"type\":\"image\",\"width\":1080,\"height\":720,\"sizes\":{\"thumbnail\":{\"height\":67,\"width\":100,\"url\":\"https:\/\/did-dev.net\/srie\/wp-content\/uploads\/2025\/07\/Article-2-3-100x67.jpg\",\"orientation\":\"landscape\"},\"medium\":{\"height\":175,\"width\":262,\"url\":\"https:\/\/did-dev.net\/srie\/wp-content\/uploads\/2025\/07\/Article-2-3-262x175.jpg\",\"orientation\":\"landscape\"},\"large\":{\"height\":332,\"width\":498,\"url\":\"https:\/\/did-dev.net\/srie\/wp-content\/uploads\/2025\/07\/Article-2-3-498x332.jpg\",\"orientation\":\"landscape\"},\"full\":{\"url\":\"https:\/\/did-dev.net\/srie\/wp-content\/uploads\/2025\/07\/Article-2-3.jpg\",\"height\":720,\"width\":1080,\"orientation\":\"landscape\"}},\"imageMeta\":{\"aperture\":\"0\",\"credit\":\"\",\"camera\":\"\",\"caption\":\"\",\"created_timestamp\":\"0\",\"copyright\":\"\",\"focal_length\":\"0\",\"iso\":\"0\",\"shutter_speed\":\"0\",\"title\":\"\",\"orientation\":\"0\",\"keywords\":[]},\"meta\":false,\"postlink\":\"https:\/\/did-dev.net\/srie\/pgc_simply_gallery\/participation-du-projet-srie-a-la-7%e1%b5%89-edition-du-salon-international-de-lagriculture-et-des-ressources-animales-sara-photos\/article-2-3\/\"},{\"id\":2097,\"title\":\"Article 2 - 2\",\"url\":\"https:\/\/did-dev.net\/srie\/wp-content\/uploads\/2025\/07\/Article-2-2.jpg\",\"link\":\"https:\/\/did-dev.net\/srie\/pgc_simply_gallery\/participation-du-projet-srie-a-la-7%e1%b5%89-edition-du-salon-international-de-lagriculture-et-des-ressources-animales-sara-photos\/article-2-2\/\",\"alt\":\"\",\"description\":\"\",\"caption\":\"\",\"mime\":\"image\/jpeg\",\"type\":\"image\",\"width\":1080,\"height\":720,\"sizes\":{\"thumbnail\":{\"height\":67,\"width\":100,\"url\":\"https:\/\/did-dev.net\/srie\/wp-content\/uploads\/2025\/07\/Article-2-2-100x67.jpg\",\"orientation\":\"landscape\"},\"medium\":{\"height\":175,\"width\":262,\"url\":\"https:\/\/did-dev.net\/srie\/wp-content\/uploads\/2025\/07\/Article-2-2-262x175.jpg\",\"orientation\":\"landscape\"},\"large\":{\"height\":332,\"width\":498,\"url\":\"https:\/\/did-dev.net\/srie\/wp-content\/uploads\/2025\/07\/Article-2-2-498x332.jpg\",\"orientation\":\"landscape\"},\"full\":{\"url\":\"https:\/\/did-dev.net\/srie\/wp-content\/uploads\/2025\/07\/Article-2-2.jpg\",\"height\":720,\"width\":1080,\"orientation\":\"landscape\"}},\"imageMeta\":{\"aperture\":\"0\",\"credit\":\"\",\"camera\":\"\",\"caption\":\"\",\"created_timestamp\":\"0\",\"copyright\":\"\",\"focal_length\":\"0\",\"iso\":\"0\",\"shutter_speed\":\"0\",\"title\":\"\",\"orientation\":\"0\",\"keywords\":[]},\"meta\":false,\"postlink\":\"https:\/\/did-dev.net\/srie\/pgc_simply_gallery\/participation-du-projet-srie-a-la-7%e1%b5%89-edition-du-salon-international-de-lagriculture-et-des-ressources-animales-sara-photos\/article-2-2\/\"},{\"id\":2105,\"title\":\"Article 2 - 5\",\"url\":\"https:\/\/did-dev.net\/srie\/wp-content\/uploads\/2025\/07\/Article-2-5.jpg\",\"link\":\"https:\/\/did-dev.net\/srie\/pgc_simply_gallery\/participation-du-projet-srie-a-la-7%e1%b5%89-edition-du-salon-international-de-lagriculture-et-des-ressources-animales-sara-photos\/article-2-5\/\",\"alt\":\"\",\"description\":\"\",\"caption\":\"\",\"mime\":\"image\/jpeg\",\"type\":\"image\",\"width\":1120,\"height\":512,\"sizes\":{\"thumbnail\":{\"height\":46,\"width\":100,\"url\":\"https:\/\/did-dev.net\/srie\/wp-content\/uploads\/2025\/07\/Article-2-5-100x46.jpg\",\"orientation\":\"landscape\"},\"medium\":{\"height\":120,\"width\":262,\"url\":\"https:\/\/did-dev.net\/srie\/wp-content\/uploads\/2025\/07\/Article-2-5-262x120.jpg\",\"orientation\":\"landscape\"},\"large\":{\"height\":332,\"width\":726,\"url\":\"https:\/\/did-dev.net\/srie\/wp-content\/uploads\/2025\/07\/Article-2-5-726x332.jpg\",\"orientation\":\"landscape\"},\"full\":{\"url\":\"https:\/\/did-dev.net\/srie\/wp-content\/uploads\/2025\/07\/Article-2-5.jpg\",\"height\":512,\"width\":1120,\"orientation\":\"landscape\"}},\"imageMeta\":{\"aperture\":\"0\",\"credit\":\"\",\"camera\":\"\",\"caption\":\"\",\"created_timestamp\":\"0\",\"copyright\":\"\",\"focal_length\":\"0\",\"iso\":\"0\",\"shutter_speed\":\"0\",\"title\":\"\",\"orientation\":\"0\",\"keywords\":[]},\"meta\":false,\"postlink\":\"https:\/\/did-dev.net\/srie\/pgc_simply_gallery\/participation-du-projet-srie-a-la-7%e1%b5%89-edition-du-salon-international-de-lagriculture-et-des-ressources-animales-sara-photos\/article-2-5\/\"},{\"id\":2106,\"title\":\"Article 2 - 6\",\"url\":\"https:\/\/did-dev.net\/srie\/wp-content\/uploads\/2025\/07\/Article-2-6.mp4\",\"link\":\"https:\/\/did-dev.net\/srie\/pgc_simply_gallery\/participation-du-projet-srie-a-la-7%e1%b5%89-edition-du-salon-international-de-lagriculture-et-des-ressources-animales-sara-photos\/article-2-6\/\",\"alt\":\"\",\"description\":\"\",\"caption\":\"\",\"mime\":\"video\/mp4\",\"type\":\"video\",\"image\":{\"src\":\"https:\/\/did-dev.net\/srie\/wp-includes\/images\/media\/video.svg\",\"width\":48,\"height\":64},\"thumb\":{\"src\":\"https:\/\/did-dev.net\/srie\/wp-includes\/images\/media\/video.svg\",\"width\":48,\"height\":64},\"width\":640,\"height\":368,\"fileLength\":\"0:07\",\"meta\":{\"artist\":false,\"album\":false,\"bitrate\":false,\"bitrate_mode\":false},\"postlink\":\"https:\/\/did-dev.net\/srie\/pgc_simply_gallery\/participation-du-projet-srie-a-la-7%e1%b5%89-edition-du-salon-international-de-lagriculture-et-des-ressources-animales-sara-photos\/article-2-6\/\"}],\"jetPopupInstance\":\"none\",\"jetPopupTriggerType\":\"none\",\"jetPopupCustomSelector\":\"\",\"jetPopupIsJetEngine\":false,\"itemsMetaDataCollection\":[]}<\/script><script>(function(){if(window.PGC_SGB && window.PGC_SGB.searcher){window.PGC_SGB.searcher.initBlocks()}})()<\/script><\/div>\n","protected":false},"excerpt":{"rendered":"<p>Le mercredi 28 mai 2025, au Parc des Expositions d\u2019Abidjan, Port-Bou\u00ebt, notre \u00e9quipe a pris part \u00e0 la 7\u1d49 \u00e9dition du Salon International de l\u2019Agriculture et des Ressources Animales (SARA). Plac\u00e9 sous le th\u00e8me \u00ab Quel syst\u00e8me de transformation agroalimentaire pour la souverainet\u00e9 alimentaire en Afrique ? \u00bb, cet \u00e9v\u00e9nement a \u00e9t\u00e9 l\u2019occasion de pr\u00e9senter [&hellip;]<\/p>\n","protected":false},"author":1,"featured_media":2101,"comment_status":"open","ping_status":"open","sticky":false,"template":"","format":"standard","meta":{"_acf_changed":false,"_lmt_disableupdate":"no","_lmt_disable":"","pgc_sgb_lightbox_settings":"","footnotes":""},"categories":[55],"tags":[],"post_folder":[50],"class_list":["post-1851","post","type-post","status-publish","format-standard","has-post-thumbnail","hentry","category-actualites","clearfix"],"acf":[],"modified_by":"SRIE","_links":{"self":[{"href":"https:\/\/did-dev.net\/srie\/wp-json\/wp\/v2\/posts\/1851","targetHints":{"allow":["GET"]}}],"collection":[{"href":"https:\/\/did-dev.net\/srie\/wp-json\/wp\/v2\/posts"}],"about":[{"href":"https:\/\/did-dev.net\/srie\/wp-json\/wp\/v2\/types\/post"}],"author":[{"embeddable":true,"href":"https:\/\/did-dev.net\/srie\/wp-json\/wp\/v2\/users\/1"}],"replies":[{"embeddable":true,"href":"https:\/\/did-dev.net\/srie\/wp-json\/wp\/v2\/comments?post=1851"}],"version-history":[{"count":4,"href":"https:\/\/did-dev.net\/srie\/wp-json\/wp\/v2\/posts\/1851\/revisions"}],"predecessor-version":[{"id":2103,"href":"https:\/\/did-dev.net\/srie\/wp-json\/wp\/v2\/posts\/1851\/revisions\/2103"}],"wp:featuredmedia":[{"embeddable":true,"href":"https:\/\/did-dev.net\/srie\/wp-json\/wp\/v2\/media\/2101"}],"wp:attachment":[{"href":"https:\/\/did-dev.net\/srie\/wp-json\/wp\/v2\/media?parent=1851"}],"wp:term":[{"taxonomy":"category","embeddable":true,"href":"https:\/\/did-dev.net\/srie\/wp-json\/wp\/v2\/categories?post=1851"},{"taxonomy":"post_tag","embeddable":true,"href":"https:\/\/did-dev.net\/srie\/wp-json\/wp\/v2\/tags?post=1851"},{"taxonomy":"post_folder","embeddable":true,"href":"https:\/\/did-dev.net\/srie\/wp-json\/wp\/v2\/post_folder?post=1851"}],"curies":[{"name":"wp","href":"https:\/\/api.w.org\/{rel}","templated":true}]}}