{"id":6682,"date":"2025-08-05T14:14:54","date_gmt":"2025-08-05T14:14:54","guid":{"rendered":"https:\/\/did-dev.net\/mineddte\/?p=6682"},"modified":"2025-08-08T14:18:58","modified_gmt":"2025-08-08T14:18:58","slug":"conservation-de-la-biodiversite-un-atelier-national-sur-les-amcez-souvre-a-jacqueville","status":"publish","type":"post","link":"https:\/\/did-dev.net\/mineddte\/conservation-de-la-biodiversite-un-atelier-national-sur-les-amcez-souvre-a-jacqueville\/","title":{"rendered":"CONSERVATION DE LA BIODIVERSITE\u00a0: UN ATELIER NATIONAL SUR LES AMCEZ S\u2018OUVRE A JACQUEVILLE"},"content":{"rendered":"<p style=\"text-align: justify;\"><span style=\"font-family: verdana, geneva, sans-serif;\"><img decoding=\"async\" loading=\"lazy\" class=\"alignnone size-full wp-image-6683\" src=\"https:\/\/did-dev.net\/mineddte\/wp-content\/uploads\/2025\/08\/Sans-titre-1-01-1-scaled.jpg\" alt=\"\" width=\"2560\" height=\"1003\" srcset=\"https:\/\/did-dev.net\/mineddte\/wp-content\/uploads\/2025\/08\/Sans-titre-1-01-1-scaled.jpg 2560w, https:\/\/did-dev.net\/mineddte\/wp-content\/uploads\/2025\/08\/Sans-titre-1-01-1-262x103.jpg 262w, https:\/\/did-dev.net\/mineddte\/wp-content\/uploads\/2025\/08\/Sans-titre-1-01-1-847x332.jpg 847w, https:\/\/did-dev.net\/mineddte\/wp-content\/uploads\/2025\/08\/Sans-titre-1-01-1-100x39.jpg 100w, https:\/\/did-dev.net\/mineddte\/wp-content\/uploads\/2025\/08\/Sans-titre-1-01-1-1536x602.jpg 1536w, https:\/\/did-dev.net\/mineddte\/wp-content\/uploads\/2025\/08\/Sans-titre-1-01-1-2048x803.jpg 2048w\" sizes=\"(max-width: 2560px) 100vw, 2560px\" \/>Le Conseiller Technique Professeur Kouadio Georges a proc\u00e9d\u00e9, au nom du Ministre de l\u2019Environnement, du D\u00e9veloppement Durable et de la Transition \u00c9cologique, \u00e0 l\u2019ouverture officielle d\u2019un atelier national consacr\u00e9 aux Autres Mesures de Conservation Efficaces par Zone (AMCEZ, ou OECMs en anglais), ce lundi 4 ao\u00fbt 2025, dans la ville de Jacqueville.<\/span><\/p>\n<p style=\"text-align: justify;\"><span style=\"font-family: verdana, geneva, sans-serif;\">Pr\u00e9vu pour se d\u00e9rouler jusqu\u2019au 6 ao\u00fbt, ce rendez-vous a pour objectif d\u2019introduire le concept des AMCEZ au niveau national, de favoriser le dialogue entre les parties prenantes, et de lancer une r\u00e9flexion strat\u00e9gique autour de leur identification et de leur reconnaissance en C\u00f4te d\u2019Ivoire.<\/span><\/p>\n<p style=\"text-align: justify;\"><span style=\"font-family: verdana, geneva, sans-serif;\">Dot\u00e9e d\u2019une grande diversit\u00e9 d\u2019\u00e9cosyst\u00e8mes terrestres, c\u00f4tiers et marins, la C\u00f4te d\u2019Ivoire abrite de nombreux sites susceptibles de r\u00e9pondre aux crit\u00e8res des AMCEZ. Parmi les zones pressenties pour une future reconnaissance figurent les environs des parcs nationaux de Ta\u00ef et de la Como\u00e9, et la R\u00e9serve naturelle partielle du N\u2019Zo.<\/span><\/p>\n<p style=\"text-align: justify;\"><span style=\"font-family: verdana, geneva, sans-serif;\">\u00ab Ces sites, s\u2019ils sont correctement identifi\u00e9s, reconnus et soutenus, pourraient renforcer notre r\u00e9seau \u00e9cologique national et contribuer efficacement \u00e0 l\u2019atteinte des engagements internationaux de la C\u00f4te d\u2019Ivoire, tout en assurant une meilleure int\u00e9gration des populations locales dans les efforts de conservation \u00bb, a soulign\u00e9 le Professeur Kouadio Georges dans son discours d\u2019ouverture.<\/span><\/p>\n<p style=\"text-align: justify;\"><span style=\"font-family: verdana, geneva, sans-serif;\">Cet atelier intervient dans un contexte de r\u00e9vision de la Strat\u00e9gie et du Plan d\u2019Action Nationaux pour la Biodiversit\u00e9 (SPANB), avec pour priorit\u00e9 l\u2019int\u00e9gration des AMCEZ dans le cadre strat\u00e9gique national. L\u2019\u00e9missaire du Ministre Assahor\u00e9 a insist\u00e9 sur la n\u00e9cessit\u00e9 de traduire les r\u00e9sultats des \u00e9changes en recommandations concr\u00e8tes \u00e0 int\u00e9grer dans le processus de r\u00e9vision de la SPANB.<\/span><\/p>\n<p style=\"text-align: justify;\"><span style=\"font-family: verdana, geneva, sans-serif;\">Pendant ces trois jours de travaux, les participants s\u2019att\u00e8leront \u00e0 l\u2019\u00e9laboration d\u2019une vision nationale partag\u00e9e. L\u2019objectif \u00e9tant de promouvoir une conservation plus repr\u00e9sentative, plus \u00e9quitable, et mieux adapt\u00e9e aux r\u00e9alit\u00e9s locales, en accord avec les engagements pris par la C\u00f4te d\u2019Ivoire dans le cadre du Cadre mondial pour la biodiversit\u00e9 de Kunming-Montr\u00e9al, notamment l\u2019ambitieux objectif 30&#215;30 qui vise \u00e0 prot\u00e9ger au moins 30% des terres et des oc\u00e9ans de la plan\u00e8te d&#8217;ici 2030.<\/span><\/p>\n","protected":false},"excerpt":{"rendered":"<p>Le Conseiller Technique Professeur Kouadio Georges a proc\u00e9d\u00e9, au nom du Ministre de l\u2019Environnement, du D\u00e9veloppement Durable et de la Transition \u00c9cologique, \u00e0 l\u2019ouverture officielle d\u2019un atelier national consacr\u00e9 aux [&hellip;]<\/p>\n","protected":false},"author":1,"featured_media":6683,"comment_status":"closed","ping_status":"closed","sticky":false,"template":"","format":"standard","meta":{"_lmt_disableupdate":"no","_lmt_disable":"","pgc_sgb_lightbox_settings":""},"categories":[58,45],"tags":[],"post_folder":[],"modified_by":"MINEDD","_links":{"self":[{"href":"https:\/\/did-dev.net\/mineddte\/wp-json\/wp\/v2\/posts\/6682"}],"collection":[{"href":"https:\/\/did-dev.net\/mineddte\/wp-json\/wp\/v2\/posts"}],"about":[{"href":"https:\/\/did-dev.net\/mineddte\/wp-json\/wp\/v2\/types\/post"}],"author":[{"embeddable":true,"href":"https:\/\/did-dev.net\/mineddte\/wp-json\/wp\/v2\/users\/1"}],"replies":[{"embeddable":true,"href":"https:\/\/did-dev.net\/mineddte\/wp-json\/wp\/v2\/comments?post=6682"}],"version-history":[{"count":1,"href":"https:\/\/did-dev.net\/mineddte\/wp-json\/wp\/v2\/posts\/6682\/revisions"}],"predecessor-version":[{"id":6684,"href":"https:\/\/did-dev.net\/mineddte\/wp-json\/wp\/v2\/posts\/6682\/revisions\/6684"}],"wp:featuredmedia":[{"embeddable":true,"href":"https:\/\/did-dev.net\/mineddte\/wp-json\/wp\/v2\/media\/6683"}],"wp:attachment":[{"href":"https:\/\/did-dev.net\/mineddte\/wp-json\/wp\/v2\/media?parent=6682"}],"wp:term":[{"taxonomy":"category","embeddable":true,"href":"https:\/\/did-dev.net\/mineddte\/wp-json\/wp\/v2\/categories?post=6682"},{"taxonomy":"post_tag","embeddable":true,"href":"https:\/\/did-dev.net\/mineddte\/wp-json\/wp\/v2\/tags?post=6682"},{"taxonomy":"post_folder","embeddable":true,"href":"https:\/\/did-dev.net\/mineddte\/wp-json\/wp\/v2\/post_folder?post=6682"}],"curies":[{"name":"wp","href":"https:\/\/api.w.org\/{rel}","templated":true}]}}