{"id":6676,"date":"2025-07-26T11:28:25","date_gmt":"2025-07-26T11:28:25","guid":{"rendered":"https:\/\/did-dev.net\/mineddte\/?p=6676"},"modified":"2025-08-05T11:43:33","modified_gmt":"2025-08-05T11:43:33","slug":"protection-des-ecosystemes-transfrontaliers-la-cote-divoire-et-le-ghana-unissent-leurs-forces","status":"publish","type":"post","link":"https:\/\/did-dev.net\/mineddte\/protection-des-ecosystemes-transfrontaliers-la-cote-divoire-et-le-ghana-unissent-leurs-forces\/","title":{"rendered":"PROTECTION DES ECOSYSTEMES TRANSFRONTALIERS\u00a0: LA COTE D\u2019IVOIRE ET LE GHANA UNISSENT LEURS FORCES"},"content":{"rendered":"<p style=\"text-align: justify;\"><span style=\"font-family: verdana, geneva, sans-serif;\"><img decoding=\"async\" loading=\"lazy\" class=\"alignnone size-full wp-image-6677\" src=\"https:\/\/did-dev.net\/mineddte\/wp-content\/uploads\/2025\/08\/Sans-titre-1-01-scaled.jpg\" alt=\"\" width=\"2560\" height=\"1003\" srcset=\"https:\/\/did-dev.net\/mineddte\/wp-content\/uploads\/2025\/08\/Sans-titre-1-01-scaled.jpg 2560w, https:\/\/did-dev.net\/mineddte\/wp-content\/uploads\/2025\/08\/Sans-titre-1-01-262x103.jpg 262w, https:\/\/did-dev.net\/mineddte\/wp-content\/uploads\/2025\/08\/Sans-titre-1-01-847x332.jpg 847w, https:\/\/did-dev.net\/mineddte\/wp-content\/uploads\/2025\/08\/Sans-titre-1-01-100x39.jpg 100w, https:\/\/did-dev.net\/mineddte\/wp-content\/uploads\/2025\/08\/Sans-titre-1-01-1536x602.jpg 1536w, https:\/\/did-dev.net\/mineddte\/wp-content\/uploads\/2025\/08\/Sans-titre-1-01-2048x803.jpg 2048w\" sizes=\"(max-width: 2560px) 100vw, 2560px\" \/>La R\u00e9serve Naturelle de Boss\u00e9mati\u00e9 en C\u00f4te d&#8217;Ivoire et le Parc National de Bia au Ghana sont des atouts majeurs pour l&#8217;\u00e9cosyst\u00e8me forestier transfrontalier de la r\u00e9gion. C&#8217;est dans ce cadre que s&#8217;est tenu \u00e0 Abidjan, C\u00f4te d&#8217;Ivoire, le jeudi 24 juillet 2025, un atelier visant \u00e0 renforcer la pr\u00e9servation de ce couloir de biodiversit\u00e9 essentiel.<\/span><\/p>\n<p style=\"text-align: justify;\"><span style=\"font-family: verdana, geneva, sans-serif;\">Organis\u00e9 par l&#8217;Office Ivoirien des Parcs et R\u00e9serves (OIPR), avec le soutien financier de l\u2019Initiative pour un commerce durable (IDH), cette rencontre a rassembl\u00e9 une quarantaine de participants issues des gouvernements ivoirien et ghan\u00e9en, du secteur priv\u00e9, ainsi que des partenaires techniques et financiers.<\/span><\/p>\n<p style=\"text-align: justify;\"><span style=\"font-family: verdana, geneva, sans-serif;\">Madame St\u00e9phanie Kadjo, Directrice Pays de l&#8217;IDH, a rappel\u00e9 l&#8217;engagement de son ONG en mati\u00e8re de gestion durable des paysages en C\u00f4te d&#8217;Ivoire et au Ghana, notamment \u00e0 travers l&#8217;initiative Cacao et For\u00eats. \u00ab Cet atelier repr\u00e9sente une \u00e9tape cruciale pour pr\u00e9senter la feuille de route, mobiliser les soutiens techniques et financiers n\u00e9cessaires et renforcer les synergies entre acteurs pour maximiser l\u2019impact de nos efforts communs \u00bb, a-t-elle affirm\u00e9. .<\/span><\/p>\n<p style=\"text-align: justify;\"><span style=\"font-family: verdana, geneva, sans-serif;\">Repr\u00e9sentant le Ministre Jacques Assahor\u00e9 Konan, Ministre de l\u2019Environnement du D\u00e9veloppement Durable et de la Transition Ecologique, Monsieur Saraka Adolphe, Conseiller Technique, a transmis les salutations du ministre en insistant sur l&#8217;engagement de tous pour la cause environnementale. Il a rappel\u00e9 que la collaboration entre la C\u00f4te d&#8217;Ivoire et le Ghana a d\u00e9but\u00e9 en 2016 gr\u00e2ce au soutien du Fonds pour l&#8217;Environnement Mondial pour le d\u00e9veloppement d&#8217;une zone de conservation transfrontali\u00e8re.<\/span><\/p>\n<p style=\"text-align: justify;\"><span style=\"font-family: verdana, geneva, sans-serif;\">\u00ab Votre pr\u00e9sence t\u00e9moigne de la volont\u00e9 de nos pays de collaborer efficacement pour la gestion durable de nos ressources naturelles transfrontali\u00e8res \u00bb, a-t-il d\u00e9clar\u00e9, consid\u00e9rant cette rencontre comme un &#8220;point de relance&#8221; de la coop\u00e9ration r\u00e9gionale.<\/span><\/p>\n<p style=\"text-align: justify;\"><span style=\"font-family: verdana, geneva, sans-serif;\">Le Colonel Amon Koutoua Beno\u00eet, Directeur Technique de l&#8217;OIPR, a soulign\u00e9 la gestion de 19 aires prot\u00e9g\u00e9es en C\u00f4te d&#8217;Ivoire, incluant la R\u00e9serve Naturelle de Boss\u00e9mati\u00e9. Il a expliqu\u00e9 que l&#8217;OIPR adopte une &#8220;approche paysage&#8221; pour g\u00e9rer ces zones avec leurs p\u00e9riph\u00e9ries, ce qui justifie la collaboration avec le Ghana. Il a insist\u00e9 sur l&#8217;imp\u00e9ratif de cr\u00e9er un corridor \u00e9cologique entre la R\u00e9serve Naturelle de Boss\u00e9mati\u00e9 et le Parc National de Bia.<\/span><\/p>\n<p style=\"text-align: justify;\"><span style=\"font-family: verdana, geneva, sans-serif;\">Du c\u00f4t\u00e9 ghan\u00e9en, Joseph Binlinla, Operations Manager \u00e0 Wildlife Division Forestry Commission, a r\u00e9affirm\u00e9 l&#8217;engagement de son pays \u00e0 &#8220;continuer de travailler main dans la main afin de g\u00e9rer la nature,&#8221; insistant sur le caract\u00e8re crucial de la conservation de la biodiversit\u00e9.<\/span><\/p>\n<p style=\"text-align: justify;\"><span style=\"font-family: verdana, geneva, sans-serif;\">La R\u00e9serve Naturelle de Boss\u00e9mati\u00e9, cr\u00e9\u00e9e en 2022, est le r\u00e9sultat d&#8217;une politique active de protection et de reforestation, m\u00eame si des cultures ill\u00e9gales de cacao y persistent. L&#8217;objectif du gouvernement ivoirien est d&#8217;en faire un &#8220;p\u00f4le attractif et r\u00e9silient aux effets du changement climatique&#8221;, notamment gr\u00e2ce \u00e0 la pr\u00e9sence des \u00e9l\u00e9phants de for\u00eat.<\/span><\/p>\n<p style=\"text-align: justify;\"><span style=\"font-family: verdana, geneva, sans-serif;\">En 2016, une trentaine de ces majestueux animaux y ont \u00e9t\u00e9 recens\u00e9s, et on sait qu&#8217;ils transitent entre les parcelles foresti\u00e8res ivoiriennes et ghan\u00e9ennes.<\/span><\/p>\n","protected":false},"excerpt":{"rendered":"<p>La R\u00e9serve Naturelle de Boss\u00e9mati\u00e9 en C\u00f4te d&#8217;Ivoire et le Parc National de Bia au Ghana sont des atouts majeurs pour l&#8217;\u00e9cosyst\u00e8me forestier transfrontalier de la r\u00e9gion. C&#8217;est dans ce [&hellip;]<\/p>\n","protected":false},"author":1,"featured_media":6677,"comment_status":"closed","ping_status":"closed","sticky":false,"template":"","format":"standard","meta":{"_lmt_disableupdate":"no","_lmt_disable":"","pgc_sgb_lightbox_settings":""},"categories":[58],"tags":[],"post_folder":[],"modified_by":"MINEDD","_links":{"self":[{"href":"https:\/\/did-dev.net\/mineddte\/wp-json\/wp\/v2\/posts\/6676"}],"collection":[{"href":"https:\/\/did-dev.net\/mineddte\/wp-json\/wp\/v2\/posts"}],"about":[{"href":"https:\/\/did-dev.net\/mineddte\/wp-json\/wp\/v2\/types\/post"}],"author":[{"embeddable":true,"href":"https:\/\/did-dev.net\/mineddte\/wp-json\/wp\/v2\/users\/1"}],"replies":[{"embeddable":true,"href":"https:\/\/did-dev.net\/mineddte\/wp-json\/wp\/v2\/comments?post=6676"}],"version-history":[{"count":2,"href":"https:\/\/did-dev.net\/mineddte\/wp-json\/wp\/v2\/posts\/6676\/revisions"}],"predecessor-version":[{"id":6680,"href":"https:\/\/did-dev.net\/mineddte\/wp-json\/wp\/v2\/posts\/6676\/revisions\/6680"}],"wp:featuredmedia":[{"embeddable":true,"href":"https:\/\/did-dev.net\/mineddte\/wp-json\/wp\/v2\/media\/6677"}],"wp:attachment":[{"href":"https:\/\/did-dev.net\/mineddte\/wp-json\/wp\/v2\/media?parent=6676"}],"wp:term":[{"taxonomy":"category","embeddable":true,"href":"https:\/\/did-dev.net\/mineddte\/wp-json\/wp\/v2\/categories?post=6676"},{"taxonomy":"post_tag","embeddable":true,"href":"https:\/\/did-dev.net\/mineddte\/wp-json\/wp\/v2\/tags?post=6676"},{"taxonomy":"post_folder","embeddable":true,"href":"https:\/\/did-dev.net\/mineddte\/wp-json\/wp\/v2\/post_folder?post=6676"}],"curies":[{"name":"wp","href":"https:\/\/api.w.org\/{rel}","templated":true}]}}