{"id":6675,"date":"2025-08-01T11:49:20","date_gmt":"2025-08-01T11:49:20","guid":{"rendered":"https:\/\/did-dev.net\/mineddte\/?p=6675"},"modified":"2025-08-05T11:54:02","modified_gmt":"2025-08-05T11:54:02","slug":"cop30-au-bresil-la-cote-divoire-affine-sa-strategie-pour-une-participation-efficace","status":"publish","type":"post","link":"https:\/\/did-dev.net\/mineddte\/cop30-au-bresil-la-cote-divoire-affine-sa-strategie-pour-une-participation-efficace\/","title":{"rendered":"COP30 AU BRESIL\u00a0: LA COTE D\u2019IVOIRE AFFINE SA STRATEGIE POUR UNE PARTICIPATION EFFICACE"},"content":{"rendered":"<div class=\"xdj266r x14z9mp xat24cr x1lziwak x1vvkbs x126k92a\">\n<p style=\"text-align: justify;\"><span style=\"font-family: verdana, geneva, sans-serif;\"><img decoding=\"async\" loading=\"lazy\" class=\"alignnone size-full wp-image-6678\" src=\"https:\/\/did-dev.net\/mineddte\/wp-content\/uploads\/2025\/08\/Sans-titre-12-01-scaled.jpg\" alt=\"\" width=\"2560\" height=\"1003\" srcset=\"https:\/\/did-dev.net\/mineddte\/wp-content\/uploads\/2025\/08\/Sans-titre-12-01-scaled.jpg 2560w, https:\/\/did-dev.net\/mineddte\/wp-content\/uploads\/2025\/08\/Sans-titre-12-01-262x103.jpg 262w, https:\/\/did-dev.net\/mineddte\/wp-content\/uploads\/2025\/08\/Sans-titre-12-01-847x332.jpg 847w, https:\/\/did-dev.net\/mineddte\/wp-content\/uploads\/2025\/08\/Sans-titre-12-01-100x39.jpg 100w, https:\/\/did-dev.net\/mineddte\/wp-content\/uploads\/2025\/08\/Sans-titre-12-01-1536x602.jpg 1536w, https:\/\/did-dev.net\/mineddte\/wp-content\/uploads\/2025\/08\/Sans-titre-12-01-2048x803.jpg 2048w\" sizes=\"(max-width: 2560px) 100vw, 2560px\" \/>\u00c0 quelques mois de la 30e Conf\u00e9rence des Parties sur le climat (COP30), qui se tiendra en novembre 2025 \u00e0 Bel\u00e9m, au Br\u00e9sil, la C\u00f4te d\u2019Ivoire est engag\u00e9e dans une importante phase pr\u00e9paratoire. Le Minist\u00e8re de l\u2019Environnement, du D\u00e9veloppement Durable et de la Transition \u00c9cologique a organis\u00e9 un atelier d\u2019information \u00e0 l\u2019intention des parties prenantes nationales, afin de renforcer la coordination, la planification et l\u2019impact de la participation ivoirienne \u00e0 ce rendez-vous mondial sur le climat.<\/span><\/p>\n<p style=\"text-align: justify;\"><span style=\"font-family: verdana, geneva, sans-serif;\">Pr\u00e9sid\u00e9 par le Professeur Kouadio Georges, Conseiller Technique repr\u00e9sentant le Ministre Assahor\u00e9 Konan Jacques, cet atelier visait \u00e0 partager les directives de Monsieur le Ministre, notamment fournir les informations pratiques relatives \u00e0 la participation de chacun, et surtout impulser une dynamique d\u2019\u00e9quipe autour de la d\u00e9l\u00e9gation ivoirienne.<\/span><\/p>\n<p style=\"text-align: justify;\"><span style=\"font-family: verdana, geneva, sans-serif;\">\u00ab Ce que nous devons faire pour \u00eatre visibles \u00e0 la COP, ce n\u2019est pas l\u00e0-bas que \u00e7a se pr\u00e9pare. C\u2019est ici, chez nous, dans cette salle ou en amont, que tout doit \u00eatre pens\u00e9, structur\u00e9 et organis\u00e9 \u00bb, a soulign\u00e9 le Conseiller Technique dans son adresse d\u2019ouverture.<\/span><\/p>\n<p style=\"text-align: justify;\"><span style=\"font-family: verdana, geneva, sans-serif;\">L\u2019un des constats partag\u00e9s fut en effet la faible anticipation des communications et la dispersion des actions une fois sur place. Pour \u00e9viter cela, Professeur Kouadio a insist\u00e9 sur la n\u00e9cessit\u00e9 de planifier chaque activit\u00e9 d\u00e8s maintenant, en identifiant les objectifs, les intervenants et surtout les cibles internationales. \u00ab On ne doit plus arriver \u00e0 la COP pour chercher \u00e0 qui parler. Chaque initiative ivoirienne doit avoir son audience d\u00e9termin\u00e9e et mobilis\u00e9e \u00e0 l\u2019avance \u00bb, a-t-il ajout\u00e9.<\/span><\/p>\n<p style=\"text-align: justify;\"><span style=\"font-family: verdana, geneva, sans-serif;\">Au cours de l\u2019atelier, le Point Focal national de la Convention des Nations Unies sur les Changements Climatiques a pr\u00e9sent\u00e9 les diff\u00e9rentes proc\u00e9dures relatives aux accr\u00e9ditations, aux visas, \u00e0 la logistique, ainsi qu\u2019aux d\u00e9lais \u00e0 respecter pour une bonne prise en compte.<\/span><\/p>\n<p style=\"text-align: justify;\"><span style=\"font-family: verdana, geneva, sans-serif;\">Les \u00e9changes ont \u00e9galement port\u00e9 sur la n\u00e9cessit\u00e9 de mutualiser les efforts et de renforcer la synergie entre les institutions \u00e9tatiques, les ONG, les collectivit\u00e9s locales, les entreprises et les partenaires techniques. Le but \u00e9tant de faire bloc autour d\u2019une vision commune et d\u2019un narratif coh\u00e9rent, capable de porter les ambitions climatiques de la C\u00f4te d\u2019Ivoire au niveau mondial.<\/span><\/p>\n<p style=\"text-align: justify;\"><span style=\"font-family: verdana, geneva, sans-serif;\">Pour le Minist\u00e8re en charge de l\u2019Environnement, l\u2019enjeu est de transformer ces conf\u00e9rences en tribunes de plaidoyer, de visibilit\u00e9 et de mobilisation de financement.<\/span><\/p>\n<p style=\"text-align: justify;\"><span style=\"font-family: verdana, geneva, sans-serif;\">La rigueur dans la pr\u00e9paration et la coh\u00e9sion de la d\u00e9l\u00e9gation sont donc des leviers essentiels. C\u2019est pourquoi, la participation ivoirienne \u00e0 la COP30 vise non seulement \u00e0 r\u00e9affirmer les engagements du pays en mati\u00e8re de climat, mais aussi \u00e0 promouvoir ses solutions locales, ses projets phares, et \u00e0 attirer de nouveaux partenaires.<\/span><\/p>\n<\/div>\n","protected":false},"excerpt":{"rendered":"<p>\u00c0 quelques mois de la 30e Conf\u00e9rence des Parties sur le climat (COP30), qui se tiendra en novembre 2025 \u00e0 Bel\u00e9m, au Br\u00e9sil, la C\u00f4te d\u2019Ivoire est engag\u00e9e dans une [&hellip;]<\/p>\n","protected":false},"author":1,"featured_media":6678,"comment_status":"closed","ping_status":"closed","sticky":false,"template":"","format":"standard","meta":{"_lmt_disableupdate":"no","_lmt_disable":"","pgc_sgb_lightbox_settings":""},"categories":[58],"tags":[],"post_folder":[],"modified_by":"MINEDD","_links":{"self":[{"href":"https:\/\/did-dev.net\/mineddte\/wp-json\/wp\/v2\/posts\/6675"}],"collection":[{"href":"https:\/\/did-dev.net\/mineddte\/wp-json\/wp\/v2\/posts"}],"about":[{"href":"https:\/\/did-dev.net\/mineddte\/wp-json\/wp\/v2\/types\/post"}],"author":[{"embeddable":true,"href":"https:\/\/did-dev.net\/mineddte\/wp-json\/wp\/v2\/users\/1"}],"replies":[{"embeddable":true,"href":"https:\/\/did-dev.net\/mineddte\/wp-json\/wp\/v2\/comments?post=6675"}],"version-history":[{"count":1,"href":"https:\/\/did-dev.net\/mineddte\/wp-json\/wp\/v2\/posts\/6675\/revisions"}],"predecessor-version":[{"id":6681,"href":"https:\/\/did-dev.net\/mineddte\/wp-json\/wp\/v2\/posts\/6675\/revisions\/6681"}],"wp:featuredmedia":[{"embeddable":true,"href":"https:\/\/did-dev.net\/mineddte\/wp-json\/wp\/v2\/media\/6678"}],"wp:attachment":[{"href":"https:\/\/did-dev.net\/mineddte\/wp-json\/wp\/v2\/media?parent=6675"}],"wp:term":[{"taxonomy":"category","embeddable":true,"href":"https:\/\/did-dev.net\/mineddte\/wp-json\/wp\/v2\/categories?post=6675"},{"taxonomy":"post_tag","embeddable":true,"href":"https:\/\/did-dev.net\/mineddte\/wp-json\/wp\/v2\/tags?post=6675"},{"taxonomy":"post_folder","embeddable":true,"href":"https:\/\/did-dev.net\/mineddte\/wp-json\/wp\/v2\/post_folder?post=6675"}],"curies":[{"name":"wp","href":"https:\/\/api.w.org\/{rel}","templated":true}]}}