{"id":6672,"date":"2025-07-24T11:21:46","date_gmt":"2025-07-24T11:21:46","guid":{"rendered":"https:\/\/did-dev.net\/mineddte\/?p=6672"},"modified":"2025-08-05T11:25:50","modified_gmt":"2025-08-05T11:25:50","slug":"protection-de-la-couche-dozone-des-certificats-aux-agents-formes-a-lidentification-des-substances-appauvrissant-la-couche-dozone-a-bondoukou","status":"publish","type":"post","link":"https:\/\/did-dev.net\/mineddte\/protection-de-la-couche-dozone-des-certificats-aux-agents-formes-a-lidentification-des-substances-appauvrissant-la-couche-dozone-a-bondoukou\/","title":{"rendered":"PROTECTION DE LA COUCHE D&#8217;OZONE : DES CERTIFICATS AUX AGENTS FORMES A L\u2019IDENTIFICATION DES SUBSTANCES APPAUVRISSANT LA COUCHE D\u2019OZONE A BONDOUKOU"},"content":{"rendered":"<p style=\"text-align: justify;\"><span style=\"font-family: verdana, geneva, sans-serif;\"><img decoding=\"async\" loading=\"lazy\" class=\"alignnone size-full wp-image-6665\" src=\"https:\/\/did-dev.net\/mineddte\/wp-content\/uploads\/2025\/08\/OZONE-01-scaled.jpg\" alt=\"\" width=\"2560\" height=\"1003\" srcset=\"https:\/\/did-dev.net\/mineddte\/wp-content\/uploads\/2025\/08\/OZONE-01-scaled.jpg 2560w, https:\/\/did-dev.net\/mineddte\/wp-content\/uploads\/2025\/08\/OZONE-01-262x103.jpg 262w, https:\/\/did-dev.net\/mineddte\/wp-content\/uploads\/2025\/08\/OZONE-01-847x332.jpg 847w, https:\/\/did-dev.net\/mineddte\/wp-content\/uploads\/2025\/08\/OZONE-01-100x39.jpg 100w, https:\/\/did-dev.net\/mineddte\/wp-content\/uploads\/2025\/08\/OZONE-01-1536x602.jpg 1536w, https:\/\/did-dev.net\/mineddte\/wp-content\/uploads\/2025\/08\/OZONE-01-2048x803.jpg 2048w\" sizes=\"(max-width: 2560px) 100vw, 2560px\" \/>Des agents des douanes et contr\u00f4leurs du minist\u00e8re du Commerce ont re\u00e7u, mardi 22 juillet 2025 \u00e0 Bondoukou, des certificats de fin de formation \u00e0 l\u2019issue d\u2019un atelier consacr\u00e9 \u00e0 l\u2019identification et \u00e0 la gestion des substances appauvrissant la couche d\u2019ozone.<\/span><\/p>\n<p style=\"text-align: justify;\"><span style=\"font-family: verdana, geneva, sans-serif;\">La c\u00e9r\u00e9monie de remise des certificats a \u00e9t\u00e9 pr\u00e9sid\u00e9e par le directeur r\u00e9gional de l\u2019Environnement, du D\u00e9veloppement Durable et de la Transition \u00e9cologique, Bouadi N\u2019Dah Fran\u00e7ois, en pr\u00e9sence du directeur d\u00e9partemental du Commerce et de l\u2019Industrie, Iri\u00e9 Evrard.<\/span><\/p>\n<p style=\"text-align: justify;\"><span style=\"font-family: verdana, geneva, sans-serif;\">Cette session de formation de deux jours, organis\u00e9e \u00e0 la pr\u00e9fecture de Bondoukou, s\u2019inscrit dans le cadre de la mise en \u0153uvre du Plan de gestion et d\u2019\u00e9limination des HCFC (PGEH), conduit par le minist\u00e8re en charge de l\u2019Environnement. Elle a \u00e9t\u00e9 coordonn\u00e9e par la coordonnatrice nationale par int\u00e9rim du projet ozone, Kouassi Odile.<\/span><\/p>\n<p style=\"text-align: justify;\"><span style=\"font-family: verdana, geneva, sans-serif;\">Selon le consultant expert, Aruna Kouam\u00e9, plusieurs gaz r\u00e9frig\u00e9rants utilis\u00e9s dans les climatiseurs, cong\u00e9lateurs et chambres froides contiennent du chlore, un \u00e9l\u00e9ment responsable de la destruction de la couche d\u2019ozone. Il a cit\u00e9 notamment les r\u00e9frig\u00e9rants R22, R12, R11 et R114, pr\u00e9cisant que leur \u00e9limination est programm\u00e9e \u00e0 l\u2019horizon 2030. Les participants ont \u00e9t\u00e9 instruits sur la r\u00e9glementation nationale et internationale, les proc\u00e9dures de d\u00e9douanement, l\u2019identification des substances (HCFC, HFC, hydrocarbures, etc.), ainsi que sur l\u2019utilisation d\u2019\u00e9quipements de d\u00e9tection. Des travaux pratiques et la projection d\u2019un film de sensibilisation ont compl\u00e9t\u00e9 la session.<\/span><\/p>\n<p style=\"text-align: justify;\"><span style=\"font-family: verdana, geneva, sans-serif;\">Le pr\u00e9fet de r\u00e9gion du Gontougo, pr\u00e9fet du d\u00e9partement de Bondoukou, Gbongbo Kouadio Andr\u00e9, a salu\u00e9, lors de la c\u00e9r\u00e9monie d\u2019ouverture, mardi, cette initiative qui \u00ab outille les agents en premi\u00e8re ligne dans la lutte contre la pollution atmosph\u00e9rique \u00bb.<\/span><\/p>\n<p style=\"text-align: justify;\"><span style=\"font-family: verdana, geneva, sans-serif;\">Les organisateurs ont annonc\u00e9 que la phase suivante de la formation concernera les techniciens du froid, notamment les r\u00e9parateurs de climatiseurs et de r\u00e9frig\u00e9rateurs, afin de promouvoir des pratiques respectueuses de l\u2019environnement. Des techniciens de froid, notamment des r\u00e9parateurs de climatiseurs et de r\u00e9frig\u00e9rateurs r\u00e9sidant \u00e0 Bondoukou, ont re\u00e7u, vendredi 25 juillet 2025, des certificats de fin de formation \u00e0 l\u2019issue d\u2019un atelier consacr\u00e9 \u00e0 l\u2019identification et \u00e0 la gestion des substances appauvrissant la couche d\u2019ozone, en vue de promouvoir des pratiques respectueuses de l\u2019environnement.<\/span><\/p>\n","protected":false},"excerpt":{"rendered":"<p>Des agents des douanes et contr\u00f4leurs du minist\u00e8re du Commerce ont re\u00e7u, mardi 22 juillet 2025 \u00e0 Bondoukou, des certificats de fin de formation \u00e0 l\u2019issue d\u2019un atelier consacr\u00e9 \u00e0 [&hellip;]<\/p>\n","protected":false},"author":1,"featured_media":6665,"comment_status":"closed","ping_status":"closed","sticky":false,"template":"","format":"standard","meta":{"_lmt_disableupdate":"no","_lmt_disable":"","pgc_sgb_lightbox_settings":""},"categories":[58],"tags":[],"post_folder":[],"modified_by":"MINEDD","_links":{"self":[{"href":"https:\/\/did-dev.net\/mineddte\/wp-json\/wp\/v2\/posts\/6672"}],"collection":[{"href":"https:\/\/did-dev.net\/mineddte\/wp-json\/wp\/v2\/posts"}],"about":[{"href":"https:\/\/did-dev.net\/mineddte\/wp-json\/wp\/v2\/types\/post"}],"author":[{"embeddable":true,"href":"https:\/\/did-dev.net\/mineddte\/wp-json\/wp\/v2\/users\/1"}],"replies":[{"embeddable":true,"href":"https:\/\/did-dev.net\/mineddte\/wp-json\/wp\/v2\/comments?post=6672"}],"version-history":[{"count":1,"href":"https:\/\/did-dev.net\/mineddte\/wp-json\/wp\/v2\/posts\/6672\/revisions"}],"predecessor-version":[{"id":6674,"href":"https:\/\/did-dev.net\/mineddte\/wp-json\/wp\/v2\/posts\/6672\/revisions\/6674"}],"wp:featuredmedia":[{"embeddable":true,"href":"https:\/\/did-dev.net\/mineddte\/wp-json\/wp\/v2\/media\/6665"}],"wp:attachment":[{"href":"https:\/\/did-dev.net\/mineddte\/wp-json\/wp\/v2\/media?parent=6672"}],"wp:term":[{"taxonomy":"category","embeddable":true,"href":"https:\/\/did-dev.net\/mineddte\/wp-json\/wp\/v2\/categories?post=6672"},{"taxonomy":"post_tag","embeddable":true,"href":"https:\/\/did-dev.net\/mineddte\/wp-json\/wp\/v2\/tags?post=6672"},{"taxonomy":"post_folder","embeddable":true,"href":"https:\/\/did-dev.net\/mineddte\/wp-json\/wp\/v2\/post_folder?post=6672"}],"curies":[{"name":"wp","href":"https:\/\/api.w.org\/{rel}","templated":true}]}}