{"id":6670,"date":"2025-07-18T11:16:04","date_gmt":"2025-07-18T11:16:04","guid":{"rendered":"https:\/\/did-dev.net\/mineddte\/?p=6670"},"modified":"2025-08-05T11:20:32","modified_gmt":"2025-08-05T11:20:32","slug":"projet-transition-bas-carbone-en-cote-divoire-des-acquis-enregistres-dans-les-secteurs-foresterie-energie-dechets-au-premier-semestre-2025","status":"publish","type":"post","link":"https:\/\/did-dev.net\/mineddte\/projet-transition-bas-carbone-en-cote-divoire-des-acquis-enregistres-dans-les-secteurs-foresterie-energie-dechets-au-premier-semestre-2025\/","title":{"rendered":"PROJET TRANSITION BAS CARBONE EN COTE D\u2019IVOIRE\u00a0: DES ACQUIS ENREGISTRES DANS LES SECTEURS FORESTERIE, ENERGIE, DECHETS AU PREMIER SEMESTRE 2025"},"content":{"rendered":"<p style=\"text-align: justify;\"><span style=\"font-family: verdana, geneva, sans-serif;\"><img decoding=\"async\" loading=\"lazy\" class=\"alignnone size-full wp-image-6667\" src=\"https:\/\/did-dev.net\/mineddte\/wp-content\/uploads\/2025\/08\/TBC-01-scaled.jpg\" alt=\"\" width=\"2560\" height=\"1003\" srcset=\"https:\/\/did-dev.net\/mineddte\/wp-content\/uploads\/2025\/08\/TBC-01-scaled.jpg 2560w, https:\/\/did-dev.net\/mineddte\/wp-content\/uploads\/2025\/08\/TBC-01-262x103.jpg 262w, https:\/\/did-dev.net\/mineddte\/wp-content\/uploads\/2025\/08\/TBC-01-847x332.jpg 847w, https:\/\/did-dev.net\/mineddte\/wp-content\/uploads\/2025\/08\/TBC-01-100x39.jpg 100w, https:\/\/did-dev.net\/mineddte\/wp-content\/uploads\/2025\/08\/TBC-01-1536x602.jpg 1536w, https:\/\/did-dev.net\/mineddte\/wp-content\/uploads\/2025\/08\/TBC-01-2048x803.jpg 2048w\" sizes=\"(max-width: 2560px) 100vw, 2560px\" \/>La mise en \u0153uvre du Projet Transition Bas Carbone (TBC), au premier semestre 2025, a contribu\u00e9 \u00e0 la r\u00e9alisation de plusieurs projets dans diff\u00e9rents secteurs, notamment la foresterie, l&#8217;\u00e9nergie, les d\u00e9chets, et permis plusieurs renforcements des capacit\u00e9s des acteurs impliqu\u00e9s, a indiqu\u00e9 le conseiller technique du ministre de l&#8217;Environnement, du D\u00e9veloppement durable et de la Transition \u00e9cologique, Mayeul Alex Lagaud.<\/span><\/p>\n<p style=\"text-align: justify;\"><span style=\"font-family: verdana, geneva, sans-serif;\">C&#8217;\u00e9tait au cours du 4\u00e8me Comit\u00e9 de pilotage du projet TBC, le jeudi 17 juillet 2025 \u00e0 Abidjan-Cocody.<\/span><\/p>\n<p style=\"text-align: justify;\"><span style=\"font-family: verdana, geneva, sans-serif;\">Mis en \u0153uvre par Expertise France avec la collaboration du minist\u00e8re en charge de l&#8217;Environnement, le projet TBC b\u00e9n\u00e9ficie d&#8217;un financement de l&#8217;Union europ\u00e9enne (UE) \u00e0 hauteur de 5,9 millions d&#8217;euros, soit 3,8 milliards FCFA, en vue d&#8217;accompagner le gouvernement ivoirien dans la mise en \u0153uvre et le suivi de ses engagements climatiques.<\/span><\/p>\n<p style=\"text-align: justify;\"><span style=\"font-family: verdana, geneva, sans-serif;\"><em>\u00ab Au cours du premier trimestre 2025, le projet a beaucoup appuy\u00e9 le gouvernement ivoirien, notamment dans la quinzaine de l&#8217;environnement tenu du 03 au 17 juin, avec une caravane au Nord et dans diff\u00e9rentes villes du pays. Son appui a \u00e9t\u00e9 consid\u00e9rable \u00e9galement en mati\u00e8re de renforcement des capacit\u00e9s de diff\u00e9rentes parties prenantes dans plusieurs villes de la C\u00f4te d&#8217;Ivoire \u00bb<\/em>, s&#8217;est r\u00e9joui, Mayeul Alex Lagaud, par ailleurs pr\u00e9sident du Comit\u00e9 de pilotage dudit projet.<\/span><\/p>\n<p style=\"text-align: justify;\"><span style=\"font-family: verdana, geneva, sans-serif;\">Pour ce qui est des chantiers en cours, il a not\u00e9 la r\u00e9vision des Contributions d\u00e9termin\u00e9es au niveau national (CDN 3.0.) :<em> \u00ab Il y a un appui \u00e9galement du projet dans ce processus de r\u00e9vision qui se porte bien. Bient\u00f4t, la C\u00f4te d&#8217;Ivoire aura ses CDN 3.0 qu&#8217;on pourra envoyer au Secr\u00e9tariat de la Convention la Convention-cadre des Nations unies sur les changements climatiques et puis pr\u00e9senter \u00e9galement \u00e0 la Conf\u00e9rence des Parties (COP 30) au Br\u00e9sil \u00bb.<\/em><\/span><\/p>\n<p style=\"text-align: justify;\"><span style=\"font-family: verdana, geneva, sans-serif;\">Pour le repr\u00e9sentant de la D\u00e9l\u00e9gation de l&#8217;UE en C\u00f4te d&#8217;Ivoire, Jean Douzo, durant le premier semestre 2025, le projet TBC a franchi des \u00e9tapes importantes, \u00e0 travers les appuis aux politiques, \u00e0 la planification climatique, aux renforcements des capacit\u00e9s institutionnelles, \u00e0 l&#8217;implication de la soci\u00e9t\u00e9 civile et des acteurs des m\u00e9dias dans la lutte contre les changements climatiques, \u00e0 la coordination sectorielle, \u00e0 la mobilisation et la formation les 18 et 19 juin \u00e0 Korhogo d&#8217;acteurs locaux.<\/span><\/p>\n<p style=\"text-align: justify;\"><span style=\"font-family: verdana, geneva, sans-serif;\">Au nom d&#8217;Expertise France, le Directeur pays Alexandre Foulon, a assur\u00e9 sa d\u00e9termination \u00e0 poursuivre, aux c\u00f4t\u00e9s du gouvernement ivoirien, les efforts entrepris en faveur d&#8217;une transition bas carbone r\u00e9ussie, contribuant ainsi \u00e0 renforcer la r\u00e9silience climatique et \u00e0 consolider la trajectoire durable du pays.<\/span><\/p>\n<p style=\"text-align: justify;\"><span style=\"font-family: verdana, geneva, sans-serif;\">En pr\u00e9sence du chef de projet TBC \u00e0 Expertise France, Guillaume Vermeulen, Alexandre Foulon a soulign\u00e9 que le projet avance \u00e0 un rythme de croisi\u00e8re d\u00e9sormais.<\/span><\/p>\n","protected":false},"excerpt":{"rendered":"<p>La mise en \u0153uvre du Projet Transition Bas Carbone (TBC), au premier semestre 2025, a contribu\u00e9 \u00e0 la r\u00e9alisation de plusieurs projets dans diff\u00e9rents secteurs, notamment la foresterie, l&#8217;\u00e9nergie, les [&hellip;]<\/p>\n","protected":false},"author":1,"featured_media":6667,"comment_status":"closed","ping_status":"closed","sticky":false,"template":"","format":"standard","meta":{"_lmt_disableupdate":"no","_lmt_disable":"","pgc_sgb_lightbox_settings":""},"categories":[58],"tags":[],"post_folder":[],"modified_by":"MINEDD","_links":{"self":[{"href":"https:\/\/did-dev.net\/mineddte\/wp-json\/wp\/v2\/posts\/6670"}],"collection":[{"href":"https:\/\/did-dev.net\/mineddte\/wp-json\/wp\/v2\/posts"}],"about":[{"href":"https:\/\/did-dev.net\/mineddte\/wp-json\/wp\/v2\/types\/post"}],"author":[{"embeddable":true,"href":"https:\/\/did-dev.net\/mineddte\/wp-json\/wp\/v2\/users\/1"}],"replies":[{"embeddable":true,"href":"https:\/\/did-dev.net\/mineddte\/wp-json\/wp\/v2\/comments?post=6670"}],"version-history":[{"count":1,"href":"https:\/\/did-dev.net\/mineddte\/wp-json\/wp\/v2\/posts\/6670\/revisions"}],"predecessor-version":[{"id":6673,"href":"https:\/\/did-dev.net\/mineddte\/wp-json\/wp\/v2\/posts\/6670\/revisions\/6673"}],"wp:featuredmedia":[{"embeddable":true,"href":"https:\/\/did-dev.net\/mineddte\/wp-json\/wp\/v2\/media\/6667"}],"wp:attachment":[{"href":"https:\/\/did-dev.net\/mineddte\/wp-json\/wp\/v2\/media?parent=6670"}],"wp:term":[{"taxonomy":"category","embeddable":true,"href":"https:\/\/did-dev.net\/mineddte\/wp-json\/wp\/v2\/categories?post=6670"},{"taxonomy":"post_tag","embeddable":true,"href":"https:\/\/did-dev.net\/mineddte\/wp-json\/wp\/v2\/tags?post=6670"},{"taxonomy":"post_folder","embeddable":true,"href":"https:\/\/did-dev.net\/mineddte\/wp-json\/wp\/v2\/post_folder?post=6670"}],"curies":[{"name":"wp","href":"https:\/\/api.w.org\/{rel}","templated":true}]}}