{"id":6662,"date":"2025-07-19T19:52:21","date_gmt":"2025-07-19T19:52:21","guid":{"rendered":"https:\/\/did-dev.net\/mineddte\/?p=6662"},"modified":"2025-08-05T10:58:44","modified_gmt":"2025-08-05T10:58:44","slug":"corridor-ecologique-de-tai-les-parties-prenantes-locales-sapproprient-le-mode-de-gestion-participative","status":"publish","type":"post","link":"https:\/\/did-dev.net\/mineddte\/corridor-ecologique-de-tai-les-parties-prenantes-locales-sapproprient-le-mode-de-gestion-participative\/","title":{"rendered":"CORRIDOR ECOLOGIQUE DE TA\u00cf\u00a0: LES PARTIES PRENANTES LOCALES S\u2019APPROPRIENT LE MODE DE GESTION PARTICIPATIVE"},"content":{"rendered":"<p style=\"text-align: justify;\"><span style=\"font-family: verdana, geneva, sans-serif;\"><img decoding=\"async\" loading=\"lazy\" class=\"alignnone size-full wp-image-6663\" src=\"https:\/\/did-dev.net\/mineddte\/wp-content\/uploads\/2025\/08\/CORRIDOR-TAI-01-scaled.jpg\" alt=\"\" width=\"2560\" height=\"1003\" srcset=\"https:\/\/did-dev.net\/mineddte\/wp-content\/uploads\/2025\/08\/CORRIDOR-TAI-01-scaled.jpg 2560w, https:\/\/did-dev.net\/mineddte\/wp-content\/uploads\/2025\/08\/CORRIDOR-TAI-01-262x103.jpg 262w, https:\/\/did-dev.net\/mineddte\/wp-content\/uploads\/2025\/08\/CORRIDOR-TAI-01-847x332.jpg 847w, https:\/\/did-dev.net\/mineddte\/wp-content\/uploads\/2025\/08\/CORRIDOR-TAI-01-100x39.jpg 100w, https:\/\/did-dev.net\/mineddte\/wp-content\/uploads\/2025\/08\/CORRIDOR-TAI-01-1536x602.jpg 1536w, https:\/\/did-dev.net\/mineddte\/wp-content\/uploads\/2025\/08\/CORRIDOR-TAI-01-2048x803.jpg 2048w\" sizes=\"(max-width: 2560px) 100vw, 2560px\" \/>L\u2019Unit\u00e9 d\u2019ex\u00e9cution du projet (UEP) du Corridor \u00e9cologique de Ta\u00ef a tenu, du lundi 14 au vendredi 18 juillet 2025, des ateliers au cours desquels, les parties prenantes locales se sont appropri\u00e9 les principes du mod\u00e8le de gestion participative retenu pour cette r\u00e9serve naturelle volontaire (RNV), par le minist\u00e8re de l\u2019Environnement, du D\u00e9veloppement durable et de la Transition \u00e9cologique (MINEDDTE).<\/span><\/p>\n<p style=\"text-align: justify;\"><span style=\"font-family: verdana, geneva, sans-serif;\">Du comit\u00e9 technique du Corridor (CTC) au comit\u00e9 de gestion du Corridor (CGC), en passant par les trois associations villageoises de gestion du Corridor (AVGC), les acteurs locaux ont b\u00e9n\u00e9fici\u00e9 d\u2019un renforcement de capacit\u00e9s dans la compr\u00e9hension et la mise en \u0153uvre du mode de gestion de la r\u00e9serve naturelle volontaire de Ta\u00ef.<\/span><\/p>\n<p style=\"text-align: justify;\"><span style=\"font-family: verdana, geneva, sans-serif;\">Objet de l\u2019essentiel des travaux, le mod\u00e8le de cogestion impliquant le CGC, d\u2019une part, et l\u2019Office ivoirien des parcs et r\u00e9serves (OIPR), d\u2019autre part, a \u00e9t\u00e9 accept\u00e9 apr\u00e8s une \u00e9tude comparative des forces et faiblesses de diff\u00e9rents modes de gestion propos\u00e9s.<\/span><\/p>\n<p style=\"text-align: justify;\"><span style=\"font-family: verdana, geneva, sans-serif;\"><em>\u00ab Nous comptons profiter de la solide exp\u00e9rience de l\u2019OIPR, en protection de la biodiversit\u00e9 pour, de fa\u00e7on participative, d\u00e9velopper des m\u00e9thodes de gestion efficaces et durables en faveur de notre r\u00e9serve naturelle volontaire \u00bb<\/em>, a soulign\u00e9 le charg\u00e9 de suivi \u00e9cologique du CGC, Mama Ouattara.<\/span><\/p>\n<p style=\"text-align: justify;\"><span style=\"font-family: verdana, geneva, sans-serif;\">L\u2019ensemble des parties prenantes locales interpelle, toutefois, sur le d\u00e9fi que repr\u00e9sente la cogestion pour ces deux structures si diff\u00e9rentes, surtout dans un contexte social local qui porte encore les stigmates douloureux des violents d\u00e9guerpissements des populations autochtones au profit du Parc national de Ta\u00ef (PNT), par les forces de l\u2019ordre. Se voulant rassurant, le chef secteur Ta\u00ef de l\u2019OIPR, Lieutenant Sindou Kon\u00e9, a engag\u00e9 son \u00e9quipe \u00e0 briser les barri\u00e8res de m\u00e9fiance pour instaurer la confiance et la symbiose favorables \u00e0 la pr\u00e9servation optimale de cette RNV, dont les b\u00e9n\u00e9fices divers sont en partie pour les populations riveraines, elles-m\u00eames, cogestionnaires d\u00e9sormais.<\/span><\/p>\n<p style=\"text-align: justify;\"><span style=\"font-family: verdana, geneva, sans-serif;\">Entre autres avantages du concept de gestion participative, il y a une plus grande implication des riverains dans les prises de d\u00e9cision de fa\u00e7on coll\u00e9giale et inclusive, une visibilit\u00e9 accrue de la RNV, gr\u00e2ce aux diverses structures d\u2019appui et une contribution au d\u00e9veloppement local via des emplois, la captation de fonds et l\u2019\u00e9cotourisme. Ce mode de gestion pr\u00e9voit divers appuis financiers et institutionnels aux gestionnaires de la part du Fonds pour la pr\u00e9servation de la biodiversit\u00e9 en C\u00f4te d\u2019Ivoire (FPRCI), des collectivit\u00e9s locales, du Centre suisse de recherches scientifiques (CSRS) et du MINEDDTE.<\/span><\/p>\n<p style=\"text-align: justify;\"><span style=\"font-family: verdana, geneva, sans-serif;\">Contigu du Parc National de Ta\u00ef, le Corridor \u00e9cologique le relie \u00e0 l\u2019ensemble du complexe forestier Grebo-Krhan-Sapo du Liberia, pour favoriser, \u00e0 terme, la mixit\u00e9 g\u00e9n\u00e9tique essentielle \u00e0 la conservation des esp\u00e8ces animales et v\u00e9g\u00e9tales des diff\u00e9rentes aires prot\u00e9g\u00e9es du complexe.<\/span><\/p>\n","protected":false},"excerpt":{"rendered":"<p>L\u2019Unit\u00e9 d\u2019ex\u00e9cution du projet (UEP) du Corridor \u00e9cologique de Ta\u00ef a tenu, du lundi 14 au vendredi 18 juillet 2025, des ateliers au cours desquels, les parties prenantes locales se [&hellip;]<\/p>\n","protected":false},"author":1,"featured_media":6663,"comment_status":"closed","ping_status":"closed","sticky":false,"template":"","format":"standard","meta":{"_lmt_disableupdate":"no","_lmt_disable":"","pgc_sgb_lightbox_settings":""},"categories":[58],"tags":[],"post_folder":[],"modified_by":"MINEDD","_links":{"self":[{"href":"https:\/\/did-dev.net\/mineddte\/wp-json\/wp\/v2\/posts\/6662"}],"collection":[{"href":"https:\/\/did-dev.net\/mineddte\/wp-json\/wp\/v2\/posts"}],"about":[{"href":"https:\/\/did-dev.net\/mineddte\/wp-json\/wp\/v2\/types\/post"}],"author":[{"embeddable":true,"href":"https:\/\/did-dev.net\/mineddte\/wp-json\/wp\/v2\/users\/1"}],"replies":[{"embeddable":true,"href":"https:\/\/did-dev.net\/mineddte\/wp-json\/wp\/v2\/comments?post=6662"}],"version-history":[{"count":1,"href":"https:\/\/did-dev.net\/mineddte\/wp-json\/wp\/v2\/posts\/6662\/revisions"}],"predecessor-version":[{"id":6668,"href":"https:\/\/did-dev.net\/mineddte\/wp-json\/wp\/v2\/posts\/6662\/revisions\/6668"}],"wp:featuredmedia":[{"embeddable":true,"href":"https:\/\/did-dev.net\/mineddte\/wp-json\/wp\/v2\/media\/6663"}],"wp:attachment":[{"href":"https:\/\/did-dev.net\/mineddte\/wp-json\/wp\/v2\/media?parent=6662"}],"wp:term":[{"taxonomy":"category","embeddable":true,"href":"https:\/\/did-dev.net\/mineddte\/wp-json\/wp\/v2\/categories?post=6662"},{"taxonomy":"post_tag","embeddable":true,"href":"https:\/\/did-dev.net\/mineddte\/wp-json\/wp\/v2\/tags?post=6662"},{"taxonomy":"post_folder","embeddable":true,"href":"https:\/\/did-dev.net\/mineddte\/wp-json\/wp\/v2\/post_folder?post=6662"}],"curies":[{"name":"wp","href":"https:\/\/api.w.org\/{rel}","templated":true}]}}