{"id":6661,"date":"2025-08-01T11:00:12","date_gmt":"2025-08-01T11:00:12","guid":{"rendered":"https:\/\/did-dev.net\/mineddte\/?p=6661"},"modified":"2025-08-05T11:07:29","modified_gmt":"2025-08-05T11:07:29","slug":"integration-locale-des-odd-le-ministere-de-lenvironnement-sensibilise-la-ville-dakoupe","status":"publish","type":"post","link":"https:\/\/did-dev.net\/mineddte\/integration-locale-des-odd-le-ministere-de-lenvironnement-sensibilise-la-ville-dakoupe\/","title":{"rendered":"INTEGRATION LOCALE DES ODD : LE MINISTERE DE L\u2019ENVIRONNEMENT SENSIBILISE LA VILLE D\u2019AKOUPE"},"content":{"rendered":"<div class=\"xdj266r x14z9mp xat24cr x1lziwak x1vvkbs x126k92a\">\n<p style=\"text-align: justify;\"><span style=\"font-family: verdana, geneva, sans-serif;\"><img decoding=\"async\" loading=\"lazy\" class=\"alignnone size-full wp-image-6664\" src=\"https:\/\/did-dev.net\/mineddte\/wp-content\/uploads\/2025\/08\/ODD-AKOUPE-01-scaled.jpg\" alt=\"\" width=\"2560\" height=\"1003\" srcset=\"https:\/\/did-dev.net\/mineddte\/wp-content\/uploads\/2025\/08\/ODD-AKOUPE-01-scaled.jpg 2560w, https:\/\/did-dev.net\/mineddte\/wp-content\/uploads\/2025\/08\/ODD-AKOUPE-01-262x103.jpg 262w, https:\/\/did-dev.net\/mineddte\/wp-content\/uploads\/2025\/08\/ODD-AKOUPE-01-847x332.jpg 847w, https:\/\/did-dev.net\/mineddte\/wp-content\/uploads\/2025\/08\/ODD-AKOUPE-01-100x39.jpg 100w, https:\/\/did-dev.net\/mineddte\/wp-content\/uploads\/2025\/08\/ODD-AKOUPE-01-1536x602.jpg 1536w, https:\/\/did-dev.net\/mineddte\/wp-content\/uploads\/2025\/08\/ODD-AKOUPE-01-2048x803.jpg 2048w\" sizes=\"(max-width: 2560px) 100vw, 2560px\" \/>Dans le cadre de la strat\u00e9gie nationale de mise en \u0153uvre de l\u2019Agenda 2030, le Minist\u00e8re de l\u2019Environnement, du D\u00e9veloppement Durable et de la Transition \u00c9cologique, \u00e0 travers la Direction des Politiques et Strat\u00e9gies de D\u00e9veloppement Durable (DPSDD), poursuit ses efforts pour ancrer les Objectifs de D\u00e9veloppement Durable (ODD) dans les politiques et strat\u00e9gies des collectivit\u00e9s locales.<\/span><\/p>\n<p style=\"text-align: justify;\"><span style=\"font-family: verdana, geneva, sans-serif;\">Le jeudi 31 juillet 2025, la ville d\u2019Akoup\u00e9 a accueilli un atelier de renforcement des capacit\u00e9s des acteurs locaux. Cette \u00e9tape visait \u00e0 doter les collectivit\u00e9s territoriales d\u2019outils concrets pour traduire les engagements nationaux en actions durables au niveau local.<\/span><\/p>\n<p style=\"text-align: justify;\"><span style=\"font-family: verdana, geneva, sans-serif;\">Cette rencontre a permis de sensibiliser les participants aux enjeux du d\u00e9veloppement durable, de renforcer leur compr\u00e9hension des politiques en vigueur, d&#8217;identifier les instruments de planification pertinents et d&#8217;expliquer le processus d\u2019int\u00e9gration des ODD dans les plans de d\u00e9veloppement locaux.<\/span><\/p>\n<p style=\"text-align: justify;\"><span style=\"font-family: verdana, geneva, sans-serif;\">Pr\u00e9sidant la c\u00e9r\u00e9monie d&#8217;ouverture, le Pr\u00e9fet du d\u00e9partement d\u2019Akoup\u00e9, Godezth Kokora Patrice-Antoine, a soulign\u00e9 l&#8217;importance d&#8217;impliquer les populations dans les politiques de d\u00e9veloppement. Selon lui, la participation citoyenne permet de prendre en compte les besoins, les attentes et les connaissances locales. \u00ab En associant diff\u00e9rents acteurs, on enrichit la r\u00e9flexion et on trouve des solutions plus adapt\u00e9es aux r\u00e9alit\u00e9s du terrain \u00bb a-t-il d\u00e9clar\u00e9, ajoutant que la participation active favorise une meilleure compr\u00e9hension des enjeux, encourage des changements de comportement et responsabilise les habitants. Il a salu\u00e9 l\u2019initiative de la DPSDD, qu\u2019il a qualifi\u00e9 de catalyseur pour la transformation locale.<\/span><\/p>\n<p style=\"text-align: justify;\"><span style=\"font-family: verdana, geneva, sans-serif;\">Mme Yapo Rachelle, Directrice de la DPSDD, a d\u00e9livr\u00e9 un message clair : \u00ab on ne doit laisser personne de c\u00f4t\u00e9 \u00bb. Elle a insist\u00e9 sur la n\u00e9cessit\u00e9 de mobiliser des financements ad\u00e9quats et cibl\u00e9s pour assurer une int\u00e9gration effective des ODD dans les plans locaux de d\u00e9veloppement.<\/span><\/p>\n<p style=\"text-align: justify;\"><span style=\"font-family: verdana, geneva, sans-serif;\">L&#8217;\u00e9v\u00e9nement a \u00e9t\u00e9 marqu\u00e9 par plusieurs interventions d&#8217;experts \u00e0 travers des pr\u00e9sentations qui visaient \u00e0 doter la population des outils n\u00e9cessaires pour la mise en \u0153uvre des ODD.<\/span><\/p>\n<p style=\"text-align: justify;\"><span style=\"font-family: verdana, geneva, sans-serif;\">L\u2019atelier a rassembl\u00e9 un large \u00e9ventail de participants dont les autorit\u00e9s administratives, les repr\u00e9sentants des minist\u00e8res techniques, la chefferie, les guides religieux, les ONG, et les associations de jeunes et de femmes.<\/span><\/p>\n<p style=\"text-align: justify;\"><span style=\"font-family: verdana, geneva, sans-serif;\">En novembre 2024, une campagne de sensibilisation similaire avait d\u00e9j\u00e0 eu lieu dans plusieurs communes du pays. Ces efforts r\u00e9pondent \u00e0 l\u2019appel de la D\u00e9cennie d\u2019Action (2020-2030) des Nations Unies, qui encourage les \u00c9tats \u00e0 acc\u00e9l\u00e9rer la mise en \u0153uvre des ODD pour atteindre les cibles fix\u00e9es d&#8217;ici 2030.<\/span><\/p>\n<\/div>\n","protected":false},"excerpt":{"rendered":"<p>Dans le cadre de la strat\u00e9gie nationale de mise en \u0153uvre de l\u2019Agenda 2030, le Minist\u00e8re de l\u2019Environnement, du D\u00e9veloppement Durable et de la Transition \u00c9cologique, \u00e0 travers la Direction [&hellip;]<\/p>\n","protected":false},"author":1,"featured_media":6664,"comment_status":"closed","ping_status":"closed","sticky":false,"template":"","format":"standard","meta":{"_lmt_disableupdate":"no","_lmt_disable":"","pgc_sgb_lightbox_settings":""},"categories":[58],"tags":[],"post_folder":[],"modified_by":"MINEDD","_links":{"self":[{"href":"https:\/\/did-dev.net\/mineddte\/wp-json\/wp\/v2\/posts\/6661"}],"collection":[{"href":"https:\/\/did-dev.net\/mineddte\/wp-json\/wp\/v2\/posts"}],"about":[{"href":"https:\/\/did-dev.net\/mineddte\/wp-json\/wp\/v2\/types\/post"}],"author":[{"embeddable":true,"href":"https:\/\/did-dev.net\/mineddte\/wp-json\/wp\/v2\/users\/1"}],"replies":[{"embeddable":true,"href":"https:\/\/did-dev.net\/mineddte\/wp-json\/wp\/v2\/comments?post=6661"}],"version-history":[{"count":1,"href":"https:\/\/did-dev.net\/mineddte\/wp-json\/wp\/v2\/posts\/6661\/revisions"}],"predecessor-version":[{"id":6669,"href":"https:\/\/did-dev.net\/mineddte\/wp-json\/wp\/v2\/posts\/6661\/revisions\/6669"}],"wp:featuredmedia":[{"embeddable":true,"href":"https:\/\/did-dev.net\/mineddte\/wp-json\/wp\/v2\/media\/6664"}],"wp:attachment":[{"href":"https:\/\/did-dev.net\/mineddte\/wp-json\/wp\/v2\/media?parent=6661"}],"wp:term":[{"taxonomy":"category","embeddable":true,"href":"https:\/\/did-dev.net\/mineddte\/wp-json\/wp\/v2\/categories?post=6661"},{"taxonomy":"post_tag","embeddable":true,"href":"https:\/\/did-dev.net\/mineddte\/wp-json\/wp\/v2\/tags?post=6661"},{"taxonomy":"post_folder","embeddable":true,"href":"https:\/\/did-dev.net\/mineddte\/wp-json\/wp\/v2\/post_folder?post=6661"}],"curies":[{"name":"wp","href":"https:\/\/api.w.org\/{rel}","templated":true}]}}