{"id":6660,"date":"2025-07-25T11:09:32","date_gmt":"2025-07-25T11:09:32","guid":{"rendered":"https:\/\/did-dev.net\/mineddte\/?p=6660"},"modified":"2025-08-05T11:14:11","modified_gmt":"2025-08-05T11:14:11","slug":"incidents-environnementaux-la-cote-divoire-se-dote-dune-plateforme-numerique-de-signalement","status":"publish","type":"post","link":"https:\/\/did-dev.net\/mineddte\/incidents-environnementaux-la-cote-divoire-se-dote-dune-plateforme-numerique-de-signalement\/","title":{"rendered":"INCIDENTS ENVIRONNEMENTAUX : LA COTE D&#8217;IVOIRE SE DOTE D\u2019UNE PLATEFORME NUMERIQUE DE SIGNALEMENT"},"content":{"rendered":"<div class=\"xdj266r x14z9mp xat24cr x1lziwak x1vvkbs x126k92a\">\n<p style=\"text-align: justify;\"><span style=\"font-family: verdana, geneva, sans-serif;\"><img decoding=\"async\" loading=\"lazy\" class=\"alignnone size-full wp-image-6666\" src=\"https:\/\/did-dev.net\/mineddte\/wp-content\/uploads\/2025\/08\/SRIE-01-scaled.jpg\" alt=\"\" width=\"2560\" height=\"1003\" srcset=\"https:\/\/did-dev.net\/mineddte\/wp-content\/uploads\/2025\/08\/SRIE-01-scaled.jpg 2560w, https:\/\/did-dev.net\/mineddte\/wp-content\/uploads\/2025\/08\/SRIE-01-262x103.jpg 262w, https:\/\/did-dev.net\/mineddte\/wp-content\/uploads\/2025\/08\/SRIE-01-847x332.jpg 847w, https:\/\/did-dev.net\/mineddte\/wp-content\/uploads\/2025\/08\/SRIE-01-100x39.jpg 100w, https:\/\/did-dev.net\/mineddte\/wp-content\/uploads\/2025\/08\/SRIE-01-1536x602.jpg 1536w, https:\/\/did-dev.net\/mineddte\/wp-content\/uploads\/2025\/08\/SRIE-01-2048x803.jpg 2048w\" sizes=\"(max-width: 2560px) 100vw, 2560px\" \/>Le Minist\u00e8re de l\u2019Environnement, du D\u00e9veloppement Durable et de la Transition \u00c9cologique a lanc\u00e9 officiellement la plateforme du Syst\u00e8me de Remont\u00e9e des Incidents Environnementaux (SRIE), lors d\u2019une c\u00e9r\u00e9monie tenue \u00e0 Abidjan, le 24 juillet 2025. C\u2019\u00e9tait en pr\u00e9sence des repr\u00e9sentants de l\u2019administration, des collectivit\u00e9s territoriales, des partenaires techniques, des experts du secteur et de la soci\u00e9t\u00e9 civile.<\/span><\/p>\n<p style=\"text-align: justify;\"><span style=\"font-family: verdana, geneva, sans-serif;\">Cet outil num\u00e9rique permettra aux citoyens de signaler en temps r\u00e9el tout incident environnemental li\u00e9 \u00e0 la pollution, aux d\u00e9versements de produit dangereux, aux incendies, \u00e0 la d\u00e9forestation, \u00e0 l\u2019\u00e9rosion, aux d\u00e9chets abandonn\u00e9s, aux nuisances sonores et toutes autres atteintes au cadre de vie. Il repr\u00e9sente, \u00e0 cet \u00e9gard, un syst\u00e8me d\u2019alerte au c\u0153ur des priorit\u00e9s nationales en mati\u00e8re de veille environnementale, \u00e0 en croire le Conseiller Technique KOUADIO Georges, repr\u00e9sentant le Ministre Assahor\u00e9 Konan Jacques lors du lancement.<\/span><\/p>\n<p style=\"text-align: justify;\"><span style=\"font-family: verdana, geneva, sans-serif;\">\u00ab Le SRIE est une r\u00e9ponse concr\u00e8te \u00e0 l\u2019urgence d\u2019agir, \u00e0 l\u2019imp\u00e9ratif de mieux \u00e9couter les populations et de renforcer la vigilance collective face aux multiples menaces environnementales \u00bb, a affirm\u00e9 Professeur KOUADIO Georges.<\/span><\/p>\n<p style=\"text-align: justify;\"><span style=\"font-family: verdana, geneva, sans-serif;\">D\u00e9ploy\u00e9 dans le cadre de la digitalisation des services publics, le SRIE vise \u00e9galement \u00e0 am\u00e9liorer la coordination entre les structures techniques impliqu\u00e9es dans la gestion des alertes environnementales et \u00e0 offrir une plus grande transparence sur les actions men\u00e9es.<\/span><\/p>\n<p style=\"text-align: justify;\"><span style=\"font-family: verdana, geneva, sans-serif;\">\u00ab Cet outil traduit l\u2019ambition du Minist\u00e8re de b\u00e2tir une gouvernance environnementale moderne, fond\u00e9e sur l\u2019inclusion, l\u2019innovation et la redevabilit\u00e9 \u00bb, a soulign\u00e9 le repr\u00e9sentant du Ministre, saluant l\u2019engagement des \u00e9quipes et l\u2019appui des partenaires.<\/span><\/p>\n<p style=\"text-align: justify;\"><span style=\"font-family: verdana, geneva, sans-serif;\">Le Coordonnateur du SRIE, M. Jean-Yves Kouacou, Directeur de l\u2019Informatique et de la Documentation, a quant \u00e0 lui soulign\u00e9 que le SRIE repr\u00e9sente \u00ab un levier op\u00e9rationnel essentiel pour anticiper, recenser et r\u00e9pondre efficacement aux incidents environnementaux sur tout le territoire. \u00bb<\/span><\/p>\n<p style=\"text-align: justify;\"><span style=\"font-family: verdana, geneva, sans-serif;\">Un panel d\u2019experts a permis d\u2019approfondir les enjeux li\u00e9s \u00e0 la digitalisation de l\u2019action environnementale, autour du th\u00e8me \u00ab Environnement et digitalisation : comment le SRIE contribue \u00e0 l\u2019am\u00e9lioration de la gestion des incidents environnementaux ? \u00bb<\/span><\/p>\n<p style=\"text-align: justify;\"><span style=\"font-family: verdana, geneva, sans-serif;\">La C\u00f4te d\u2019Ivoire franchit une \u00e9tape importante dans la gouvernance environnementale, en pla\u00e7ant les citoyens au c\u0153ur de l\u2019alerte avec le SRIE.<\/span><\/p>\n<\/div>\n","protected":false},"excerpt":{"rendered":"<p>Le Minist\u00e8re de l\u2019Environnement, du D\u00e9veloppement Durable et de la Transition \u00c9cologique a lanc\u00e9 officiellement la plateforme du Syst\u00e8me de Remont\u00e9e des Incidents Environnementaux (SRIE), lors d\u2019une c\u00e9r\u00e9monie tenue \u00e0 [&hellip;]<\/p>\n","protected":false},"author":1,"featured_media":6666,"comment_status":"closed","ping_status":"closed","sticky":false,"template":"","format":"standard","meta":{"_lmt_disableupdate":"no","_lmt_disable":"","pgc_sgb_lightbox_settings":""},"categories":[58],"tags":[],"post_folder":[],"modified_by":"MINEDD","_links":{"self":[{"href":"https:\/\/did-dev.net\/mineddte\/wp-json\/wp\/v2\/posts\/6660"}],"collection":[{"href":"https:\/\/did-dev.net\/mineddte\/wp-json\/wp\/v2\/posts"}],"about":[{"href":"https:\/\/did-dev.net\/mineddte\/wp-json\/wp\/v2\/types\/post"}],"author":[{"embeddable":true,"href":"https:\/\/did-dev.net\/mineddte\/wp-json\/wp\/v2\/users\/1"}],"replies":[{"embeddable":true,"href":"https:\/\/did-dev.net\/mineddte\/wp-json\/wp\/v2\/comments?post=6660"}],"version-history":[{"count":1,"href":"https:\/\/did-dev.net\/mineddte\/wp-json\/wp\/v2\/posts\/6660\/revisions"}],"predecessor-version":[{"id":6671,"href":"https:\/\/did-dev.net\/mineddte\/wp-json\/wp\/v2\/posts\/6660\/revisions\/6671"}],"wp:featuredmedia":[{"embeddable":true,"href":"https:\/\/did-dev.net\/mineddte\/wp-json\/wp\/v2\/media\/6666"}],"wp:attachment":[{"href":"https:\/\/did-dev.net\/mineddte\/wp-json\/wp\/v2\/media?parent=6660"}],"wp:term":[{"taxonomy":"category","embeddable":true,"href":"https:\/\/did-dev.net\/mineddte\/wp-json\/wp\/v2\/categories?post=6660"},{"taxonomy":"post_tag","embeddable":true,"href":"https:\/\/did-dev.net\/mineddte\/wp-json\/wp\/v2\/tags?post=6660"},{"taxonomy":"post_folder","embeddable":true,"href":"https:\/\/did-dev.net\/mineddte\/wp-json\/wp\/v2\/post_folder?post=6660"}],"curies":[{"name":"wp","href":"https:\/\/api.w.org\/{rel}","templated":true}]}}