{"id":6653,"date":"2025-07-15T16:19:28","date_gmt":"2025-07-15T16:19:28","guid":{"rendered":"https:\/\/did-dev.net\/mineddte\/?p=6653"},"modified":"2025-07-18T10:55:05","modified_gmt":"2025-07-18T10:55:05","slug":"economie-verte-50-pme-feminines-formees-a-lentrepreneuriat-durable","status":"publish","type":"post","link":"https:\/\/did-dev.net\/mineddte\/economie-verte-50-pme-feminines-formees-a-lentrepreneuriat-durable\/","title":{"rendered":"ECONOMIE VERTE : 50 PME F\u00c9MININES FORM\u00c9ES \u00c0 L\u2019ENTREPRENEURIAT DURABLE"},"content":{"rendered":"<div class=\"xdj266r x14z9mp xat24cr x1lziwak x1vvkbs x126k92a\"><\/div>\n<div class=\"x14z9mp xat24cr x1lziwak x1vvkbs xtlvy1s x126k92a\" style=\"text-align: justify;\">\n<div dir=\"auto\"><span style=\"font-family: verdana, geneva, sans-serif;\"><img decoding=\"async\" loading=\"lazy\" class=\"alignnone size-full wp-image-6654\" src=\"https:\/\/did-dev.net\/mineddte\/wp-content\/uploads\/2025\/07\/520272849_1863199787854169_2311941472382774375_n-e1752835991516.jpg\" alt=\"\" width=\"2048\" height=\"803\" srcset=\"https:\/\/did-dev.net\/mineddte\/wp-content\/uploads\/2025\/07\/520272849_1863199787854169_2311941472382774375_n-e1752835991516.jpg 2048w, https:\/\/did-dev.net\/mineddte\/wp-content\/uploads\/2025\/07\/520272849_1863199787854169_2311941472382774375_n-e1752835991516-262x103.jpg 262w, https:\/\/did-dev.net\/mineddte\/wp-content\/uploads\/2025\/07\/520272849_1863199787854169_2311941472382774375_n-e1752835991516-847x332.jpg 847w, https:\/\/did-dev.net\/mineddte\/wp-content\/uploads\/2025\/07\/520272849_1863199787854169_2311941472382774375_n-e1752835991516-100x39.jpg 100w, https:\/\/did-dev.net\/mineddte\/wp-content\/uploads\/2025\/07\/520272849_1863199787854169_2311941472382774375_n-e1752835991516-1536x602.jpg 1536w\" sizes=\"(max-width: 2048px) 100vw, 2048px\" \/>Dans le cadre du Programme d\u2019Appui \u00e0 l\u2019Am\u00e9lioration du Climat des Affaires (PACA-CI), co-financ\u00e9 par l\u2019\u00c9tat de C\u00f4te d\u2019Ivoire et la Banque Africaine de D\u00e9veloppement (BAD), un atelier de renforcement des capacit\u00e9s des PME f\u00e9minines \u00ab vertes \u00bb s\u2019est ouvert \u00e0 Abidjan, le mardi 15 juillet 2025. L\u2019activit\u00e9 a r\u00e9uni 50 entrepreneures engag\u00e9es dans les secteurs des \u00e9nergies renouvelables, de l\u2019agriculture durable, du recyclage et de la construction \u00e9cologique.<\/span><\/div>\n<div dir=\"auto\"><\/div>\n<\/div>\n<div class=\"x14z9mp xat24cr x1lziwak x1vvkbs xtlvy1s x126k92a\" style=\"text-align: justify;\">\n<div dir=\"auto\"><span style=\"font-family: verdana, geneva, sans-serif;\">La c\u00e9r\u00e9monie d\u2019ouverture a \u00e9t\u00e9 pr\u00e9sid\u00e9e par M. Parfait KOUADIO, Directeur de Cabinet au Minist\u00e8re de l\u2019Environnement, du D\u00e9veloppement Durable et de la Transition \u00c9cologique (MINEDDTE), repr\u00e9sentant le Ministre Assahor\u00e9 Konan Jacques. Dans son intervention, il a soulign\u00e9 le lien entre environnement, r\u00e9silience \u00e9conomique et inclusion des femmes dans la transformation structurelle du pays.<\/span><\/div>\n<div dir=\"auto\"><\/div>\n<\/div>\n<div class=\"x14z9mp xat24cr x1lziwak x1vvkbs xtlvy1s x126k92a\" style=\"text-align: justify;\">\n<div dir=\"auto\"><span style=\"font-family: verdana, geneva, sans-serif;\">\u00ab Aucun secteur, public comme priv\u00e9, n\u2019est \u00e9pargn\u00e9 par les effets du changement climatique \u00bb, a-t-il d\u00e9clar\u00e9, appelant \u00e0 une mobilisation en faveur des PME dirig\u00e9es par les femmes.<\/span><\/div>\n<div dir=\"auto\"><\/div>\n<\/div>\n<div class=\"x14z9mp xat24cr x1lziwak x1vvkbs xtlvy1s x126k92a\" style=\"text-align: justify;\">\n<div dir=\"auto\"><span style=\"font-family: verdana, geneva, sans-serif;\">\u00c0 ses c\u00f4t\u00e9s, le Coordonnateur du PACA-CI, M. N\u2019da Mougo KOMENAN, a mis en avant l\u2019approche globale du programme, qui allie \u00e9galit\u00e9 de genre, croissance verte et innovation \u00e9conomique : \u00ab Il ne s\u2019agit pas simplement de former, il s\u2019agit de b\u00e2tir un \u00e9cosyst\u00e8me durable o\u00f9 chaque femme entrepreneure a les moyens d\u2019agir, de cro\u00eetre et d\u2019impacter \u00bb.<\/span><\/div>\n<div dir=\"auto\"><\/div>\n<\/div>\n<div class=\"x14z9mp xat24cr x1lziwak x1vvkbs xtlvy1s x126k92a\" style=\"text-align: justify;\">\n<div dir=\"auto\"><span style=\"font-family: verdana, geneva, sans-serif;\">Aussi, a-t-il expliqu\u00e9 que le PACA-CI accompagne les PME f\u00e9minines sur toute la cha\u00eene de valeur, notamment, le renforcement des comp\u00e9tences, l\u2019acc\u00e8s au financement, la structuration, l\u2019int\u00e9gration aux march\u00e9s, la gouvernance d\u2019entreprise, la litt\u00e9ratie financi\u00e8re et la gestion des risques climatiques.<\/span><\/div>\n<div dir=\"auto\"><\/div>\n<\/div>\n<div class=\"x14z9mp xat24cr x1lziwak x1vvkbs xtlvy1s x126k92a\" style=\"text-align: justify;\">\n<div dir=\"auto\"><span style=\"font-family: verdana, geneva, sans-serif;\">Rappelons que l\u2019atelier se d\u00e9roule sur quatre jours et est port\u00e9 par le projet Green Hubs &#8211; Femmes et Jeunes Entrepreneurs. Il permettra aux participantes de se familiariser \u00e0 des modules li\u00e9s \u00e0 l\u2019\u00e9laboration de plans d\u2019investissement vert, aux opportunit\u00e9s de financement vert, ainsi qu\u2019\u00e0 l\u2019innovation durable.<\/span><\/div>\n<div dir=\"auto\"><\/div>\n<\/div>\n<div class=\"x14z9mp xat24cr x1lziwak x1vvkbs xtlvy1s x126k92a\">\n<div dir=\"auto\" style=\"text-align: justify;\"><span style=\"font-family: verdana, geneva, sans-serif;\">\u00c0 terme, ces femmes engag\u00e9es b\u00e9n\u00e9ficieront d\u2019un partage d\u2019exp\u00e9riences et de sessions pratiques visant \u00e0 favoriser leur insertion dans des \u00e9cosyst\u00e8mes d\u2019affaires dynamiques, tout en consolidant leur leadership dans des secteurs \u00e0 fort potentiel de transformation.<\/span><\/div>\n<\/div>\n","protected":false},"excerpt":{"rendered":"<p>Dans le cadre du Programme d\u2019Appui \u00e0 l\u2019Am\u00e9lioration du Climat des Affaires (PACA-CI), co-financ\u00e9 par l\u2019\u00c9tat de C\u00f4te d\u2019Ivoire et la Banque Africaine de D\u00e9veloppement (BAD), un atelier de renforcement [&hellip;]<\/p>\n","protected":false},"author":1,"featured_media":6654,"comment_status":"closed","ping_status":"closed","sticky":false,"template":"","format":"standard","meta":{"_lmt_disableupdate":"no","_lmt_disable":"","pgc_sgb_lightbox_settings":""},"categories":[58],"tags":[],"post_folder":[],"modified_by":"MINEDD","_links":{"self":[{"href":"https:\/\/did-dev.net\/mineddte\/wp-json\/wp\/v2\/posts\/6653"}],"collection":[{"href":"https:\/\/did-dev.net\/mineddte\/wp-json\/wp\/v2\/posts"}],"about":[{"href":"https:\/\/did-dev.net\/mineddte\/wp-json\/wp\/v2\/types\/post"}],"author":[{"embeddable":true,"href":"https:\/\/did-dev.net\/mineddte\/wp-json\/wp\/v2\/users\/1"}],"replies":[{"embeddable":true,"href":"https:\/\/did-dev.net\/mineddte\/wp-json\/wp\/v2\/comments?post=6653"}],"version-history":[{"count":2,"href":"https:\/\/did-dev.net\/mineddte\/wp-json\/wp\/v2\/posts\/6653\/revisions"}],"predecessor-version":[{"id":6656,"href":"https:\/\/did-dev.net\/mineddte\/wp-json\/wp\/v2\/posts\/6653\/revisions\/6656"}],"wp:featuredmedia":[{"embeddable":true,"href":"https:\/\/did-dev.net\/mineddte\/wp-json\/wp\/v2\/media\/6654"}],"wp:attachment":[{"href":"https:\/\/did-dev.net\/mineddte\/wp-json\/wp\/v2\/media?parent=6653"}],"wp:term":[{"taxonomy":"category","embeddable":true,"href":"https:\/\/did-dev.net\/mineddte\/wp-json\/wp\/v2\/categories?post=6653"},{"taxonomy":"post_tag","embeddable":true,"href":"https:\/\/did-dev.net\/mineddte\/wp-json\/wp\/v2\/tags?post=6653"},{"taxonomy":"post_folder","embeddable":true,"href":"https:\/\/did-dev.net\/mineddte\/wp-json\/wp\/v2\/post_folder?post=6653"}],"curies":[{"name":"wp","href":"https:\/\/api.w.org\/{rel}","templated":true}]}}