{"id":6650,"date":"2025-07-17T10:01:17","date_gmt":"2025-07-17T10:01:17","guid":{"rendered":"https:\/\/did-dev.net\/mineddte\/?p=6650"},"modified":"2025-07-18T10:17:37","modified_gmt":"2025-07-18T10:17:37","slug":"20e-session-ordinaire-de-la-cmae-le-ministre-assahore-preside-la-reunion-de-bureau-et-la-ceremonie-douverture","status":"publish","type":"post","link":"https:\/\/did-dev.net\/mineddte\/20e-session-ordinaire-de-la-cmae-le-ministre-assahore-preside-la-reunion-de-bureau-et-la-ceremonie-douverture\/","title":{"rendered":"20E SESSION ORDINAIRE DE LA CMAE : LE MINISTRE ASSAHOR\u00c9 PR\u00c9SIDE LA R\u00c9UNION DE BUREAU ET LA C\u00c9R\u00c9MONIE D\u2019OUVERTURE"},"content":{"rendered":"<div class=\"xdj266r x14z9mp xat24cr x1lziwak x1vvkbs x126k92a\" style=\"text-align: justify;\">\u00a0<\/div>\n<div class=\"x14z9mp xat24cr x1lziwak x1vvkbs xtlvy1s x126k92a\" style=\"text-align: justify;\">\n<div dir=\"auto\"><span style=\"font-family: verdana, geneva, sans-serif;\"><img decoding=\"async\" loading=\"lazy\" class=\"alignnone size-full wp-image-6651\" src=\"https:\/\/did-dev.net\/mineddte\/wp-content\/uploads\/2025\/07\/518633262_1864807911026690_1032034438379169465_n-e1752833771662.jpg\" alt=\"\" width=\"1600\" height=\"628\" srcset=\"https:\/\/did-dev.net\/mineddte\/wp-content\/uploads\/2025\/07\/518633262_1864807911026690_1032034438379169465_n-e1752833771662.jpg 1600w, https:\/\/did-dev.net\/mineddte\/wp-content\/uploads\/2025\/07\/518633262_1864807911026690_1032034438379169465_n-e1752833771662-262x103.jpg 262w, https:\/\/did-dev.net\/mineddte\/wp-content\/uploads\/2025\/07\/518633262_1864807911026690_1032034438379169465_n-e1752833771662-847x332.jpg 847w, https:\/\/did-dev.net\/mineddte\/wp-content\/uploads\/2025\/07\/518633262_1864807911026690_1032034438379169465_n-e1752833771662-100x39.jpg 100w, https:\/\/did-dev.net\/mineddte\/wp-content\/uploads\/2025\/07\/518633262_1864807911026690_1032034438379169465_n-e1752833771662-1536x603.jpg 1536w\" sizes=\"(max-width: 1600px) 100vw, 1600px\" \/>La 20e session de la Conf\u00e9rence des Ministres Africains de l\u2019Environnement (CMAE) s\u2019est ouverte, le mercredi 16 juillet 2025, \u00e0 Nairobi, au Kenya, sous le th\u00e8me : \u00ab Quatre d\u00e9cennies d\u2019action environnementale en Afrique : retour sur le pass\u00e9 et vision de l\u2019avenir \u00bb.<\/span><\/div>\n<div dir=\"auto\">\u00a0<\/div>\n<\/div>\n<div class=\"x14z9mp xat24cr x1lziwak x1vvkbs xtlvy1s x126k92a\" style=\"text-align: justify;\">\n<div dir=\"auto\"><span style=\"font-family: verdana, geneva, sans-serif;\">Pr\u00e9sid\u00e9e par le Ministre de l\u2019Environnement, du D\u00e9veloppement Durable et de la Transition \u00c9cologique, M. Assahor\u00e9 Konan Jacques, en qualit\u00e9 de vice-pr\u00e9sident du bureau de la CMAE, cette \u00e9dition, organis\u00e9e par le Gouvernement de l\u2019\u00c9tat de Libye, marque \u00e9galement le 40\u1d49 anniversaire de cette instance majeure de coordination environnementale sur le continent que repr\u00e9sentante cette Conf\u00e9rence.<\/span><\/div>\n<div dir=\"auto\">\u00a0<\/div>\n<\/div>\n<div class=\"x14z9mp xat24cr x1lziwak x1vvkbs xtlvy1s x126k92a\" style=\"text-align: justify;\">\n<div dir=\"auto\"><span style=\"font-family: verdana, geneva, sans-serif;\">Le Ministre ivoirien a, lors de son allocution, invit\u00e9 l\u2019Afrique \u00e0 s\u2019int\u00e9resser davantage au march\u00e9 du carbone, qui, selon lui, est l\u2019un des leviers les plus structurants pour mobiliser des ressources nouvelles, autonomes et p\u00e9rennes au service de l\u2019action climatique en Afrique.<\/span><\/div>\n<div dir=\"auto\">\u00a0<\/div>\n<\/div>\n<div class=\"x14z9mp xat24cr x1lziwak x1vvkbs xtlvy1s x126k92a\" style=\"text-align: justify;\">\n<div dir=\"auto\"><span style=\"font-family: verdana, geneva, sans-serif;\">\u00ab Le continent africain regorge de potentiels de r\u00e9duction et de s\u00e9questration d\u2019\u00e9missions : for\u00eats, mangroves, savanes, pratiques agricoles sobres, \u00e9nergies renouvelables, etc. Tous ces actifs naturels et solutions locales peuvent \u00eatre valoris\u00e9s dans des projets g\u00e9n\u00e9rateurs de cr\u00e9dits carbone \u00bb, a-t-il expliqu\u00e9.<\/span><\/div>\n<div dir=\"auto\">\u00a0<\/div>\n<\/div>\n<div class=\"x14z9mp xat24cr x1lziwak x1vvkbs xtlvy1s x126k92a\" style=\"text-align: justify;\">\n<div dir=\"auto\"><span style=\"font-family: verdana, geneva, sans-serif;\">Cependant, malgr\u00e9 ces atouts, l\u2019Afrique peine \u00e0 tirer pleinement profit des opportunit\u00e9s offertes par le march\u00e9 du carbone. Dans les faits, tr\u00e8s peu de pays africains arrivent \u00e0 acc\u00e9der efficacement \u00e0 ces march\u00e9s, en raison de nombreuses barri\u00e8res techniques, institutionnelles ou \u00e9conomiques.<\/span><\/div>\n<div dir=\"auto\">\u00a0<\/div>\n<\/div>\n<div class=\"x14z9mp xat24cr x1lziwak x1vvkbs xtlvy1s x126k92a\" style=\"text-align: justify;\">\n<div dir=\"auto\"><span style=\"font-family: verdana, geneva, sans-serif;\">\u00ab Le sujet reste largement marginalis\u00e9 dans nos propres espaces politiques. Trop souvent, nos discussions sur le financement climatique restent centr\u00e9es sur les fonds publics, multilat\u00e9raux ou bilat\u00e9raux, qui sont \u00e0 la fois insuffisants, complexes d\u2019acc\u00e8s et soumis \u00e0 des conditionnalit\u00e9s restrictives. \u00bb, a-t-il ajout\u00e9.<\/span><\/div>\n<div dir=\"auto\">\u00a0<\/div>\n<\/div>\n<div class=\"x14z9mp xat24cr x1lziwak x1vvkbs xtlvy1s x126k92a\" style=\"text-align: justify;\">\n<div dir=\"auto\"><span style=\"font-family: verdana, geneva, sans-serif;\">Ce fut l\u2019occasion pour le ministre Assahor\u00e9 de partager l\u2019exp\u00e9rience de son pays. En effet, la C\u00f4te d\u2019Ivoire a r\u00e9cemment b\u00e9n\u00e9fici\u00e9 d\u2019un financement de 50 millions de dollars de la part de la Banque Mondiale, dans le cadre du Fonds de Partenariat pour le Carbone Forestier (FPCF), en reconnaissance de la r\u00e9duction de 7 millions de tonnes de CO\u2082 entre 2020 et 2021, dont 50% ont \u00e9t\u00e9 redistribu\u00e9s aux communaut\u00e9s locales impliqu\u00e9es dans des initiatives d\u2019agroforesterie.<\/span><\/div>\n<div dir=\"auto\">\u00a0<\/div>\n<\/div>\n<div class=\"x14z9mp xat24cr x1lziwak x1vvkbs xtlvy1s x126k92a\" style=\"text-align: justify;\">\n<div dir=\"auto\"><span style=\"font-family: verdana, geneva, sans-serif;\">Il exhort\u00e9 la CMAE \u00e0 faire du march\u00e9 du carbone l\u2019un des axes prioritaires de son action, notamment \u00e0 travers :<\/span><\/div>\n<div dir=\"auto\">\u00a0<\/div>\n<\/div>\n<div class=\"x14z9mp xat24cr x1lziwak x1vvkbs xtlvy1s x126k92a\" style=\"text-align: justify;\">\n<div dir=\"auto\"><span style=\"font-family: verdana, geneva, sans-serif;\">&#8211; \ud835\udc25\u2019\ud835\udc1e\u0301\ud835\udc25\ud835\udc1a\ud835\udc1b\ud835\udc28\ud835\udc2b\ud835\udc1a\ud835\udc2d\ud835\udc22\ud835\udc28\ud835\udc27 \ud835\udc1d\u2019\ud835\udc2e\ud835\udc27\ud835\udc1e \ud835\udc1f\ud835\udc1e\ud835\udc2e\ud835\udc22\ud835\udc25\ud835\udc25\ud835\udc1e \ud835\udc1d\ud835\udc1e \ud835\udc2b\ud835\udc28\ud835\udc2e\ud835\udc2d\ud835\udc1e \ud835\udc1a\ud835\udc1f\ud835\udc2b\ud835\udc22\ud835\udc1c\ud835\udc1a\ud835\udc22\ud835\udc27\ud835\udc1e \ud835\udc2c\ud835\udc2e\ud835\udc2b \ud835\udc25\ud835\udc1e \ud835\udc26\ud835\udc1a\ud835\udc2b\ud835\udc1c\ud835\udc21\ud835\udc1e\u0301 \ud835\udc1c\ud835\udc1a\ud835\udc2b\ud835\udc1b\ud835\udc28\ud835\udc27\ud835\udc1e, \ud835\udc1a\ud835\udc25\ud835\udc22\ud835\udc20\ud835\udc27\ud835\udc1e\u0301\ud835\udc1e \ud835\udc2c\ud835\udc2e\ud835\udc2b \ud835\udc25\u2019\ud835\udc00\ud835\udc2b\ud835\udc2d\ud835\udc22\ud835\udc1c\ud835\udc25\ud835\udc1e \ud835\udfd4 \ud835\udc1d\ud835\udc1e \ud835\udc25\u2019\ud835\udc00\ud835\udc1c\ud835\udc1c\ud835\udc28\ud835\udc2b\ud835\udc1d \ud835\udc1d\ud835\udc1e \ud835\udc0f\ud835\udc1a\ud835\udc2b\ud835\udc22\ud835\udc2c ;<\/span><\/div>\n<div dir=\"auto\"><span style=\"font-family: verdana, geneva, sans-serif;\">&#8211; \ud835\udc25\ud835\udc1a \ud835\udc1c\ud835\udc2b\ud835\udc1e\u0301\ud835\udc1a\ud835\udc2d\ud835\udc22\ud835\udc28\ud835\udc27 \ud835\udc1d\u2019\ud835\udc2e\ud835\udc27 \ud835\udc20\ud835\udc2b\ud835\udc28\ud835\udc2e\ud835\udc29\ud835\udc1e \ud835\udc1d\ud835\udc1e \ud835\udc2d\ud835\udc2b\ud835\udc1a\ud835\udc2f\ud835\udc1a\ud835\udc22\ud835\udc25 \ud835\udc26\ud835\udc22\ud835\udc27\ud835\udc22\ud835\udc2c\ud835\udc2d\ud835\udc1e\u0301\ud835\udc2b\ud835\udc22\ud835\udc1e\ud835\udc25 \ud835\udc1d\ud835\udc1e\u0301\ud835\udc1d\ud835\udc22\ud835\udc1e\u0301, \ud835\udc1a\ud835\udc1f\ud835\udc22\ud835\udc27 \ud835\udc1d\ud835\udc1e \ud835\udc29\ud835\udc1a\ud835\udc2b\ud835\udc2d\ud835\udc1a\ud835\udc20\ud835\udc1e\ud835\udc2b \ud835\udc1e\ud835\udc31\ud835\udc29\ud835\udc1e\ud835\udc2b\ud835\udc2d\ud835\udc22\ud835\udc2c\ud835\udc1e\ud835\udc2c, \ud835\udc22\ud835\udc27\ud835\udc22\ud835\udc2d\ud835\udc22\ud835\udc1a\ud835\udc2d\ud835\udc22\ud835\udc2f\ud835\udc1e\ud835\udc2c \ud835\udc1e\ud835\udc2d \ud835\udc1c\ud835\udc1a\ud835\udc1d\ud835\udc2b\ud835\udc1e\ud835\udc2c \ud835\udc2b\ud835\udc1e\u0301\ud835\udc20\ud835\udc25\ud835\udc1e\ud835\udc26\ud835\udc1e\ud835\udc27\ud835\udc2d\ud835\udc1a\ud835\udc22\ud835\udc2b\ud835\udc1e\ud835\udc2c ;<\/span><\/div>\n<div dir=\"auto\"><span style=\"font-family: verdana, geneva, sans-serif;\">&#8211; \ud835\udc25\u2019\ud835\udc28\ud835\udc2b\ud835\udc20\ud835\udc1a\ud835\udc27\ud835\udc22\ud835\udc2c\ud835\udc1a\ud835\udc2d\ud835\udc22\ud835\udc28\ud835\udc27 \ud835\udc1d\u2019\ud835\udc2e\ud835\udc27 \ud835\udc1f\ud835\udc28\ud835\udc2b\ud835\udc2e\ud835\udc26 \ud835\udc1c\ud835\udc28\ud835\udc27\ud835\udc2d\ud835\udc22\ud835\udc27\ud835\udc1e\ud835\udc27\ud835\udc2d\ud835\udc1a\ud835\udc25 \ud835\udc1a\ud835\udc27\ud835\udc27\ud835\udc2e\ud835\udc1e\ud835\udc25 \ud835\udc2c\ud835\udc2e\ud835\udc2b \ud835\udc25\ud835\udc1e \ud835\udc26\ud835\udc1a\ud835\udc2b\ud835\udc1c\ud835\udc21\ud835\udc1e\u0301 \ud835\udc1c\ud835\udc1a\ud835\udc2b\ud835\udc1b\ud835\udc28\ud835\udc27\ud835\udc1e \ud835\udc1a\ud835\udc1f\ud835\udc2b\ud835\udc22\ud835\udc1c\ud835\udc1a\ud835\udc22\ud835\udc27 ;<\/span><\/div>\n<div dir=\"auto\"><span style=\"font-family: verdana, geneva, sans-serif;\">&#8211; \ud835\udc1e\ud835\udc2d \ud835\udc25\ud835\udc1a \ud835\udc26\ud835\udc28\ud835\udc1b\ud835\udc22\ud835\udc25\ud835\udc22\ud835\udc2c\ud835\udc1a\ud835\udc2d\ud835\udc22\ud835\udc28\ud835\udc27 \ud835\udc1d\u2019\ud835\udc2e\ud835\udc27 \ud835\udc1a\ud835\udc29\ud835\udc29\ud835\udc2e\ud835\udc22 \ud835\udc2d\ud835\udc1e\ud835\udc1c\ud835\udc21\ud835\udc27\ud835\udc22\ud835\udc2a\ud835\udc2e\ud835\udc1e \ud835\udc29\ud835\udc1a\ud835\udc27\ud835\udc1a\ud835\udc1f\ud835\udc2b\ud835\udc22\ud835\udc1c\ud835\udc1a\ud835\udc22\ud835\udc27 \ud835\udc29\ud835\udc28\ud835\udc2e\ud835\udc2b \ud835\udc1a\ud835\udc1c\ud835\udc1c\ud835\udc28\ud835\udc26\ud835\udc29\ud835\udc1a\ud835\udc20\ud835\udc27\ud835\udc1e\ud835\udc2b \ud835\udc25\ud835\udc1e\ud835\udc2c \ud835\udc29\ud835\udc1a\ud835\udc32\ud835\udc2c \ud835\udc1d\ud835\udc1a\ud835\udc27\ud835\udc2c \ud835\udc25\ud835\udc1a \ud835\udc2c\ud835\udc2d\ud835\udc2b\ud835\udc2e\ud835\udc1c\ud835\udc2d\ud835\udc2e\ud835\udc2b\ud835\udc1a\ud835\udc2d\ud835\udc22\ud835\udc28\ud835\udc27 \ud835\udc1d\ud835\udc1e \ud835\udc29\ud835\udc2b\ud835\udc28\ud835\udc23\ud835\udc1e\ud835\udc2d\ud835\udc2c \ud835\udc1c\ud835\udc1e\ud835\udc2b\ud835\udc2d\ud835\udc22\ud835\udc1f\ud835\udc22\ud835\udc1a\ud835\udc1b\ud835\udc25\ud835\udc1e\ud835\udc2c, \ud835\udc2b\ud835\udc1e\ud835\udc27\ud835\udc1f\ud835\udc28\ud835\udc2b\ud835\udc1c\ud835\udc1e\ud835\udc2b \ud835\udc25\ud835\udc1e\ud835\udc2e\ud835\udc2b\ud835\udc2c \ud835\udc2c\ud835\udc32\ud835\udc2c\ud835\udc2d\ud835\udc1e\u0300\ud835\udc26\ud835\udc1e\ud835\udc2c \ud835\udc0c\ud835\udc11\ud835\udc15, \ud835\udc1e\ud835\udc2d \ud835\udc20\ud835\udc1a\ud835\udc2b\ud835\udc1a\ud835\udc27\ud835\udc2d\ud835\udc22\ud835\udc2b \ud835\udc25\ud835\udc1e \ud835\udc29\ud835\udc1a\ud835\udc2b\ud835\udc2d\ud835\udc1a\ud835\udc20\ud835\udc1e \ud835\udc1e\u0301\ud835\udc2a\ud835\udc2e\ud835\udc22\ud835\udc2d\ud835\udc1a\ud835\udc1b\ud835\udc25\ud835\udc1e \ud835\udc1d\ud835\udc1e\ud835\udc2c \ud835\udc1b\ud835\udc1e\u0301\ud835\udc27\ud835\udc1e\u0301\ud835\udc1f\ud835\udc22\ud835\udc1c\ud835\udc1e\ud835\udc2c.<\/span><\/div>\n<div dir=\"auto\">\u00a0<\/div>\n<\/div>\n<div class=\"x14z9mp xat24cr x1lziwak x1vvkbs xtlvy1s x126k92a\" style=\"text-align: justify;\">\n<div dir=\"auto\"><span style=\"font-family: verdana, geneva, sans-serif;\">Cette session ordinaire offrira l\u2019occasion aux Ministres de formuler des orientations politiques en vue de la participation de l\u2019Afrique aux prochaines conf\u00e9rences et r\u00e9unions environnementales mondiales, notamment :<\/span><\/div>\n<div dir=\"auto\">\u00a0<\/div>\n<\/div>\n<div class=\"x14z9mp xat24cr x1lziwak x1vvkbs xtlvy1s x126k92a\" style=\"text-align: justify;\">\n<div dir=\"auto\"><span style=\"font-family: verdana, geneva, sans-serif;\">&#8211; \ud835\udc25\ud835\udc1a \ud835\udc02\ud835\udc0e\ud835\udc0f \ud835\udfcf\ud835\udfd3 \ud835\udc1d\ud835\udc1e \ud835\udc25\ud835\udc1a \ud835\udc02\ud835\udc28\ud835\udc27\ud835\udc2f\ud835\udc1e\ud835\udc27\ud835\udc2d\ud835\udc22\ud835\udc28\ud835\udc27 \ud835\udc1d\ud835\udc1e \ud835\udc11\ud835\udc1a\ud835\udc26\ud835\udc2c\ud835\udc1a\ud835\udc2b, qui se tiendra \u00e0 au \ud835\udc19\ud835\udc22\ud835\udc26\ud835\udc1b\ud835\udc1a\ud835\udc1b\ud835\udc30\ud835\udc1e ;<\/span><\/div>\n<div dir=\"auto\"><span style=\"font-family: verdana, geneva, sans-serif;\">&#8211; \ud835\udc25\ud835\udc1a \ud835\udc1d\ud835\udc1e\ud835\udc2e\ud835\udc31\ud835\udc22\ud835\udc1e\u0300\ud835\udc26\ud835\udc1e \ud835\udc29\ud835\udc1a\ud835\udc2b\ud835\udc2d\ud835\udc22\ud835\udc1e \ud835\udc1d\ud835\udc1e \ud835\udc25\ud835\udc1a \ud835\udfd3\ud835\udc1e \ud835\udc2c\ud835\udc1e\ud835\udc2c\ud835\udc2c\ud835\udc22\ud835\udc28\ud835\udc27 \ud835\udc1d\ud835\udc2e \ud835\udc02\ud835\udc28\ud835\udc26\ud835\udc22\ud835\udc2d\ud835\udc1e\u0301 \ud835\udc22\ud835\udc27\ud835\udc2d\ud835\udc1e\ud835\udc2b\ud835\udc20\ud835\udc28\ud835\udc2e\ud835\udc2f\ud835\udc1e\ud835\udc2b\ud835\udc27\ud835\udc1e\ud835\udc26\ud835\udc1e\ud835\udc27\ud835\udc2d\ud835\udc1a\ud835\udc25 \ud835\udc1d\ud835\udc1e \ud835\udc27\ud835\udc1e\u0301\ud835\udc20\ud835\udc28\ud835\udc1c\ud835\udc22\ud835\udc1a\ud835\udc2d\ud835\udc22\ud835\udc28\ud835\udc27, qui se tiendra \ud835\udc1e\ud835\udc27 \ud835\udc12\ud835\udc2e\ud835\udc22\ud835\udc2c\ud835\udc2c\ud835\udc1e ;<\/span><\/div>\n<div dir=\"auto\"><span style=\"font-family: verdana, geneva, sans-serif;\">&#8211; \ud835\udc25\ud835\udc1a \ud835\udc02\ud835\udc0e\ud835\udc0f \ud835\udfd4 \ud835\udc1d\ud835\udc1e \ud835\udc25\ud835\udc1a \ud835\udc02\ud835\udc28\ud835\udc27\ud835\udc2f\ud835\udc1e\ud835\udc27\ud835\udc2d\ud835\udc22\ud835\udc28\ud835\udc27 \ud835\udc1d\ud835\udc1e \ud835\udc0c\ud835\udc22\ud835\udc27\ud835\udc1a\ud835\udc26\ud835\udc1a\ud835\udc2d\ud835\udc1a, qui se tiendra \u00e9galement \ud835\udc1e\ud835\udc27 \ud835\udc12\ud835\udc2e\ud835\udc22\ud835\udc2c\ud835\udc2c\ud835\udc1e ;<\/span><\/div>\n<div dir=\"auto\"><span style=\"font-family: verdana, geneva, sans-serif;\">&#8211; \ud835\udc25\ud835\udc1a \ud835\udc02\ud835\udc0e\ud835\udc0f \ud835\udfd1\ud835\udfce \ud835\udc1d\ud835\udc1e \ud835\udc25\ud835\udc1a \ud835\udc02\ud835\udc02\ud835\udc0d\ud835\udc14\ud835\udc02\ud835\udc02, qui se tiendra au \ud835\udc01\ud835\udc2b\ud835\udc1e\u0301\ud835\udc2c\ud835\udc22\ud835\udc25 ;<\/span><\/div>\n<div dir=\"auto\"><span style=\"font-family: verdana, geneva, sans-serif;\">&#8211; \ud835\udc25\ud835\udc1a \ud835\udc02\ud835\udc0e\ud835\udc0f \ud835\udfd0\ud835\udfce \ud835\udc1d\ud835\udc1e \ud835\udc25\ud835\udc1a \ud835\udc02\ud835\udc08\ud835\udc13\ud835\udc04\ud835\udc12, qui se tiendra en \ud835\udc0e\ud835\udc2e\ud835\udc33\ud835\udc1b\ud835\udc1e\u0301\ud835\udc24\ud835\udc22\ud835\udc2c\ud835\udc2d\ud835\udc1a\ud835\udc27 ;<\/span><\/div>\n<div dir=\"auto\"><span style=\"font-family: verdana, geneva, sans-serif;\">&#8211; \ud835\udc1e\ud835\udc2d \ud835\udc25\ud835\udc1a \ud835\udfd5\ud835\udc1e \ud835\udc2c\ud835\udc1e\ud835\udc2c\ud835\udc2c\ud835\udc22\ud835\udc28\ud835\udc27 \ud835\udc1d\ud835\udc1e \ud835\udc25\u2019\ud835\udc00\ud835\udc2c\ud835\udc2c\ud835\udc1e\ud835\udc26\ud835\udc1b\ud835\udc25\ud835\udc1e\u0301\ud835\udc1e \ud835\udc1d\ud835\udc1e\ud835\udc2c \ud835\udc0d\ud835\udc1a\ud835\udc2d\ud835\udc22\ud835\udc28\ud835\udc27\ud835\udc2c \ud835\udc14\ud835\udc27\ud835\udc22\ud835\udc1e\ud835\udc2c \ud835\udc29\ud835\udc28\ud835\udc2e\ud835\udc2b \ud835\udc25\u2019\ud835\udc1e\ud835\udc27\ud835\udc2f\ud835\udc22\ud835\udc2b\ud835\udc28\ud835\udc27\ud835\udc27\ud835\udc1e\ud835\udc26\ud835\udc1e\ud835\udc27\ud835\udc2d (\ud835\udc14\ud835\udc0d\ud835\udc04\ud835\udc00-\ud835\udfd5), qui se tiendra \ud835\udc0a\ud835\udc1e\ud835\udc27\ud835\udc32\ud835\udc1a.<\/span><\/div>\n<div dir=\"auto\">\u00a0<\/div>\n<\/div>\n<div class=\"x14z9mp xat24cr x1lziwak x1vvkbs xtlvy1s x126k92a\">\n<div dir=\"auto\" style=\"text-align: justify;\"><span style=\"font-family: verdana, geneva, sans-serif;\">En marge de ces assises, le Ministre Assahor\u00e9 a re\u00e7u en audience les partenaires techniques et financiers du FEM, du PNUE et la Ministre d&#8217;\u00c9tat en charge de l&#8217;Environnement de la R\u00e9publique D\u00e9mocratique du Congo, Madame \u00c8ve Bazaiba Masudi.<\/span><\/div>\n<\/div>\n","protected":false},"excerpt":{"rendered":"<p>\u00a0 La 20e session de la Conf\u00e9rence des Ministres Africains de l\u2019Environnement (CMAE) s\u2019est ouverte, le mercredi 16 juillet 2025, \u00e0 Nairobi, au Kenya, sous le th\u00e8me : \u00ab Quatre [&hellip;]<\/p>\n","protected":false},"author":1,"featured_media":6651,"comment_status":"closed","ping_status":"closed","sticky":false,"template":"","format":"standard","meta":{"_lmt_disableupdate":"no","_lmt_disable":"","pgc_sgb_lightbox_settings":""},"categories":[58],"tags":[],"post_folder":[],"modified_by":"MINEDD","_links":{"self":[{"href":"https:\/\/did-dev.net\/mineddte\/wp-json\/wp\/v2\/posts\/6650"}],"collection":[{"href":"https:\/\/did-dev.net\/mineddte\/wp-json\/wp\/v2\/posts"}],"about":[{"href":"https:\/\/did-dev.net\/mineddte\/wp-json\/wp\/v2\/types\/post"}],"author":[{"embeddable":true,"href":"https:\/\/did-dev.net\/mineddte\/wp-json\/wp\/v2\/users\/1"}],"replies":[{"embeddable":true,"href":"https:\/\/did-dev.net\/mineddte\/wp-json\/wp\/v2\/comments?post=6650"}],"version-history":[{"count":1,"href":"https:\/\/did-dev.net\/mineddte\/wp-json\/wp\/v2\/posts\/6650\/revisions"}],"predecessor-version":[{"id":6652,"href":"https:\/\/did-dev.net\/mineddte\/wp-json\/wp\/v2\/posts\/6650\/revisions\/6652"}],"wp:featuredmedia":[{"embeddable":true,"href":"https:\/\/did-dev.net\/mineddte\/wp-json\/wp\/v2\/media\/6651"}],"wp:attachment":[{"href":"https:\/\/did-dev.net\/mineddte\/wp-json\/wp\/v2\/media?parent=6650"}],"wp:term":[{"taxonomy":"category","embeddable":true,"href":"https:\/\/did-dev.net\/mineddte\/wp-json\/wp\/v2\/categories?post=6650"},{"taxonomy":"post_tag","embeddable":true,"href":"https:\/\/did-dev.net\/mineddte\/wp-json\/wp\/v2\/tags?post=6650"},{"taxonomy":"post_folder","embeddable":true,"href":"https:\/\/did-dev.net\/mineddte\/wp-json\/wp\/v2\/post_folder?post=6650"}],"curies":[{"name":"wp","href":"https:\/\/api.w.org\/{rel}","templated":true}]}}