{"id":6647,"date":"2025-07-12T12:48:37","date_gmt":"2025-07-12T12:48:37","guid":{"rendered":"https:\/\/did-dev.net\/mineddte\/?p=6647"},"modified":"2025-07-16T12:52:16","modified_gmt":"2025-07-16T12:52:16","slug":"environnement-formation-sur-les-donnees-energetiques-forte-adhesion-des-regions-de-man-et-de-gagnoa","status":"publish","type":"post","link":"https:\/\/did-dev.net\/mineddte\/environnement-formation-sur-les-donnees-energetiques-forte-adhesion-des-regions-de-man-et-de-gagnoa\/","title":{"rendered":"ENVIRONNEMENT \/ FORMATION SUR LES DONN\u00c9ES \u00c9NERG\u00c9TIQUES : FORTE ADH\u00c9SION DES R\u00c9GIONS DE MAN ET DE GAGNOA"},"content":{"rendered":"<div class=\"xdj266r x14z9mp xat24cr x1lziwak x1vvkbs x126k92a\">\u00a0<\/div>\n<div class=\"x14z9mp xat24cr x1lziwak x1vvkbs xtlvy1s x126k92a\" style=\"text-align: justify;\">\n<div dir=\"auto\"><span style=\"font-family: verdana, geneva, sans-serif;\"><img decoding=\"async\" loading=\"lazy\" class=\"alignnone size-full wp-image-6648\" src=\"https:\/\/did-dev.net\/mineddte\/wp-content\/uploads\/2025\/07\/504381541_1862141621293319_6926609827830654393_n-e1752670276610.jpg\" alt=\"\" width=\"1080\" height=\"423\" srcset=\"https:\/\/did-dev.net\/mineddte\/wp-content\/uploads\/2025\/07\/504381541_1862141621293319_6926609827830654393_n-e1752670276610.jpg 1080w, https:\/\/did-dev.net\/mineddte\/wp-content\/uploads\/2025\/07\/504381541_1862141621293319_6926609827830654393_n-e1752670276610-262x103.jpg 262w, https:\/\/did-dev.net\/mineddte\/wp-content\/uploads\/2025\/07\/504381541_1862141621293319_6926609827830654393_n-e1752670276610-847x332.jpg 847w, https:\/\/did-dev.net\/mineddte\/wp-content\/uploads\/2025\/07\/504381541_1862141621293319_6926609827830654393_n-e1752670276610-100x39.jpg 100w\" sizes=\"(max-width: 1080px) 100vw, 1080px\" \/><\/span><\/div>\n<div dir=\"auto\"><span style=\"font-family: verdana, geneva, sans-serif;\">Du 07 au 12 juillet 2025, les villes de Man et de Gagnoa ont accueilli deux ateliers techniques destin\u00e9s \u00e0 former les acteurs locaux \u00e0 l\u2019utilisation des outils IPCC et LEAP, indispensables pour la planification \u00e9nerg\u00e9tique et le suivi des \u00e9missions de gaz \u00e0 effet de serre.<\/span><\/div>\n<div dir=\"auto\">\u00a0<\/div>\n<\/div>\n<div class=\"x14z9mp xat24cr x1lziwak x1vvkbs xtlvy1s x126k92a\" style=\"text-align: justify;\">\n<div dir=\"auto\"><span style=\"font-family: verdana, geneva, sans-serif;\">Ces sessions s\u2019inscrivent dans la continuit\u00e9 d\u2019un vaste programme de renforcement des capacit\u00e9s territoriales, amorc\u00e9 en mars \u00e0 San Pedro, poursuivi \u00e0 Yamoussoukro, \u00e0 Korhogo, puis \u00e0 Aboisso en juin dernier.<\/span><\/div>\n<div dir=\"auto\">\u00a0<\/div>\n<\/div>\n<div class=\"x14z9mp xat24cr x1lziwak x1vvkbs xtlvy1s x126k92a\" style=\"text-align: justify;\">\n<div dir=\"auto\"><span style=\"font-family: verdana, geneva, sans-serif;\">Organis\u00e9s avec l\u2019appui de la GIZ, en partenariat avec le Minist\u00e8re de l\u2019Environnement et le Minist\u00e8re des Mines, du P\u00e9trole et de l\u2019\u00c9nergie, ces ateliers s\u2019inscrivent dans le cadre du projet ProFERE II. L\u2019objectif est de doter les acteurs des r\u00e9gions de comp\u00e9tences et outils n\u00e9cessaires pour assurer un suivi rigoureux sur la consommation \u00e9nerg\u00e9tique, construire des sc\u00e9narios prospectifs et contribuer \u00e0 l\u2019atteinte des objectifs climatiques du pays.<\/span><\/div>\n<div dir=\"auto\">\u00a0<\/div>\n<\/div>\n<div class=\"x14z9mp xat24cr x1lziwak x1vvkbs xtlvy1s x126k92a\" style=\"text-align: justify;\">\n<div dir=\"auto\"><span style=\"font-family: verdana, geneva, sans-serif;\">\u00c0 Man, du 07 au 09 juillet, les \u00e9changes ont \u00e9t\u00e9 pr\u00e9sid\u00e9s par M. Soro Fatogoman, Pr\u00e9fet de la r\u00e9gion du Tonpki, qui a salu\u00e9 la port\u00e9e strat\u00e9gique de cette initiative :<\/span><\/div>\n<div dir=\"auto\">\u00a0<\/div>\n<\/div>\n<div class=\"x14z9mp xat24cr x1lziwak x1vvkbs xtlvy1s x126k92a\" style=\"text-align: justify;\">\n<div dir=\"auto\"><span style=\"font-family: verdana, geneva, sans-serif;\">\u00ab Les d\u00e9cisions nationales prennent tout leur sens lorsqu\u2019elles sont appliqu\u00e9es concr\u00e8tement sur le terrain \u00bb.<\/span><\/div>\n<div dir=\"auto\">\u00a0<\/div>\n<\/div>\n<div class=\"x14z9mp xat24cr x1lziwak x1vvkbs xtlvy1s x126k92a\" style=\"text-align: justify;\">\n<div dir=\"auto\"><span style=\"font-family: verdana, geneva, sans-serif;\">De leur c\u00f4t\u00e9, les participants venus de l\u2019administration, du secteur priv\u00e9, de la soci\u00e9t\u00e9 civile et des m\u00e9dias ont \u00e9t\u00e9 form\u00e9s \u00e0 la collecte, la mod\u00e9lisation et l\u2019analyse des donn\u00e9es via les logiciels IPCC (inventaire GES) et LEAP (prospective \u00e9nerg\u00e9tique). Ces outils, jug\u00e9s complexes, ont \u00e9t\u00e9 rendus accessibles gr\u00e2ce \u00e0 une p\u00e9dagogie interactive, des cas pratiques et des partages d\u2019exp\u00e9riences locaux.<\/span><\/div>\n<div dir=\"auto\">\u00a0<\/div>\n<\/div>\n<div class=\"x14z9mp xat24cr x1lziwak x1vvkbs xtlvy1s x126k92a\" style=\"text-align: justify;\">\n<div dir=\"auto\"><span style=\"font-family: verdana, geneva, sans-serif;\">Comme l\u2019a soulign\u00e9 M. YAVO Ekissi, Directeur R\u00e9gionale de l\u2019Environnement dans le Gu\u00e9mon (Du\u00e9kou\u00e9) :<\/span><\/div>\n<div dir=\"auto\">\u00a0<\/div>\n<\/div>\n<div class=\"x14z9mp xat24cr x1lziwak x1vvkbs xtlvy1s x126k92a\" style=\"text-align: justify;\">\n<div dir=\"auto\"><span style=\"font-family: verdana, geneva, sans-serif;\">\u00ab Ce que je retiens surtout, c\u2019est que les outils qu\u2019on nous pr\u00e9sente ici ne servent vraiment que s\u2019ils sont bien compris, bien utilis\u00e9s et partag\u00e9s avec les autres. En tant qu\u2019acteur local, j\u2019ai le devoir de transmettre ce que j\u2019ai appris, de proposer des solutions concr\u00e8tes, et de contribuer au changement dans ma propre r\u00e9gion \u00bb.<\/span><\/div>\n<div dir=\"auto\">\u00a0<\/div>\n<\/div>\n<div class=\"x14z9mp xat24cr x1lziwak x1vvkbs xtlvy1s x126k92a\">\n<div dir=\"auto\" style=\"text-align: justify;\"><span style=\"font-family: verdana, geneva, sans-serif;\">\u00c0 Man et Gagnoa, les m\u00eames dynamiques ont \u00e9t\u00e9 reproduites avec un accent mis sur la fiabilisation des donn\u00e9es, condition indispensable pour \u00e9laborer des politiques publiques climatiques bas\u00e9es sur des \u00e9l\u00e9ments tangibles. Ces formations viennent confirmer le r\u00f4le central des territoires dans la lutte contre le changement climatique et marquent une \u00e9tape suppl\u00e9mentaire vers une gouvernance locale efficace des donn\u00e9es \u00e9nerg\u00e9tiques.<\/span><\/div>\n<\/div>\n","protected":false},"excerpt":{"rendered":"<p>\u00a0 Du 07 au 12 juillet 2025, les villes de Man et de Gagnoa ont accueilli deux ateliers techniques destin\u00e9s \u00e0 former les acteurs locaux \u00e0 l\u2019utilisation des outils IPCC [&hellip;]<\/p>\n","protected":false},"author":1,"featured_media":6648,"comment_status":"closed","ping_status":"closed","sticky":false,"template":"","format":"standard","meta":{"_lmt_disableupdate":"no","_lmt_disable":"","pgc_sgb_lightbox_settings":""},"categories":[58],"tags":[],"post_folder":[],"modified_by":"MINEDD","_links":{"self":[{"href":"https:\/\/did-dev.net\/mineddte\/wp-json\/wp\/v2\/posts\/6647"}],"collection":[{"href":"https:\/\/did-dev.net\/mineddte\/wp-json\/wp\/v2\/posts"}],"about":[{"href":"https:\/\/did-dev.net\/mineddte\/wp-json\/wp\/v2\/types\/post"}],"author":[{"embeddable":true,"href":"https:\/\/did-dev.net\/mineddte\/wp-json\/wp\/v2\/users\/1"}],"replies":[{"embeddable":true,"href":"https:\/\/did-dev.net\/mineddte\/wp-json\/wp\/v2\/comments?post=6647"}],"version-history":[{"count":1,"href":"https:\/\/did-dev.net\/mineddte\/wp-json\/wp\/v2\/posts\/6647\/revisions"}],"predecessor-version":[{"id":6649,"href":"https:\/\/did-dev.net\/mineddte\/wp-json\/wp\/v2\/posts\/6647\/revisions\/6649"}],"wp:featuredmedia":[{"embeddable":true,"href":"https:\/\/did-dev.net\/mineddte\/wp-json\/wp\/v2\/media\/6648"}],"wp:attachment":[{"href":"https:\/\/did-dev.net\/mineddte\/wp-json\/wp\/v2\/media?parent=6647"}],"wp:term":[{"taxonomy":"category","embeddable":true,"href":"https:\/\/did-dev.net\/mineddte\/wp-json\/wp\/v2\/categories?post=6647"},{"taxonomy":"post_tag","embeddable":true,"href":"https:\/\/did-dev.net\/mineddte\/wp-json\/wp\/v2\/tags?post=6647"},{"taxonomy":"post_folder","embeddable":true,"href":"https:\/\/did-dev.net\/mineddte\/wp-json\/wp\/v2\/post_folder?post=6647"}],"curies":[{"name":"wp","href":"https:\/\/api.w.org\/{rel}","templated":true}]}}