{"id":6644,"date":"2025-07-10T12:44:11","date_gmt":"2025-07-10T12:44:11","guid":{"rendered":"https:\/\/did-dev.net\/mineddte\/?p=6644"},"modified":"2025-07-16T12:47:33","modified_gmt":"2025-07-16T12:47:33","slug":"environnement-projet-women-adapt-une-reponse-aux-defis-climatiques-dans-le-poro","status":"publish","type":"post","link":"https:\/\/did-dev.net\/mineddte\/environnement-projet-women-adapt-une-reponse-aux-defis-climatiques-dans-le-poro\/","title":{"rendered":"ENVIRONNEMENT : \u2018\u2019PROJET WOMEN ADAPT\u2019\u2019, UNE R\u00c9PONSE AUX D\u00c9FIS CLIMATIQUES DANS LE PORO"},"content":{"rendered":"<div class=\"xdj266r x14z9mp xat24cr x1lziwak x1vvkbs x126k92a\">\u00a0<\/div>\n<div class=\"x14z9mp xat24cr x1lziwak x1vvkbs xtlvy1s x126k92a\" style=\"text-align: justify;\">\n<div dir=\"auto\"><span style=\"font-family: verdana, geneva, sans-serif;\"><img decoding=\"async\" loading=\"lazy\" class=\"alignnone size-full wp-image-6645\" src=\"https:\/\/did-dev.net\/mineddte\/wp-content\/uploads\/2025\/07\/518108299_1862070251300456_8842405590803743787_n-e1752669981571.jpg\" alt=\"\" width=\"1080\" height=\"423\" srcset=\"https:\/\/did-dev.net\/mineddte\/wp-content\/uploads\/2025\/07\/518108299_1862070251300456_8842405590803743787_n-e1752669981571.jpg 1080w, https:\/\/did-dev.net\/mineddte\/wp-content\/uploads\/2025\/07\/518108299_1862070251300456_8842405590803743787_n-e1752669981571-262x103.jpg 262w, https:\/\/did-dev.net\/mineddte\/wp-content\/uploads\/2025\/07\/518108299_1862070251300456_8842405590803743787_n-e1752669981571-847x332.jpg 847w, https:\/\/did-dev.net\/mineddte\/wp-content\/uploads\/2025\/07\/518108299_1862070251300456_8842405590803743787_n-e1752669981571-100x39.jpg 100w\" sizes=\"(max-width: 1080px) 100vw, 1080px\" \/><\/span><\/div>\n<div dir=\"auto\"><span style=\"font-family: verdana, geneva, sans-serif;\">L\u2019h\u00f4tel Capitole de Cocody a abrit\u00e9, le 10 juillet 2025, la premi\u00e8re r\u00e9union du Comit\u00e9 de Pilotage du projet \u00ab WOMEN ADAPT \u00bb, une initiative port\u00e9e par le Minist\u00e8re de l\u2019Environnement, du D\u00e9veloppement Durable et de la Transition \u00c9cologique, en partenariat avec le Programme Alimentaire Mondial (PAM).<\/span><\/div>\n<\/div>\n<div class=\"x14z9mp xat24cr x1lziwak x1vvkbs xtlvy1s x126k92a\" style=\"text-align: justify;\">\n<div dir=\"auto\"><span style=\"font-family: verdana, geneva, sans-serif;\">Ce projet vise \u00e0 renforcer la r\u00e9silience des communaut\u00e9s rurales de la r\u00e9gion du Poro face aux effets du changement climatique, en pla\u00e7ant les femmes et les jeunes agriculteurs au c\u0153ur de l\u2019action.<\/span><\/div>\n<div dir=\"auto\">\u00a0<\/div>\n<\/div>\n<div class=\"x14z9mp xat24cr x1lziwak x1vvkbs xtlvy1s x126k92a\" style=\"text-align: justify;\">\n<div dir=\"auto\"><span style=\"font-family: verdana, geneva, sans-serif;\">Pr\u00e9sid\u00e9e par M. TANO Etil\u00e9 Alfred, Sous-Directeur de la Recherche de Financements, repr\u00e9sentant le Conseiller Technique Alex Lagaud, Pr\u00e9sident dudit Comit\u00e9, cette rencontre a r\u00e9uni les parties prenantes du projet autour d\u2019une m\u00eame ambition : d\u00e9finir les orientations strat\u00e9giques et garantir une mise en \u0153uvre efficace et inclusive.<\/span><\/div>\n<div dir=\"auto\">\u00a0<\/div>\n<\/div>\n<div class=\"x14z9mp xat24cr x1lziwak x1vvkbs xtlvy1s x126k92a\" style=\"text-align: justify;\">\n<div dir=\"auto\"><span style=\"font-family: verdana, geneva, sans-serif;\">Dans son discours d\u2019ouverture, M. TANO a rappel\u00e9 que le changement climatique constituait une menace r\u00e9elle pour la s\u00e9curit\u00e9 alimentaire, en particulier pour les petits exploitants agricoles qui sont parmi les plus vuln\u00e9rables. Une situation tr\u00e8s prononc\u00e9e dans la r\u00e9gion du Poro, zone de mise en \u0153uvre de ce projet.<\/span><\/div>\n<div dir=\"auto\">\u00a0<\/div>\n<\/div>\n<div class=\"x14z9mp xat24cr x1lziwak x1vvkbs xtlvy1s x126k92a\" style=\"text-align: justify;\">\n<div dir=\"auto\"><span style=\"font-family: verdana, geneva, sans-serif;\">\u00ab Les femmes rurales, bien qu\u2019elles jouent un r\u00f4le central dans l\u2019agriculture et la gestion des ressources naturelles, sont encore trop souvent marginalis\u00e9es dans les processus d\u00e9cisionnels et l\u2019acc\u00e8s aux ressources. Il est donc imp\u00e9ratif que les politiques publiques et les projets de d\u00e9veloppement, tels que celui que nous pilotons aujourd\u2019hui, int\u00e8grent pleinement la dimension genre \u00bb, a-t-il soulign\u00e9.<\/span><\/div>\n<div dir=\"auto\">\u00a0<\/div>\n<\/div>\n<div class=\"x14z9mp xat24cr x1lziwak x1vvkbs xtlvy1s x126k92a\" style=\"text-align: justify;\">\n<div dir=\"auto\"><span style=\"font-family: verdana, geneva, sans-serif;\">Mme Giroud S\u00e9verine, Directrice adjointe du PAM C\u00f4te d\u2019Ivoire, a salu\u00e9 l\u2019orientation du projet qui vise la r\u00e9silience des populations locales.<\/span><\/div>\n<\/div>\n<div class=\"x14z9mp xat24cr x1lziwak x1vvkbs xtlvy1s x126k92a\" style=\"text-align: justify;\">\n<div dir=\"auto\"><span style=\"font-family: verdana, geneva, sans-serif;\">La pr\u00e9sentation d\u00e9taill\u00e9e du projet, l\u2019examen et l\u2019adoption du Plan de Travail et de Budget Annuel 2025 (PTBA), ainsi qu\u2019une s\u00e9rie d\u2019\u00e9changes constructifs ont \u00e9t\u00e9 les temps forts de cette activit\u00e9.<\/span><\/div>\n<div dir=\"auto\">\u00a0<\/div>\n<\/div>\n<div class=\"x14z9mp xat24cr x1lziwak x1vvkbs xtlvy1s x126k92a\">\n<div dir=\"auto\" style=\"text-align: justify;\"><span style=\"font-family: verdana, geneva, sans-serif;\">Le projet WOMEN ADAPT entend incarner un mod\u00e8le de r\u00e9ponse concr\u00e8te et durable aux effets du changement climatique dans le nord de la C\u00f4te d\u2019Ivoire.<\/span><\/div>\n<\/div>\n","protected":false},"excerpt":{"rendered":"<p>\u00a0 L\u2019h\u00f4tel Capitole de Cocody a abrit\u00e9, le 10 juillet 2025, la premi\u00e8re r\u00e9union du Comit\u00e9 de Pilotage du projet \u00ab WOMEN ADAPT \u00bb, une initiative port\u00e9e par le Minist\u00e8re [&hellip;]<\/p>\n","protected":false},"author":1,"featured_media":6645,"comment_status":"closed","ping_status":"closed","sticky":false,"template":"","format":"standard","meta":{"_lmt_disableupdate":"no","_lmt_disable":"","pgc_sgb_lightbox_settings":""},"categories":[58],"tags":[],"post_folder":[],"modified_by":"MINEDD","_links":{"self":[{"href":"https:\/\/did-dev.net\/mineddte\/wp-json\/wp\/v2\/posts\/6644"}],"collection":[{"href":"https:\/\/did-dev.net\/mineddte\/wp-json\/wp\/v2\/posts"}],"about":[{"href":"https:\/\/did-dev.net\/mineddte\/wp-json\/wp\/v2\/types\/post"}],"author":[{"embeddable":true,"href":"https:\/\/did-dev.net\/mineddte\/wp-json\/wp\/v2\/users\/1"}],"replies":[{"embeddable":true,"href":"https:\/\/did-dev.net\/mineddte\/wp-json\/wp\/v2\/comments?post=6644"}],"version-history":[{"count":1,"href":"https:\/\/did-dev.net\/mineddte\/wp-json\/wp\/v2\/posts\/6644\/revisions"}],"predecessor-version":[{"id":6646,"href":"https:\/\/did-dev.net\/mineddte\/wp-json\/wp\/v2\/posts\/6644\/revisions\/6646"}],"wp:featuredmedia":[{"embeddable":true,"href":"https:\/\/did-dev.net\/mineddte\/wp-json\/wp\/v2\/media\/6645"}],"wp:attachment":[{"href":"https:\/\/did-dev.net\/mineddte\/wp-json\/wp\/v2\/media?parent=6644"}],"wp:term":[{"taxonomy":"category","embeddable":true,"href":"https:\/\/did-dev.net\/mineddte\/wp-json\/wp\/v2\/categories?post=6644"},{"taxonomy":"post_tag","embeddable":true,"href":"https:\/\/did-dev.net\/mineddte\/wp-json\/wp\/v2\/tags?post=6644"},{"taxonomy":"post_folder","embeddable":true,"href":"https:\/\/did-dev.net\/mineddte\/wp-json\/wp\/v2\/post_folder?post=6644"}],"curies":[{"name":"wp","href":"https:\/\/api.w.org\/{rel}","templated":true}]}}