{"id":6640,"date":"2025-07-11T12:37:23","date_gmt":"2025-07-11T12:37:23","guid":{"rendered":"https:\/\/did-dev.net\/mineddte\/?p=6640"},"modified":"2025-07-16T12:40:35","modified_gmt":"2025-07-16T12:40:35","slug":"lutte-contre-les-changements-climatiques-le-ministre-assahore-lance-un-projet-dadaptation-pour-les-communautes-rurales-du-bassin-versant-du-bandama","status":"publish","type":"post","link":"https:\/\/did-dev.net\/mineddte\/lutte-contre-les-changements-climatiques-le-ministre-assahore-lance-un-projet-dadaptation-pour-les-communautes-rurales-du-bassin-versant-du-bandama\/","title":{"rendered":"LUTTE CONTRE LES CHANGEMENTS CLIMATIQUES : LE MINISTRE ASSAHOR\u00c9 LANCE UN PROJET D\u2019ADAPTATION POUR LES COMMUNAUT\u00c9S RURALES DU BASSIN VERSANT DU BANDAMA"},"content":{"rendered":"<div class=\"xdj266r x14z9mp xat24cr x1lziwak x1vvkbs x126k92a\">\u00a0<\/div>\n<div class=\"x14z9mp xat24cr x1lziwak x1vvkbs xtlvy1s x126k92a\" style=\"text-align: justify;\">\n<div dir=\"auto\"><span style=\"font-family: verdana, geneva, sans-serif;\"><img decoding=\"async\" loading=\"lazy\" class=\"alignnone size-full wp-image-6641\" src=\"https:\/\/did-dev.net\/mineddte\/wp-content\/uploads\/2025\/07\/504380498_1859858248188323_1876512242842239256_n-e1752669566771.jpg\" alt=\"\" width=\"1280\" height=\"502\" srcset=\"https:\/\/did-dev.net\/mineddte\/wp-content\/uploads\/2025\/07\/504380498_1859858248188323_1876512242842239256_n-e1752669566771.jpg 1280w, https:\/\/did-dev.net\/mineddte\/wp-content\/uploads\/2025\/07\/504380498_1859858248188323_1876512242842239256_n-e1752669566771-262x103.jpg 262w, https:\/\/did-dev.net\/mineddte\/wp-content\/uploads\/2025\/07\/504380498_1859858248188323_1876512242842239256_n-e1752669566771-847x332.jpg 847w, https:\/\/did-dev.net\/mineddte\/wp-content\/uploads\/2025\/07\/504380498_1859858248188323_1876512242842239256_n-e1752669566771-100x39.jpg 100w\" sizes=\"(max-width: 1280px) 100vw, 1280px\" \/><\/span><\/div>\n<div dir=\"auto\"><span style=\"font-family: verdana, geneva, sans-serif;\">Le Ministre de l\u2019Environnement, du D\u00e9veloppement Durable et de la Transition \u00c9cologique, M. Assahor\u00e9 Konan Jacques, a proc\u00e9d\u00e9, ce vendredi 11 juillet 2025 \u00e0 Bouak\u00e9, au lancement officiel du Projet de renforcement de la capacit\u00e9 d\u2019adaptation et de r\u00e9silience des communaut\u00e9s rurales aux changements climatiques dans le bassin versant du Bandama (PACCB). Mis en \u0153uvre \u00e0 travers le Programme National Changements Climatiques (PNCC), ce projet vise \u00e0 renforcer la r\u00e9silience des populations rurales vuln\u00e9rables et de leurs \u00e9cosyst\u00e8mes face aux effets des changements climatiques.<\/span><\/div>\n<div dir=\"auto\">\u00a0<\/div>\n<\/div>\n<div class=\"x14z9mp xat24cr x1lziwak x1vvkbs xtlvy1s x126k92a\" style=\"text-align: justify;\">\n<div dir=\"auto\"><span style=\"font-family: verdana, geneva, sans-serif;\">Comme beaucoup de pays en d\u00e9veloppement, la C\u00f4te d\u2019Ivoire subit fortement les cons\u00e9quences du d\u00e9r\u00e8glement climatique, notamment dans le secteur agricole, pilier de son \u00e9conomie. \u00c0 l\u2019horizon 2050, la p\u00eache et l\u2019agriculture pourraient conna\u00eetre d\u2019importantes pertes en raison de la hausse des temp\u00e9ratures, du manque d\u2019eau et de la perte des zones foresti\u00e8res et des sols productifs. Le bassin versant du Bandama, zone strat\u00e9gique de production de riz, de cacao et de manioc, essentiels \u00e0 la s\u00e9curit\u00e9 alimentaire et \u00e0 la stabilit\u00e9 \u00e9conomique de milliers de familles rurales, est d\u00e9j\u00e0 fortement touch\u00e9 par des ph\u00e9nom\u00e8nes climatiques : variabilit\u00e9 des pluies, allongement des p\u00e9riodes de s\u00e9cheresse, inondations r\u00e9currentes et \u00e9rosion des terres.<\/span><\/div>\n<div dir=\"auto\">\u00a0<\/div>\n<\/div>\n<div class=\"x14z9mp xat24cr x1lziwak x1vvkbs xtlvy1s x126k92a\" style=\"text-align: justify;\">\n<div dir=\"auto\"><span style=\"font-family: verdana, geneva, sans-serif;\">Face \u00e0 cette situation, le projet PACCB se veut \u00eatre une r\u00e9ponse structur\u00e9e et concr\u00e8te, selon le ministre Assahor\u00e9.<\/span><\/div>\n<div dir=\"auto\">\u00a0<\/div>\n<\/div>\n<div class=\"x14z9mp xat24cr x1lziwak x1vvkbs xtlvy1s x126k92a\" style=\"text-align: justify;\">\n<div dir=\"auto\"><span style=\"font-family: verdana, geneva, sans-serif;\">\u00ab Le PACCB entend am\u00e9liorer la productivit\u00e9 agricole en introduisant des pratiques agricoles durables, renforcer les capacit\u00e9s des communaut\u00e9s \u00e0 faire face aux al\u00e9as climatiques, et restaurer les \u00e9cosyst\u00e8mes locaux. Il ambitionne, \u00e0 terme, d\u2019am\u00e9liorer la s\u00e9curit\u00e9 alimentaire et les moyens de subsistance des populations \u00bb, a-t-il indiqu\u00e9.<\/span><\/div>\n<div dir=\"auto\">\u00a0<\/div>\n<\/div>\n<div class=\"x14z9mp xat24cr x1lziwak x1vvkbs xtlvy1s x126k92a\" style=\"text-align: justify;\">\n<div dir=\"auto\"><span style=\"font-family: verdana, geneva, sans-serif;\">Dot\u00e9 d\u2019un financement de plus de 3 milliards de FCFA du Fonds d\u2019adaptation (FA), le projet sera d\u00e9ploy\u00e9 sur 5 ans dans trois r\u00e9gions : le B\u00e9lier, le Gb\u00eak\u00ea et la Marahou\u00e9. Il b\u00e9n\u00e9ficiera directement \u00e0 14 600 petits exploitants agricoles, dont 4 000 producteurs de riz, 5 600 de manioc et 5 000 de cacao, ainsi qu\u2019\u00e0 1 000 coop\u00e9ratives agricoles. Au total, environ 93 000 personnes profiteront indirectement des retomb\u00e9es le long de la cha\u00eene de valeur des trois cultures cibl\u00e9es.<\/span><\/div>\n<div dir=\"auto\">\u00a0<\/div>\n<\/div>\n<div class=\"x14z9mp xat24cr x1lziwak x1vvkbs xtlvy1s x126k92a\" style=\"text-align: justify;\">\n<div dir=\"auto\"><span style=\"font-family: verdana, geneva, sans-serif;\">\u00ab J\u2019invite l\u2019ensemble des acteurs de terrain, partenaires techniques et institutionnels \u00e0 une mobilisation totale pour garantir le succ\u00e8s de ce projet. J\u2019en appelle \u00e9galement \u00e0 l\u2019appropriation effective par les b\u00e9n\u00e9ficiaires, \u00e0 une utilisation optimale des \u00e9quipements qui seront d\u00e9ploy\u00e9s, et \u00e0 un engagement fort pour sa p\u00e9rennisation \u00bb, a ajout\u00e9 le Ministre.<\/span><\/div>\n<div dir=\"auto\">\u00a0<\/div>\n<\/div>\n<div class=\"x14z9mp xat24cr x1lziwak x1vvkbs xtlvy1s x126k92a\" style=\"text-align: justify;\">\n<div dir=\"auto\"><span style=\"font-family: verdana, geneva, sans-serif;\">Pr\u00e9sent \u00e0 la c\u00e9r\u00e9monie, M. Fumilayo Hermann Messan, Directeur pays du Fonds international de d\u00e9veloppement agricole (FIDA), partenaire de mise en \u0153uvre du projet, a r\u00e9affirm\u00e9 l\u2019engagement de son institution aux c\u00f4t\u00e9s des populations rurales.<\/span><\/div>\n<div dir=\"auto\">\u00a0<\/div>\n<\/div>\n<div class=\"x14z9mp xat24cr x1lziwak x1vvkbs xtlvy1s x126k92a\">\n<div dir=\"auto\" style=\"text-align: justify;\"><span style=\"font-family: verdana, geneva, sans-serif;\">\u00ab Le FIDA continuera \u00e0 investir dans les communaut\u00e9s rurales, v\u00e9ritables moteurs de la lutte contre la pauvret\u00e9 et leviers de transformation sociale. Ce lancement marque une \u00e9tape d\u00e9terminante, qui ouvrira \u00e9galement la voie \u00e0 de nouvelles opportunit\u00e9s de financement pour renforcer la r\u00e9silience des exploitations agricoles face aux effets des changements climatiques \u00bb, a-t-il affirm\u00e9.<\/span><\/div>\n<\/div>\n","protected":false},"excerpt":{"rendered":"<p>\u00a0 Le Ministre de l\u2019Environnement, du D\u00e9veloppement Durable et de la Transition \u00c9cologique, M. Assahor\u00e9 Konan Jacques, a proc\u00e9d\u00e9, ce vendredi 11 juillet 2025 \u00e0 Bouak\u00e9, au lancement officiel du [&hellip;]<\/p>\n","protected":false},"author":1,"featured_media":6641,"comment_status":"closed","ping_status":"closed","sticky":false,"template":"","format":"standard","meta":{"_lmt_disableupdate":"no","_lmt_disable":"","pgc_sgb_lightbox_settings":""},"categories":[58],"tags":[],"post_folder":[],"modified_by":"MINEDD","_links":{"self":[{"href":"https:\/\/did-dev.net\/mineddte\/wp-json\/wp\/v2\/posts\/6640"}],"collection":[{"href":"https:\/\/did-dev.net\/mineddte\/wp-json\/wp\/v2\/posts"}],"about":[{"href":"https:\/\/did-dev.net\/mineddte\/wp-json\/wp\/v2\/types\/post"}],"author":[{"embeddable":true,"href":"https:\/\/did-dev.net\/mineddte\/wp-json\/wp\/v2\/users\/1"}],"replies":[{"embeddable":true,"href":"https:\/\/did-dev.net\/mineddte\/wp-json\/wp\/v2\/comments?post=6640"}],"version-history":[{"count":1,"href":"https:\/\/did-dev.net\/mineddte\/wp-json\/wp\/v2\/posts\/6640\/revisions"}],"predecessor-version":[{"id":6642,"href":"https:\/\/did-dev.net\/mineddte\/wp-json\/wp\/v2\/posts\/6640\/revisions\/6642"}],"wp:featuredmedia":[{"embeddable":true,"href":"https:\/\/did-dev.net\/mineddte\/wp-json\/wp\/v2\/media\/6641"}],"wp:attachment":[{"href":"https:\/\/did-dev.net\/mineddte\/wp-json\/wp\/v2\/media?parent=6640"}],"wp:term":[{"taxonomy":"category","embeddable":true,"href":"https:\/\/did-dev.net\/mineddte\/wp-json\/wp\/v2\/categories?post=6640"},{"taxonomy":"post_tag","embeddable":true,"href":"https:\/\/did-dev.net\/mineddte\/wp-json\/wp\/v2\/tags?post=6640"},{"taxonomy":"post_folder","embeddable":true,"href":"https:\/\/did-dev.net\/mineddte\/wp-json\/wp\/v2\/post_folder?post=6640"}],"curies":[{"name":"wp","href":"https:\/\/api.w.org\/{rel}","templated":true}]}}