{"id":6636,"date":"2025-07-10T12:32:28","date_gmt":"2025-07-10T12:32:28","guid":{"rendered":"https:\/\/did-dev.net\/mineddte\/?p=6636"},"modified":"2025-07-16T12:42:45","modified_gmt":"2025-07-16T12:42:45","slug":"actualisation-des-documents-budgetaires-triennaux-2026-2028-le-ministere-de-lenvironnement-en-atelier-a-grand-bassam","status":"publish","type":"post","link":"https:\/\/did-dev.net\/mineddte\/actualisation-des-documents-budgetaires-triennaux-2026-2028-le-ministere-de-lenvironnement-en-atelier-a-grand-bassam\/","title":{"rendered":"ACTUALISATION DES DOCUMENTS BUDG\u00c9TAIRES TRIENNAUX 2026-2028 : LE MINIST\u00c8RE DE L\u2019ENVIRONNEMENT EN ATELIER \u00c0 GRAND-BASSAM"},"content":{"rendered":"<div class=\"xdj266r x14z9mp xat24cr x1lziwak x1vvkbs x126k92a\">\u00a0<\/div>\n<div class=\"x14z9mp xat24cr x1lziwak x1vvkbs xtlvy1s x126k92a\" style=\"text-align: justify;\">\n<div dir=\"auto\"><span style=\"font-family: verdana, geneva, sans-serif;\"><img decoding=\"async\" loading=\"lazy\" class=\"alignnone size-full wp-image-6637\" src=\"https:\/\/did-dev.net\/mineddte\/wp-content\/uploads\/2025\/07\/516713389_1859722424868572_8981040375314597731_n-e1752669243413.jpg\" alt=\"\" width=\"1080\" height=\"423\" srcset=\"https:\/\/did-dev.net\/mineddte\/wp-content\/uploads\/2025\/07\/516713389_1859722424868572_8981040375314597731_n-e1752669243413.jpg 1080w, https:\/\/did-dev.net\/mineddte\/wp-content\/uploads\/2025\/07\/516713389_1859722424868572_8981040375314597731_n-e1752669243413-262x103.jpg 262w, https:\/\/did-dev.net\/mineddte\/wp-content\/uploads\/2025\/07\/516713389_1859722424868572_8981040375314597731_n-e1752669243413-847x332.jpg 847w, https:\/\/did-dev.net\/mineddte\/wp-content\/uploads\/2025\/07\/516713389_1859722424868572_8981040375314597731_n-e1752669243413-100x39.jpg 100w\" sizes=\"(max-width: 1080px) 100vw, 1080px\" \/><\/span><\/div>\n<div dir=\"auto\"><span style=\"font-family: verdana, geneva, sans-serif;\">Le Minist\u00e8re de l\u2019Environnement, du D\u00e9veloppement Durable et de la Transition \u00c9cologique (MINEDDTE) organise, du 10 au 12 juillet 2025 \u00e0 Grand-Bassam, un atelier d\u2019actualisation du Document de Programmation Pluriannuelle des D\u00e9penses et du Projet Annuel de Performance (DPPD-PAP) couvrant la p\u00e9riode 2026-2028.<\/span><\/div>\n<div dir=\"auto\">\u00a0<\/div>\n<\/div>\n<div class=\"x14z9mp xat24cr x1lziwak x1vvkbs xtlvy1s x126k92a\" style=\"text-align: justify;\">\n<div dir=\"auto\"><span style=\"font-family: verdana, geneva, sans-serif;\">Cette rencontre vise \u00e0 produire et valider un document budg\u00e9taire coh\u00e9rent, int\u00e9grant les grandes orientations politiques du minist\u00e8re ainsi que les exigences techniques et op\u00e9rationnelles des programmes qui structurent sa cartographie administrative.<\/span><\/div>\n<div dir=\"auto\">\u00a0<\/div>\n<\/div>\n<div class=\"x14z9mp xat24cr x1lziwak x1vvkbs xtlvy1s x126k92a\" style=\"text-align: justify;\">\n<div dir=\"auto\"><span style=\"font-family: verdana, geneva, sans-serif;\">Outil fondamental de planification et de gestion budg\u00e9taire dans le cadre de la r\u00e9forme du budget-programme instaur\u00e9e depuis 2020, le DPPD-PAP permet de d\u00e9cliner, sur une p\u00e9riode de trois ann\u00e9es glissantes, les objectifs strat\u00e9giques du minist\u00e8re, les r\u00e9sultats attendus, ainsi que les indicateurs de performance.<\/span><\/div>\n<div dir=\"auto\">\u00a0<\/div>\n<\/div>\n<div class=\"x14z9mp xat24cr x1lziwak x1vvkbs xtlvy1s x126k92a\" style=\"text-align: justify;\">\n<div dir=\"auto\"><span style=\"font-family: verdana, geneva, sans-serif;\">Repr\u00e9sentant le Directeur de Cabinet du MINNEDTE \u00e0 l\u2019ouverture des travaux, Dr Jeanne N\u2019Tain, Directrice G\u00e9n\u00e9rale de l\u2019Environnement, a insist\u00e9 sur la n\u00e9cessit\u00e9 d\u2019am\u00e9liorer la qualit\u00e9 des documents produits, en tirant les le\u00e7ons des quatre ann\u00e9es de mise en \u0153uvre du budget-programme.<\/span><\/div>\n<\/div>\n<div class=\"x14z9mp xat24cr x1lziwak x1vvkbs xtlvy1s x126k92a\" style=\"text-align: justify;\">\n<div dir=\"auto\"><span style=\"font-family: verdana, geneva, sans-serif;\">Elle a \u00e9galement invit\u00e9 les participants \u00e0 formuler des indicateurs r\u00e9alistes, ambitieux et mesurables, refl\u00e9tant les efforts du minist\u00e8re dans la mise en \u0153uvre des politiques environnementales.<\/span><\/div>\n<div dir=\"auto\">\u00a0<\/div>\n<\/div>\n<div class=\"x14z9mp xat24cr x1lziwak x1vvkbs xtlvy1s x126k92a\" style=\"text-align: justify;\">\n<div dir=\"auto\"><span style=\"font-family: verdana, geneva, sans-serif;\">\u00ab Le plus grand d\u00e9fi auquel l\u2019humanit\u00e9 est confront\u00e9e demeure le changement climatique et ses effets multiformes. Ce document doit permettre d\u2019identifier et de traduire en actions concr\u00e8tes les priorit\u00e9s du secteur, notamment la lutte contre la d\u00e9sertification, la protection de la biodiversit\u00e9 et des \u00e9cosyst\u00e8mes marins, l\u2019\u00e9conomie circulaire ou encore la transition \u00e9cologique \u00bb, a-t-elle ajout\u00e9.<\/span><\/div>\n<div dir=\"auto\">\u00a0<\/div>\n<\/div>\n<div class=\"x14z9mp xat24cr x1lziwak x1vvkbs xtlvy1s x126k92a\" style=\"text-align: justify;\">\n<div dir=\"auto\"><span style=\"font-family: verdana, geneva, sans-serif;\">Ce DPPD-PAP, important outil de gestion, sera pr\u00e9sent\u00e9 lors de la conf\u00e9rence budg\u00e9taire annuelle et accompagnera le projet de Loi de finances pour l\u2019ann\u00e9e 2026, selon M. Adjoumani Tehua, Directeur des Affaires Financi\u00e8res du MINEDDTE et Pr\u00e9sident du comit\u00e9 d\u2019organisation de cet atelier.<\/span><\/div>\n<div dir=\"auto\">\u00a0<\/div>\n<\/div>\n<div class=\"x14z9mp xat24cr x1lziwak x1vvkbs xtlvy1s x126k92a\">\n<div dir=\"auto\" style=\"text-align: justify;\"><span style=\"font-family: verdana, geneva, sans-serif;\">\u00c0 l\u2019instar des autres d\u00e9partements minist\u00e9riels, le Minist\u00e8re de l\u2019Environnement, du D\u00e9veloppement Durable et de la Transition Ecologique s\u2019inscrit pleinement dans cette dynamique de redevabilit\u00e9 et de performance, en actualisant chaque ann\u00e9e son DPPD-PAP. L\u2019exercice est men\u00e9 sous la coordination du Responsable de la Fonction Financi\u00e8re Minist\u00e9rielle (RFFiM), avec l\u2019appui technique du Minist\u00e8re des Finances et du Budget ainsi que du Minist\u00e8re du Plan et du D\u00e9veloppement.<\/span><\/div>\n<\/div>\n","protected":false},"excerpt":{"rendered":"<p>\u00a0 Le Minist\u00e8re de l\u2019Environnement, du D\u00e9veloppement Durable et de la Transition \u00c9cologique (MINEDDTE) organise, du 10 au 12 juillet 2025 \u00e0 Grand-Bassam, un atelier d\u2019actualisation du Document de Programmation [&hellip;]<\/p>\n","protected":false},"author":1,"featured_media":6637,"comment_status":"closed","ping_status":"closed","sticky":false,"template":"","format":"standard","meta":{"_lmt_disableupdate":"no","_lmt_disable":"","pgc_sgb_lightbox_settings":""},"categories":[58],"tags":[],"post_folder":[],"modified_by":"MINEDD","_links":{"self":[{"href":"https:\/\/did-dev.net\/mineddte\/wp-json\/wp\/v2\/posts\/6636"}],"collection":[{"href":"https:\/\/did-dev.net\/mineddte\/wp-json\/wp\/v2\/posts"}],"about":[{"href":"https:\/\/did-dev.net\/mineddte\/wp-json\/wp\/v2\/types\/post"}],"author":[{"embeddable":true,"href":"https:\/\/did-dev.net\/mineddte\/wp-json\/wp\/v2\/users\/1"}],"replies":[{"embeddable":true,"href":"https:\/\/did-dev.net\/mineddte\/wp-json\/wp\/v2\/comments?post=6636"}],"version-history":[{"count":2,"href":"https:\/\/did-dev.net\/mineddte\/wp-json\/wp\/v2\/posts\/6636\/revisions"}],"predecessor-version":[{"id":6639,"href":"https:\/\/did-dev.net\/mineddte\/wp-json\/wp\/v2\/posts\/6636\/revisions\/6639"}],"wp:featuredmedia":[{"embeddable":true,"href":"https:\/\/did-dev.net\/mineddte\/wp-json\/wp\/v2\/media\/6637"}],"wp:attachment":[{"href":"https:\/\/did-dev.net\/mineddte\/wp-json\/wp\/v2\/media?parent=6636"}],"wp:term":[{"taxonomy":"category","embeddable":true,"href":"https:\/\/did-dev.net\/mineddte\/wp-json\/wp\/v2\/categories?post=6636"},{"taxonomy":"post_tag","embeddable":true,"href":"https:\/\/did-dev.net\/mineddte\/wp-json\/wp\/v2\/tags?post=6636"},{"taxonomy":"post_folder","embeddable":true,"href":"https:\/\/did-dev.net\/mineddte\/wp-json\/wp\/v2\/post_folder?post=6636"}],"curies":[{"name":"wp","href":"https:\/\/api.w.org\/{rel}","templated":true}]}}