{"id":6633,"date":"2025-07-08T14:25:18","date_gmt":"2025-07-08T14:25:18","guid":{"rendered":"https:\/\/did-dev.net\/mineddte\/?p=6633"},"modified":"2025-07-16T12:41:38","modified_gmt":"2025-07-16T12:41:38","slug":"le-projet-de-renforcement-de-la-capacite-dadaptation-et-de-resilience-des-communautes-rurales-aux-changements-climatiques-dans-le-bassin-versant-du-bandaman-paccb-sera-lance-ce-vendredi","status":"publish","type":"post","link":"https:\/\/did-dev.net\/mineddte\/le-projet-de-renforcement-de-la-capacite-dadaptation-et-de-resilience-des-communautes-rurales-aux-changements-climatiques-dans-le-bassin-versant-du-bandaman-paccb-sera-lance-ce-vendredi\/","title":{"rendered":"LE PROJET DE RENFORCEMENT DE LA CAPACIT\u00c9 D\u2019ADAPTATION ET DE R\u00c9SILIENCE DES COMMUNAUT\u00c9S RURALES AUX CHANGEMENTS CLIMATIQUES DANS LE BASSIN VERSANT DU BANDAMAN (PACCB) SERA LANC\u00c9 CE VENDREDI"},"content":{"rendered":"<div class=\"xdj266r x14z9mp xat24cr x1lziwak x1vvkbs x126k92a\">\u00a0<\/div>\n<div class=\"x14z9mp xat24cr x1lziwak x1vvkbs xtlvy1s x126k92a\">\n<div dir=\"auto\"><span style=\"font-family: verdana, geneva, sans-serif;\"><img decoding=\"async\" loading=\"lazy\" class=\"alignnone size-full wp-image-6634\" src=\"https:\/\/did-dev.net\/mineddte\/wp-content\/uploads\/2025\/07\/517526612_1857112151796266_4584664351304132333_n-e1752668849512.jpg\" alt=\"\" width=\"1600\" height=\"628\" srcset=\"https:\/\/did-dev.net\/mineddte\/wp-content\/uploads\/2025\/07\/517526612_1857112151796266_4584664351304132333_n-e1752668849512.jpg 1600w, https:\/\/did-dev.net\/mineddte\/wp-content\/uploads\/2025\/07\/517526612_1857112151796266_4584664351304132333_n-e1752668849512-262x103.jpg 262w, https:\/\/did-dev.net\/mineddte\/wp-content\/uploads\/2025\/07\/517526612_1857112151796266_4584664351304132333_n-e1752668849512-847x332.jpg 847w, https:\/\/did-dev.net\/mineddte\/wp-content\/uploads\/2025\/07\/517526612_1857112151796266_4584664351304132333_n-e1752668849512-100x39.jpg 100w, https:\/\/did-dev.net\/mineddte\/wp-content\/uploads\/2025\/07\/517526612_1857112151796266_4584664351304132333_n-e1752668849512-1536x603.jpg 1536w\" sizes=\"(max-width: 1600px) 100vw, 1600px\" \/>Le Ministre de l&#8217;Environnement, du D\u00e9veloppement Durable et de la Transition Ecologique, Monsieur Jacques ASSAHORE Konan proc\u00e9dera au lancement officiel des activit\u00e9s du Projet de renforcement de la capacit\u00e9 d&#8217;adaptation et de r\u00e9silience des communaut\u00e9s rurales aux changements climatiques dans le bassin versant du Bandaman (PACCB) le vendredi 11 juillet 2025 \u00e0 Bouak\u00e9.<\/span><\/div>\n<div dir=\"auto\">\u00a0<\/div>\n<\/div>\n<div class=\"x14z9mp xat24cr x1lziwak x1vvkbs xtlvy1s x126k92a\">\n<div dir=\"auto\"><span style=\"font-family: verdana, geneva, sans-serif;\">Ex\u00e9cut\u00e9 par le Programme National Changements Climatiques (PNCC) une s\u00e9rie d&#8217;activit\u00e9s de d\u00e9marrage a d\u00e9but\u00e9 ce mardi 08 juillet 2025 au bureau r\u00e9gional Afrique de l&#8217;ouest et du centre du Fonds international de d\u00e9veloppement agricole (FIDA) par la formation des parties prenantes.<\/span><\/div>\n<\/div>\n<div class=\"x14z9mp xat24cr x1lziwak x1vvkbs xtlvy1s x126k92a\">\n<div dir=\"auto\"><span style=\"font-family: verdana, geneva, sans-serif;\">La formation a \u00e9t\u00e9 pr\u00e9sid\u00e9e par le Colonel Yao Marcel, Directeur de la Coop\u00e9ration Internationale et Mobilisation des Financements repr\u00e9sentant Monsieur le Ministre de l\u2019Environnement, du D\u00e9veloppement Durable et de la Transition \u00e9cologique en pr\u00e9sence du Directeur pays du FIDA, Monsieur Messan Fumilayo Herman et plusieurs parties prenantes.<\/span><\/div>\n<div dir=\"auto\">\u00a0<\/div>\n<\/div>\n<div class=\"x14z9mp xat24cr x1lziwak x1vvkbs xtlvy1s x126k92a\">\n<div dir=\"auto\"><span style=\"font-family: verdana, geneva, sans-serif;\">Le projet PACCB a pour agence de mise en \u0153uvre le FIDA sur financement du Fonds d\u2019Adaptation pour une dur\u00e9e de 4 an.<\/span><\/div>\n<\/div>\n<div class=\"x14z9mp xat24cr x1lziwak x1vvkbs xtlvy1s x126k92a\">\n<div dir=\"auto\"><span style=\"font-family: verdana, geneva, sans-serif;\">La formation d&#8217;impr\u00e9gnation avec les parties prenantes cl\u00e9es, a permis de passer en revue la pr\u00e9sentation du projet et les activit\u00e9s du projet pour l\u2019ann\u00e9e 2026.<\/span><\/div>\n<div dir=\"auto\">\u00a0<\/div>\n<\/div>\n<div class=\"x14z9mp xat24cr x1lziwak x1vvkbs xtlvy1s x126k92a\">\n<div dir=\"auto\"><span style=\"font-family: verdana, geneva, sans-serif;\">Le mercredi se tiendra une session de renforcement de capacit\u00e9s de l&#8217;UGP, des d\u00e9cideurs et des points focaux.<\/span><\/div>\n<div dir=\"auto\">\u00a0<\/div>\n<\/div>\n<div class=\"x14z9mp xat24cr x1lziwak x1vvkbs xtlvy1s x126k92a\">\n<div dir=\"auto\"><span style=\"font-family: verdana, geneva, sans-serif;\">Le Projet PACCB entend r\u00e9duire les effets directs pr\u00e9vus des impacts n\u00e9gatifs des changements climatiques sur 15 600 petits producteurs de manioc, de riz et de cacao dont 45% seront des femmes et ce gr\u00e2ce \u00e0 l&#8217;am\u00e9lioration des syst\u00e8mes de r\u00e9glementation, \u00e0 l&#8217;acc\u00e8s accru au mat\u00e9riel v\u00e9g\u00e9tal r\u00e9sistant au climat, \u00e0 un meilleur acc\u00e8s au march\u00e9 et \u00e0 d&#8217;autres effets en aval. Aussi, \u00e0 terme, ce projet b\u00e9n\u00e9ficiera indirectement \u00e0 93 600 personnes travaillant le long de la cha\u00eene de valeur cibl\u00e9e du cacao, du manioc et du riz.<\/span><\/div>\n<div dir=\"auto\">\u00a0<\/div>\n<\/div>\n<div class=\"x14z9mp xat24cr x1lziwak x1vvkbs xtlvy1s x126k92a\">\n<div dir=\"auto\"><span style=\"font-family: verdana, geneva, sans-serif;\">Les personnes cibl\u00e9es, dans les R\u00e9gions du B\u00e9lier, Gb\u00eak\u00ea et Marahou\u00e9 autour du bassin du Bandama, sont les petits exploitants agricoles et les communaut\u00e9s qui sont les plus vuln\u00e9rables aux changements climatiques mais qui ont le potentiel de passer rapidement \u00e0 des syst\u00e8mes plus r\u00e9silients et productifs dans les cha\u00eenes de valeur s\u00e9lectionn\u00e9e.<\/span><\/div>\n<\/div>\n","protected":false},"excerpt":{"rendered":"<p>\u00a0 Le Ministre de l&#8217;Environnement, du D\u00e9veloppement Durable et de la Transition Ecologique, Monsieur Jacques ASSAHORE Konan proc\u00e9dera au lancement officiel des activit\u00e9s du Projet de renforcement de la capacit\u00e9 [&hellip;]<\/p>\n","protected":false},"author":1,"featured_media":6634,"comment_status":"closed","ping_status":"closed","sticky":false,"template":"","format":"standard","meta":{"_lmt_disableupdate":"no","_lmt_disable":"","pgc_sgb_lightbox_settings":""},"categories":[58],"tags":[],"post_folder":[],"modified_by":"MINEDD","_links":{"self":[{"href":"https:\/\/did-dev.net\/mineddte\/wp-json\/wp\/v2\/posts\/6633"}],"collection":[{"href":"https:\/\/did-dev.net\/mineddte\/wp-json\/wp\/v2\/posts"}],"about":[{"href":"https:\/\/did-dev.net\/mineddte\/wp-json\/wp\/v2\/types\/post"}],"author":[{"embeddable":true,"href":"https:\/\/did-dev.net\/mineddte\/wp-json\/wp\/v2\/users\/1"}],"replies":[{"embeddable":true,"href":"https:\/\/did-dev.net\/mineddte\/wp-json\/wp\/v2\/comments?post=6633"}],"version-history":[{"count":2,"href":"https:\/\/did-dev.net\/mineddte\/wp-json\/wp\/v2\/posts\/6633\/revisions"}],"predecessor-version":[{"id":6643,"href":"https:\/\/did-dev.net\/mineddte\/wp-json\/wp\/v2\/posts\/6633\/revisions\/6643"}],"wp:featuredmedia":[{"embeddable":true,"href":"https:\/\/did-dev.net\/mineddte\/wp-json\/wp\/v2\/media\/6634"}],"wp:attachment":[{"href":"https:\/\/did-dev.net\/mineddte\/wp-json\/wp\/v2\/media?parent=6633"}],"wp:term":[{"taxonomy":"category","embeddable":true,"href":"https:\/\/did-dev.net\/mineddte\/wp-json\/wp\/v2\/categories?post=6633"},{"taxonomy":"post_tag","embeddable":true,"href":"https:\/\/did-dev.net\/mineddte\/wp-json\/wp\/v2\/tags?post=6633"},{"taxonomy":"post_folder","embeddable":true,"href":"https:\/\/did-dev.net\/mineddte\/wp-json\/wp\/v2\/post_folder?post=6633"}],"curies":[{"name":"wp","href":"https:\/\/api.w.org\/{rel}","templated":true}]}}