{"id":6630,"date":"2025-06-28T17:15:22","date_gmt":"2025-06-28T17:15:22","guid":{"rendered":"https:\/\/did-dev.net\/mineddte\/?p=6630"},"modified":"2025-07-16T12:22:11","modified_gmt":"2025-07-16T12:22:11","slug":"grand-lahou-lutte-contre-lerosion-cotiere-le-ministre-assahore-simpregne-de-lavancement-des-travaux-de-stabilisation-du-cordon-sableux","status":"publish","type":"post","link":"https:\/\/did-dev.net\/mineddte\/grand-lahou-lutte-contre-lerosion-cotiere-le-ministre-assahore-simpregne-de-lavancement-des-travaux-de-stabilisation-du-cordon-sableux\/","title":{"rendered":"GRAND-LAHOU \/ LUTTE CONTRE L\u2019\u00c9ROSION C\u00d4TI\u00c8RE : LE MINISTRE ASSAHOR\u00c9 S\u2019IMPR\u00c8GNE DE L\u2019AVANCEMENT DES TRAVAUX DE STABILISATION DU CORDON SABLEUX"},"content":{"rendered":"<div class=\"xdj266r x14z9mp xat24cr x1lziwak x1vvkbs x126k92a\">\u00a0<\/div>\n<div class=\"x14z9mp xat24cr x1lziwak x1vvkbs xtlvy1s x126k92a\" style=\"text-align: justify;\">\n<div dir=\"auto\"><span style=\"font-family: verdana, geneva, sans-serif;\"><img decoding=\"async\" loading=\"lazy\" class=\"alignnone size-full wp-image-6631\" src=\"https:\/\/did-dev.net\/mineddte\/wp-content\/uploads\/2025\/07\/511276387_1848981312609350_7100562491825353684_n-e1752668258818.jpg\" alt=\"\" width=\"2048\" height=\"803\" srcset=\"https:\/\/did-dev.net\/mineddte\/wp-content\/uploads\/2025\/07\/511276387_1848981312609350_7100562491825353684_n-e1752668258818.jpg 2048w, https:\/\/did-dev.net\/mineddte\/wp-content\/uploads\/2025\/07\/511276387_1848981312609350_7100562491825353684_n-e1752668258818-262x103.jpg 262w, https:\/\/did-dev.net\/mineddte\/wp-content\/uploads\/2025\/07\/511276387_1848981312609350_7100562491825353684_n-e1752668258818-847x332.jpg 847w, https:\/\/did-dev.net\/mineddte\/wp-content\/uploads\/2025\/07\/511276387_1848981312609350_7100562491825353684_n-e1752668258818-100x39.jpg 100w, https:\/\/did-dev.net\/mineddte\/wp-content\/uploads\/2025\/07\/511276387_1848981312609350_7100562491825353684_n-e1752668258818-1536x602.jpg 1536w\" sizes=\"(max-width: 2048px) 100vw, 2048px\" \/>Le Ministre de l\u2019Environnement, du D\u00e9veloppement Durable et de la Transition \u00c9cologique, Monsieur Assahor\u00e9 Konan Jacques, a effectu\u00e9, le samedi 28 juin 2025, une visite de terrain sur le site des travaux de stabilisation du cordon sableux de Lahou Kpanda, dans le d\u00e9partement de Grand-Lahou.<\/span><\/div>\n<\/div>\n<div class=\"x14z9mp xat24cr x1lziwak x1vvkbs xtlvy1s x126k92a\" style=\"text-align: justify;\">\n<div dir=\"auto\"><span style=\"font-family: verdana, geneva, sans-serif;\">Il \u00e9tait accompagn\u00e9 d\u2019une d\u00e9l\u00e9gation de haut niveau de la Banque mondiale, conduite par son Vice-Pr\u00e9sident, M. Ousmane Diagana, ainsi que les autorit\u00e9s locales.<\/span><\/div>\n<div dir=\"auto\">\u00a0<\/div>\n<\/div>\n<div class=\"x14z9mp xat24cr x1lziwak x1vvkbs xtlvy1s x126k92a\" style=\"text-align: justify;\">\n<div dir=\"auto\"><span style=\"font-family: verdana, geneva, sans-serif;\">Cette mission visait \u00e0 appr\u00e9cier l\u2019\u00e9tat d\u2019avancement du chantier, lanc\u00e9 le 6 juin 2024 par le Premier Ministre Robert Beugr\u00e9 Mamb\u00e9, dans le cadre du Programme de gestion du littoral ouest africain (WACA).<\/span><\/div>\n<div dir=\"auto\">\u00a0<\/div>\n<\/div>\n<div class=\"x14z9mp xat24cr x1lziwak x1vvkbs xtlvy1s x126k92a\" style=\"text-align: justify;\">\n<div dir=\"auto\"><span style=\"font-family: verdana, geneva, sans-serif;\">Financ\u00e9 \u00e0 plus de 30 milliards de francs CFA, le projet a pour objectifs de prot\u00e9ger les villages c\u00f4tiers contre l\u2019\u00e9rosion, restaurer la navigabilit\u00e9 et la richesse halieutique de l\u2019embouchure du fleuve Bandama et enfin, offrir un mod\u00e8le durable de gestion c\u00f4ti\u00e8re pour toute la C\u00f4te d\u2019Ivoire.<\/span><\/div>\n<div dir=\"auto\">\u00a0<\/div>\n<\/div>\n<div class=\"x14z9mp xat24cr x1lziwak x1vvkbs xtlvy1s x126k92a\">\n<div dir=\"auto\" style=\"text-align: justify;\"><span style=\"font-family: verdana, geneva, sans-serif;\">La fin des travaux est pr\u00e9vu pour le premier trimestre de l\u2019ann\u00e9e 2026.<\/span><\/div>\n<\/div>\n","protected":false},"excerpt":{"rendered":"<p>\u00a0 Le Ministre de l\u2019Environnement, du D\u00e9veloppement Durable et de la Transition \u00c9cologique, Monsieur Assahor\u00e9 Konan Jacques, a effectu\u00e9, le samedi 28 juin 2025, une visite de terrain sur le [&hellip;]<\/p>\n","protected":false},"author":1,"featured_media":6631,"comment_status":"closed","ping_status":"closed","sticky":false,"template":"","format":"standard","meta":{"_lmt_disableupdate":"no","_lmt_disable":"","pgc_sgb_lightbox_settings":""},"categories":[58],"tags":[],"post_folder":[],"modified_by":"MINEDD","_links":{"self":[{"href":"https:\/\/did-dev.net\/mineddte\/wp-json\/wp\/v2\/posts\/6630"}],"collection":[{"href":"https:\/\/did-dev.net\/mineddte\/wp-json\/wp\/v2\/posts"}],"about":[{"href":"https:\/\/did-dev.net\/mineddte\/wp-json\/wp\/v2\/types\/post"}],"author":[{"embeddable":true,"href":"https:\/\/did-dev.net\/mineddte\/wp-json\/wp\/v2\/users\/1"}],"replies":[{"embeddable":true,"href":"https:\/\/did-dev.net\/mineddte\/wp-json\/wp\/v2\/comments?post=6630"}],"version-history":[{"count":1,"href":"https:\/\/did-dev.net\/mineddte\/wp-json\/wp\/v2\/posts\/6630\/revisions"}],"predecessor-version":[{"id":6632,"href":"https:\/\/did-dev.net\/mineddte\/wp-json\/wp\/v2\/posts\/6630\/revisions\/6632"}],"wp:featuredmedia":[{"embeddable":true,"href":"https:\/\/did-dev.net\/mineddte\/wp-json\/wp\/v2\/media\/6631"}],"wp:attachment":[{"href":"https:\/\/did-dev.net\/mineddte\/wp-json\/wp\/v2\/media?parent=6630"}],"wp:term":[{"taxonomy":"category","embeddable":true,"href":"https:\/\/did-dev.net\/mineddte\/wp-json\/wp\/v2\/categories?post=6630"},{"taxonomy":"post_tag","embeddable":true,"href":"https:\/\/did-dev.net\/mineddte\/wp-json\/wp\/v2\/tags?post=6630"},{"taxonomy":"post_folder","embeddable":true,"href":"https:\/\/did-dev.net\/mineddte\/wp-json\/wp\/v2\/post_folder?post=6630"}],"curies":[{"name":"wp","href":"https:\/\/api.w.org\/{rel}","templated":true}]}}