{"id":6624,"date":"2025-06-26T15:01:34","date_gmt":"2025-06-26T15:01:34","guid":{"rendered":"https:\/\/did-dev.net\/mineddte\/?p=6624"},"modified":"2025-07-16T12:05:18","modified_gmt":"2025-07-16T12:05:18","slug":"polluants-organiques-persistants-la-cote-divoire-actualise-sa-riposte-dans-le-cadre-de-la-convention-de-stockholm","status":"publish","type":"post","link":"https:\/\/did-dev.net\/mineddte\/polluants-organiques-persistants-la-cote-divoire-actualise-sa-riposte-dans-le-cadre-de-la-convention-de-stockholm\/","title":{"rendered":"POLLUANTS ORGANIQUES PERSISTANTS : LA C\u00d4TE D\u2019IVOIRE ACTUALISE SA RIPOSTE DANS LE CADRE DE LA CONVENTION DE STOCKHOLM"},"content":{"rendered":"<div class=\"xdj266r x14z9mp xat24cr x1lziwak x1vvkbs x126k92a\">\u00a0<\/div>\n<div class=\"x14z9mp xat24cr x1lziwak x1vvkbs xtlvy1s x126k92a\" style=\"text-align: justify;\">\n<div dir=\"auto\"><span style=\"font-family: verdana, geneva, sans-serif;\"><img decoding=\"async\" loading=\"lazy\" class=\"alignnone size-full wp-image-6625\" src=\"https:\/\/did-dev.net\/mineddte\/wp-content\/uploads\/2025\/07\/511063758_1846297886211026_3467645325444129524_n-1-e1752667395904.jpg\" alt=\"\" width=\"1280\" height=\"502\" srcset=\"https:\/\/did-dev.net\/mineddte\/wp-content\/uploads\/2025\/07\/511063758_1846297886211026_3467645325444129524_n-1-e1752667395904.jpg 1280w, https:\/\/did-dev.net\/mineddte\/wp-content\/uploads\/2025\/07\/511063758_1846297886211026_3467645325444129524_n-1-e1752667395904-262x103.jpg 262w, https:\/\/did-dev.net\/mineddte\/wp-content\/uploads\/2025\/07\/511063758_1846297886211026_3467645325444129524_n-1-e1752667395904-847x332.jpg 847w, https:\/\/did-dev.net\/mineddte\/wp-content\/uploads\/2025\/07\/511063758_1846297886211026_3467645325444129524_n-1-e1752667395904-100x39.jpg 100w\" sizes=\"(max-width: 1280px) 100vw, 1280px\" \/>En C\u00f4te d&#8217;Ivoire, la r\u00e9alisation d&#8217;inventaires des polluants organiques persistants (POP) constitue une \u00e9tape cl\u00e9 pour le gouvernement dans ses efforts pour se conformer aux engagements de la Convention de Stockholm \u00e0 laquelle elle est Partie depuis sa ratification, le 20 janvier 2004.<\/span><\/div>\n<div dir=\"auto\">\u00a0<\/div>\n<\/div>\n<div class=\"x14z9mp xat24cr x1lziwak x1vvkbs xtlvy1s x126k92a\" style=\"text-align: justify;\">\n<div dir=\"auto\"><span style=\"font-family: verdana, geneva, sans-serif;\">C\u2019est dans ce contexte que le Minist\u00e8re de l\u2019Environnement, du D\u00e9veloppement Durable et de la Transition \u00c9cologique (MINEDDTE) a organis\u00e9, le jeudi 26 juin 2025 \u00e0 Abidjan, une r\u00e9union strat\u00e9gique du Comit\u00e9 Consultatif Technique et de Pilotage. Cette rencontre est inscrite dans le cadre du projet intitul\u00e9 \u00ab D\u00e9veloppement mondial : examen et mise \u00e0 jour des Plans Nationaux de Mise en \u0152uvre (PNM) dans le cadre de la Convention de Stockholm sur les polluants organiques persistants (POP) \u00bb.<\/span><\/div>\n<div dir=\"auto\">\u00a0<\/div>\n<\/div>\n<div class=\"x14z9mp xat24cr x1lziwak x1vvkbs xtlvy1s x126k92a\" style=\"text-align: justify;\">\n<div dir=\"auto\"><span style=\"font-family: verdana, geneva, sans-serif;\">L\u2019ouverture a \u00e9t\u00e9 pr\u00e9sid\u00e9e par le Dr Essoh Aim\u00e9 Franck, Coordonnateur G\u00e9n\u00e9ral des Programmes et Projets (CGPP) du Minist\u00e8re, repr\u00e9sentant le Ministre Assahor\u00e9 Konan Jacques. Dans son intervention, le CGPP a soulign\u00e9 que ce processus vise \u00e0 mieux prot\u00e9ger la sant\u00e9 des populations, \u00e0 pr\u00e9server la biodiversit\u00e9, \u00e0 restaurer les \u00e9cosyst\u00e8mes, et \u00e0 renforcer la r\u00e9silience environnementale du pays face aux risques chimiques persistants. Il \u00e9galement inviter les membres de chaque comit\u00e9 \u00e0 travailler de concert pour \u00e9laborer des strat\u00e9gies durables et innovantes qui favoriseront un d\u00e9veloppement plus respectueux de l\u2019environnement.<\/span><\/div>\n<div dir=\"auto\">\u00a0<\/div>\n<\/div>\n<div class=\"x14z9mp xat24cr x1lziwak x1vvkbs xtlvy1s x126k92a\" style=\"text-align: justify;\">\n<div dir=\"auto\"><span style=\"font-family: verdana, geneva, sans-serif;\">Les polluants organiques persistants (POP) figurent parmi les substances les plus dangereuses lib\u00e9r\u00e9es dans l\u2019environnement. Il s\u2019agit notamment de certains pesticides, de substances chimiques industrielles ou de sous-produits involontaires issus de proc\u00e9d\u00e9s industriels. Ces compos\u00e9s sont hautement toxiques, persistants dans l\u2019environnement et peuvent entra\u00eener de graves effets sur la sant\u00e9 humaine et animale, tels que des l\u00e9sions du syst\u00e8me nerveux, des troubles de la reproduction, des d\u00e9r\u00e8glements du syst\u00e8me immunitaire, voire des malformations cong\u00e9nitales.<\/span><\/div>\n<div dir=\"auto\">\u00a0<\/div>\n<\/div>\n<div class=\"x14z9mp xat24cr x1lziwak x1vvkbs xtlvy1s x126k92a\" style=\"text-align: justify;\">\n<div dir=\"auto\"><span style=\"font-family: verdana, geneva, sans-serif;\">Les pays en d\u00e9veloppement, souvent d\u00e9pourvus de technologies ad\u00e9quates pour le contr\u00f4le, le suivi et l\u2019\u00e9limination de ces substances, sont particuli\u00e8rement vuln\u00e9rables. \u00c0 titre d\u2019exemple, l\u2019Afrique compterait plus de 50 000 tonnes de pesticides p\u00e9rim\u00e9s, repr\u00e9sentant une menace directe pour les sols, les eaux, l\u2019air et la cha\u00eene alimentaire.<\/span><\/div>\n<div dir=\"auto\">\u00a0<\/div>\n<\/div>\n<div class=\"x14z9mp xat24cr x1lziwak x1vvkbs xtlvy1s x126k92a\" style=\"text-align: justify;\">\n<div dir=\"auto\"><span style=\"font-family: verdana, geneva, sans-serif;\">Face \u00e0 cette probl\u00e9matique mondiale, les gouvernements ont adopt\u00e9 en mai 2001 la Convention de Stockholm, qui impose aux \u00c9tats parties de d\u00e9finir et actualiser r\u00e9guli\u00e8rement un Plan National de Mise en \u0153uvre (PNM), conform\u00e9ment \u00e0 l\u2019article 7 de ladite Convention.<\/span><\/div>\n<\/div>\n<div class=\"x14z9mp xat24cr x1lziwak x1vvkbs xtlvy1s x126k92a\" style=\"text-align: justify;\">\n<div dir=\"auto\"><span style=\"font-family: verdana, geneva, sans-serif;\">Dans ce cadre, le Programme des Nations Unies pour l\u2019Environnement (PNUE) a mis en \u0153uvre un vaste programme, ex\u00e9cut\u00e9 par six Centres r\u00e9gionaux des Conventions de B\u00e2le et de Stockholm (BCRC\/SCRC), afin d\u2019accompagner 21 pays dans la mise \u00e0 jour de leurs plans.<\/span><\/div>\n<\/div>\n<div class=\"x14z9mp xat24cr x1lziwak x1vvkbs xtlvy1s x126k92a\" style=\"text-align: justify;\">\n<div dir=\"auto\"><span style=\"font-family: verdana, geneva, sans-serif;\">\u00ab En C\u00f4te d\u2019Ivoire, le premier plan de mise \u00e0 jour a \u00e9t\u00e9 effectu\u00e9 en 2006 et actualis\u00e9 en 2016. Le processus d\u2019actualisation en cours, est le second \u00bb, a affirm\u00e9 le Professeur Gustave BEDI, Point focal de la Convention de Stockholm.<\/span><\/div>\n<\/div>\n<div class=\"x14z9mp xat24cr x1lziwak x1vvkbs xtlvy1s x126k92a\">\n<div dir=\"auto\" style=\"text-align: justify;\"><span style=\"font-family: verdana, geneva, sans-serif;\">La r\u00e9union du Comit\u00e9 consultatif technique et de pilotage a permis de pr\u00e9senter les r\u00e9sultats des inventaires nationaux r\u00e9alis\u00e9s, de recueillir les observations des parties prenantes afin d\u2019engager les travaux d\u2019actualisation du Plan National de Mise en \u0153uvre de la C\u00f4te d\u2019Ivoire.<\/span><\/div>\n<\/div>\n","protected":false},"excerpt":{"rendered":"<p>\u00a0 En C\u00f4te d&#8217;Ivoire, la r\u00e9alisation d&#8217;inventaires des polluants organiques persistants (POP) constitue une \u00e9tape cl\u00e9 pour le gouvernement dans ses efforts pour se conformer aux engagements de la Convention [&hellip;]<\/p>\n","protected":false},"author":1,"featured_media":6625,"comment_status":"closed","ping_status":"closed","sticky":false,"template":"","format":"standard","meta":{"_lmt_disableupdate":"no","_lmt_disable":"","pgc_sgb_lightbox_settings":""},"categories":[58],"tags":[],"post_folder":[],"modified_by":"MINEDD","_links":{"self":[{"href":"https:\/\/did-dev.net\/mineddte\/wp-json\/wp\/v2\/posts\/6624"}],"collection":[{"href":"https:\/\/did-dev.net\/mineddte\/wp-json\/wp\/v2\/posts"}],"about":[{"href":"https:\/\/did-dev.net\/mineddte\/wp-json\/wp\/v2\/types\/post"}],"author":[{"embeddable":true,"href":"https:\/\/did-dev.net\/mineddte\/wp-json\/wp\/v2\/users\/1"}],"replies":[{"embeddable":true,"href":"https:\/\/did-dev.net\/mineddte\/wp-json\/wp\/v2\/comments?post=6624"}],"version-history":[{"count":1,"href":"https:\/\/did-dev.net\/mineddte\/wp-json\/wp\/v2\/posts\/6624\/revisions"}],"predecessor-version":[{"id":6626,"href":"https:\/\/did-dev.net\/mineddte\/wp-json\/wp\/v2\/posts\/6624\/revisions\/6626"}],"wp:featuredmedia":[{"embeddable":true,"href":"https:\/\/did-dev.net\/mineddte\/wp-json\/wp\/v2\/media\/6625"}],"wp:attachment":[{"href":"https:\/\/did-dev.net\/mineddte\/wp-json\/wp\/v2\/media?parent=6624"}],"wp:term":[{"taxonomy":"category","embeddable":true,"href":"https:\/\/did-dev.net\/mineddte\/wp-json\/wp\/v2\/categories?post=6624"},{"taxonomy":"post_tag","embeddable":true,"href":"https:\/\/did-dev.net\/mineddte\/wp-json\/wp\/v2\/tags?post=6624"},{"taxonomy":"post_folder","embeddable":true,"href":"https:\/\/did-dev.net\/mineddte\/wp-json\/wp\/v2\/post_folder?post=6624"}],"curies":[{"name":"wp","href":"https:\/\/api.w.org\/{rel}","templated":true}]}}