{"id":6621,"date":"2025-06-24T18:51:13","date_gmt":"2025-06-24T18:51:13","guid":{"rendered":"https:\/\/did-dev.net\/mineddte\/?p=6621"},"modified":"2025-07-16T11:56:14","modified_gmt":"2025-07-16T11:56:14","slug":"environnement-le-comite-consultatif-technique-du-projet-upopci-organise-sa-premiere-reunion","status":"publish","type":"post","link":"https:\/\/did-dev.net\/mineddte\/environnement-le-comite-consultatif-technique-du-projet-upopci-organise-sa-premiere-reunion\/","title":{"rendered":"ENVIRONNEMENT : LE COMIT\u00c9 CONSULTATIF TECHNIQUE DU PROJET UPOPCI ORGANISE SA PREMI\u00c8RE R\u00c9UNION"},"content":{"rendered":"<div class=\"xdj266r x14z9mp xat24cr x1lziwak x1vvkbs x126k92a\" style=\"text-align: justify;\">\u00a0<\/div>\n<div class=\"x14z9mp xat24cr x1lziwak x1vvkbs xtlvy1s x126k92a\" style=\"text-align: justify;\">\n<div dir=\"auto\"><span style=\"font-family: verdana, geneva, sans-serif;\"><img decoding=\"async\" loading=\"lazy\" class=\"alignnone size-full wp-image-6622\" src=\"https:\/\/did-dev.net\/mineddte\/wp-content\/uploads\/2025\/07\/511690256_1844527689721379_6405075632856822568_n-e1752666805263.jpg\" alt=\"\" width=\"1019\" height=\"400\" srcset=\"https:\/\/did-dev.net\/mineddte\/wp-content\/uploads\/2025\/07\/511690256_1844527689721379_6405075632856822568_n-e1752666805263.jpg 1019w, https:\/\/did-dev.net\/mineddte\/wp-content\/uploads\/2025\/07\/511690256_1844527689721379_6405075632856822568_n-e1752666805263-262x103.jpg 262w, https:\/\/did-dev.net\/mineddte\/wp-content\/uploads\/2025\/07\/511690256_1844527689721379_6405075632856822568_n-e1752666805263-847x332.jpg 847w, https:\/\/did-dev.net\/mineddte\/wp-content\/uploads\/2025\/07\/511690256_1844527689721379_6405075632856822568_n-e1752666805263-100x39.jpg 100w\" sizes=\"(max-width: 1019px) 100vw, 1019px\" \/><\/span><\/div>\n<div dir=\"auto\"><span style=\"font-family: verdana, geneva, sans-serif;\">Ce mardi 24 juin 2025, l\u2019H\u00f4tel Palm Club de Cocody a accueilli la premi\u00e8re r\u00e9union de l\u2019ann\u00e9e du Comit\u00e9 Consultatif Technique (CCT) du projet uPOPCI. Cette rencontre avait pour objectif de faire le point sur la mise en \u0153uvre du Plan de Travail Annuel (PTA) 2025, et de discuter des prochaines \u00e9tapes \u00e0 venir.<\/span><\/div>\n<div dir=\"auto\">\u00a0<\/div>\n<\/div>\n<div class=\"x14z9mp xat24cr x1lziwak x1vvkbs xtlvy1s x126k92a\" style=\"text-align: justify;\">\n<div dir=\"auto\"><span style=\"font-family: verdana, geneva, sans-serif;\">Repr\u00e9sentant la Directrice G\u00e9n\u00e9rale de l\u2019Environnement, Dr N\u2019TAIN Jeanne, c\u2019est Dr TIE Yro Hyacinthe, Directeur de la Qualit\u00e9 et de l&#8217;Environnement pour la Pr\u00e9vention des Risques, qui a pris la parole pour ouvrir la session.<\/span><\/div>\n<div dir=\"auto\">\u00a0<\/div>\n<\/div>\n<div class=\"x14z9mp xat24cr x1lziwak x1vvkbs xtlvy1s x126k92a\" style=\"text-align: justify;\">\n<div dir=\"auto\"><span style=\"font-family: verdana, geneva, sans-serif;\">Dans son intervention, Il a r\u00e9affirm\u00e9 l\u2019engagement du Gouvernement ivoirien en faveur Du projet uPOPCI, inscrit depuis 2023, parmi les initiatives prioritaires de la feuille de route de la Primature. \u00ab La protection de la sant\u00e9 publique et la pr\u00e9servation de l\u2019environnement restent au c\u0153ur des priorit\u00e9s de l\u2019\u00c9tat ivoirien \u00bb, a-t-il soulign\u00e9.<\/span><\/div>\n<div dir=\"auto\">\u00a0<\/div>\n<\/div>\n<div class=\"x14z9mp xat24cr x1lziwak x1vvkbs xtlvy1s x126k92a\" style=\"text-align: justify;\">\n<div dir=\"auto\"><span style=\"font-family: verdana, geneva, sans-serif;\">L\u2019une des bonnes nouvelles partag\u00e9es durant la rencontre est la prolongation du projet pour une ann\u00e9e suppl\u00e9mentaire. Ce prolongement, rendu possible gr\u00e2ce aux avis favorables des membres du CCT et du Comit\u00e9 de Pilotage, offre ainsi, une pr\u00e9cieuse opportunit\u00e9 d\u2019approfondir les actions d\u00e9j\u00e0 entam\u00e9es. L\u2019accent sera mis sur l&#8217;organisation des centres de d\u00e9mant\u00e8lement des DEEE et VHU (D\u00e9chets d\u2019\u00c9quipements \u00c9lectriques et \u00c9lectroniques \/ V\u00e9hicules Hors d\u2019Usage), le renforcement des capacit\u00e9s d\u2019analyse du laboratoire partenaire et l\u2019acc\u00e9l\u00e9ration du processus d\u2019enl\u00e8vement des rebuts dans les rues d\u2019Abidjan.<\/span><\/div>\n<div dir=\"auto\">\u00a0<\/div>\n<\/div>\n<div class=\"x14z9mp xat24cr x1lziwak x1vvkbs xtlvy1s x126k92a\" style=\"text-align: justify;\">\n<div dir=\"auto\"><span style=\"font-family: verdana, geneva, sans-serif;\">Dr TIE a conclu en insistant sur l\u2019importance de tirer pleinement profit de ce d\u00e9lai suppl\u00e9mentaire pour lever les obstacles restants et garantir la pleine r\u00e9ussite des actions en cours.<\/span><\/div>\n<div dir=\"auto\">\u00a0<\/div>\n<\/div>\n<div class=\"x14z9mp xat24cr x1lziwak x1vvkbs xtlvy1s x126k92a\">\n<div dir=\"auto\" style=\"text-align: justify;\"><span style=\"font-family: verdana, geneva, sans-serif;\">La rencontre a \u00e9galement \u00e9t\u00e9 l\u2019occasion pour le Professeur BEDI Gustave, Coordonnateur du projet, de pr\u00e9senter le compte rendu de la pr\u00e9c\u00e9dente r\u00e9union du CCT, l\u2019\u00e9tat de mise en \u0153uvre des recommandations faites. Il a \u00e9galement pr\u00e9sent\u00e9 le bilan technique, administratif et financier, en lien avec le PTA 2025.<\/span><\/div>\n<\/div>\n","protected":false},"excerpt":{"rendered":"<p>\u00a0 Ce mardi 24 juin 2025, l\u2019H\u00f4tel Palm Club de Cocody a accueilli la premi\u00e8re r\u00e9union de l\u2019ann\u00e9e du Comit\u00e9 Consultatif Technique (CCT) du projet uPOPCI. Cette rencontre avait pour [&hellip;]<\/p>\n","protected":false},"author":1,"featured_media":6622,"comment_status":"closed","ping_status":"closed","sticky":false,"template":"","format":"standard","meta":{"_lmt_disableupdate":"no","_lmt_disable":"","pgc_sgb_lightbox_settings":""},"categories":[58],"tags":[],"post_folder":[],"modified_by":"MINEDD","_links":{"self":[{"href":"https:\/\/did-dev.net\/mineddte\/wp-json\/wp\/v2\/posts\/6621"}],"collection":[{"href":"https:\/\/did-dev.net\/mineddte\/wp-json\/wp\/v2\/posts"}],"about":[{"href":"https:\/\/did-dev.net\/mineddte\/wp-json\/wp\/v2\/types\/post"}],"author":[{"embeddable":true,"href":"https:\/\/did-dev.net\/mineddte\/wp-json\/wp\/v2\/users\/1"}],"replies":[{"embeddable":true,"href":"https:\/\/did-dev.net\/mineddte\/wp-json\/wp\/v2\/comments?post=6621"}],"version-history":[{"count":1,"href":"https:\/\/did-dev.net\/mineddte\/wp-json\/wp\/v2\/posts\/6621\/revisions"}],"predecessor-version":[{"id":6623,"href":"https:\/\/did-dev.net\/mineddte\/wp-json\/wp\/v2\/posts\/6621\/revisions\/6623"}],"wp:featuredmedia":[{"embeddable":true,"href":"https:\/\/did-dev.net\/mineddte\/wp-json\/wp\/v2\/media\/6622"}],"wp:attachment":[{"href":"https:\/\/did-dev.net\/mineddte\/wp-json\/wp\/v2\/media?parent=6621"}],"wp:term":[{"taxonomy":"category","embeddable":true,"href":"https:\/\/did-dev.net\/mineddte\/wp-json\/wp\/v2\/categories?post=6621"},{"taxonomy":"post_tag","embeddable":true,"href":"https:\/\/did-dev.net\/mineddte\/wp-json\/wp\/v2\/tags?post=6621"},{"taxonomy":"post_folder","embeddable":true,"href":"https:\/\/did-dev.net\/mineddte\/wp-json\/wp\/v2\/post_folder?post=6621"}],"curies":[{"name":"wp","href":"https:\/\/api.w.org\/{rel}","templated":true}]}}