{"id":6618,"date":"2025-06-19T18:45:05","date_gmt":"2025-06-19T18:45:05","guid":{"rendered":"https:\/\/did-dev.net\/mineddte\/?p=6618"},"modified":"2025-07-16T11:48:08","modified_gmt":"2025-07-16T11:48:08","slug":"projet-promire-le-ministre-assahore-salue-le-succes-du-projet-sur-le-terrain","status":"publish","type":"post","link":"https:\/\/did-dev.net\/mineddte\/projet-promire-le-ministre-assahore-salue-le-succes-du-projet-sur-le-terrain\/","title":{"rendered":"PROJET PROMIRE : LE MINISTRE ASSAHOR\u00c9 SALUE LE SUCC\u00c8S DU PROJET SUR LE TERRAIN"},"content":{"rendered":"<div class=\"xdj266r x14z9mp xat24cr x1lziwak x1vvkbs x126k92a\" style=\"text-align: justify;\">\u00a0<\/div>\n<div class=\"x14z9mp xat24cr x1lziwak x1vvkbs xtlvy1s x126k92a\" style=\"text-align: justify;\">\n<div dir=\"auto\"><span style=\"font-family: verdana, geneva, sans-serif;\"><img decoding=\"async\" loading=\"lazy\" class=\"alignnone size-full wp-image-6619\" src=\"https:\/\/did-dev.net\/mineddte\/wp-content\/uploads\/2025\/07\/509443090_1841134990060649_2113908048260677171_n-e1752666405316.jpg\" alt=\"\" width=\"2048\" height=\"803\" srcset=\"https:\/\/did-dev.net\/mineddte\/wp-content\/uploads\/2025\/07\/509443090_1841134990060649_2113908048260677171_n-e1752666405316.jpg 2048w, https:\/\/did-dev.net\/mineddte\/wp-content\/uploads\/2025\/07\/509443090_1841134990060649_2113908048260677171_n-e1752666405316-262x103.jpg 262w, https:\/\/did-dev.net\/mineddte\/wp-content\/uploads\/2025\/07\/509443090_1841134990060649_2113908048260677171_n-e1752666405316-847x332.jpg 847w, https:\/\/did-dev.net\/mineddte\/wp-content\/uploads\/2025\/07\/509443090_1841134990060649_2113908048260677171_n-e1752666405316-100x39.jpg 100w, https:\/\/did-dev.net\/mineddte\/wp-content\/uploads\/2025\/07\/509443090_1841134990060649_2113908048260677171_n-e1752666405316-1536x602.jpg 1536w\" sizes=\"(max-width: 2048px) 100vw, 2048px\" \/>Le Ministre de l\u2019Environnement, du D\u00e9veloppement Durable et de la Transition \u00c9cologique, Monsieur Assahor\u00e9 Konan Jacques, a exprim\u00e9 sa satisfaction quant \u00e0 la mise en \u0153uvre du projet PROMIRE, lors d\u2019une visite terrain, le jeudi 19 juin 2025 dans les villages d\u2019Ebikro-Ndakro et Sanhoukro, dans le d\u00e9partement d\u2019Aboisso.<\/span><\/div>\n<div dir=\"auto\">\u00a0<\/div>\n<\/div>\n<div class=\"x14z9mp xat24cr x1lziwak x1vvkbs xtlvy1s x126k92a\" style=\"text-align: justify;\">\n<div dir=\"auto\"><span style=\"font-family: verdana, geneva, sans-serif;\">\u00ab Je note que le projet se comporte tr\u00e8s bien. Les initiatives sont bien suivies, les populations sont heureuses d\u2019y participer et de les mettre en \u0153uvre \u00bb, a d\u00e9clar\u00e9 le Ministre, impressionn\u00e9 par l\u2019appropriation locale du programme.<\/span><\/div>\n<div dir=\"auto\">\u00a0<\/div>\n<\/div>\n<div class=\"x14z9mp xat24cr x1lziwak x1vvkbs xtlvy1s x126k92a\" style=\"text-align: justify;\">\n<div dir=\"auto\"><span style=\"font-family: verdana, geneva, sans-serif;\">Lanc\u00e9 en 2021, le projet PROMIRE vise \u00e0 promouvoir une production de cacao sans d\u00e9forestation, \u00e0 travers la restauration de terres d\u00e9grad\u00e9es, l\u2019agroforesterie, le reboisement, et l\u2019accompagnement des coop\u00e9ratives agricoles. Il contribue ainsi \u00e0 la r\u00e9duction des \u00e9missions de gaz \u00e0 effet de serre tout en am\u00e9liorant les revenus agricoles.<\/span><\/div>\n<div dir=\"auto\">\u00a0<\/div>\n<\/div>\n<div class=\"x14z9mp xat24cr x1lziwak x1vvkbs xtlvy1s x126k92a\" style=\"text-align: justify;\">\n<div dir=\"auto\"><span style=\"font-family: verdana, geneva, sans-serif;\">Monsieur Assahor\u00e9 a salu\u00e9 l\u2019engagement des producteurs et a tenu \u00e0 remercier la FAO, partenaire technique du projet, pour son appui constant. Il a soulign\u00e9 que PROMIRE s\u2019inscrit pleinement dans la vision de transition \u00e9cologique du gouvernement, alliant performance agricole et pr\u00e9servation des ressources naturelles.<\/span><\/div>\n<div dir=\"auto\">\u00a0<\/div>\n<\/div>\n<div class=\"x14z9mp xat24cr x1lziwak x1vvkbs xtlvy1s x126k92a\" style=\"text-align: justify;\">\n<div dir=\"auto\"><span style=\"font-family: verdana, geneva, sans-serif;\">\u00ab Le projet va permettre aux paysans de g\u00e9n\u00e9rer des revenus suppl\u00e9mentaires durables, et donc renforcer leur autonomie \u00e9conomique \u00bb, a-t-il ajout\u00e9.<\/span><\/div>\n<div dir=\"auto\">\u00a0<\/div>\n<\/div>\n<div class=\"x14z9mp xat24cr x1lziwak x1vvkbs xtlvy1s x126k92a\" style=\"text-align: justify;\">\n<div dir=\"auto\"><span style=\"font-family: verdana, geneva, sans-serif;\">Le repr\u00e9sentant de la FAO en C\u00f4te d\u2019Ivoire, Joseph Nyemah, qui a pris part \u00e0 la mission, s\u2019est r\u00e9joui de constater des r\u00e9sultats \u00ab concrets \u00bb sur le terrain. Il a mis en avant la forte implication des communaut\u00e9s locales, notamment des femmes, dans la r\u00e9ussite du projet.<\/span><\/div>\n<div dir=\"auto\">\u00a0<\/div>\n<\/div>\n<div class=\"x14z9mp xat24cr x1lziwak x1vvkbs xtlvy1s x126k92a\" style=\"text-align: justify;\">\n<div dir=\"auto\"><span style=\"font-family: verdana, geneva, sans-serif;\">Cette visite a \u00e9galement mobilis\u00e9 plusieurs autorit\u00e9s locales, dont le pr\u00e9fet d\u2019Aboisso, L\u00e9gr\u00e9 Koukougon, le premier vice-pr\u00e9sident du Conseil r\u00e9gional Pr Alphonse Kadjo, le d\u00e9put\u00e9 d\u2019Ayam\u00e9 Kacou Brou, ainsi que des chefs de services techniques.<\/span><\/div>\n<div dir=\"auto\">\u00a0<\/div>\n<\/div>\n<div class=\"x14z9mp xat24cr x1lziwak x1vvkbs xtlvy1s x126k92a\">\n<div dir=\"auto\" style=\"text-align: justify;\"><span style=\"font-family: verdana, geneva, sans-serif;\">Parmi les actions concr\u00e8tes, les visiteurs ont pu observer des parcelles de cacaoy\u00e8res enrichies d\u2019essences foresti\u00e8res, preuve d\u2019une r\u00e9elle transition vers une agriculture plus durable et respectueuse de l\u2019environnement.<\/span><\/div>\n<\/div>\n","protected":false},"excerpt":{"rendered":"<p>\u00a0 Le Ministre de l\u2019Environnement, du D\u00e9veloppement Durable et de la Transition \u00c9cologique, Monsieur Assahor\u00e9 Konan Jacques, a exprim\u00e9 sa satisfaction quant \u00e0 la mise en \u0153uvre du projet PROMIRE, [&hellip;]<\/p>\n","protected":false},"author":1,"featured_media":6619,"comment_status":"closed","ping_status":"closed","sticky":false,"template":"","format":"standard","meta":{"_lmt_disableupdate":"no","_lmt_disable":"","pgc_sgb_lightbox_settings":""},"categories":[58],"tags":[],"post_folder":[],"modified_by":"MINEDD","_links":{"self":[{"href":"https:\/\/did-dev.net\/mineddte\/wp-json\/wp\/v2\/posts\/6618"}],"collection":[{"href":"https:\/\/did-dev.net\/mineddte\/wp-json\/wp\/v2\/posts"}],"about":[{"href":"https:\/\/did-dev.net\/mineddte\/wp-json\/wp\/v2\/types\/post"}],"author":[{"embeddable":true,"href":"https:\/\/did-dev.net\/mineddte\/wp-json\/wp\/v2\/users\/1"}],"replies":[{"embeddable":true,"href":"https:\/\/did-dev.net\/mineddte\/wp-json\/wp\/v2\/comments?post=6618"}],"version-history":[{"count":1,"href":"https:\/\/did-dev.net\/mineddte\/wp-json\/wp\/v2\/posts\/6618\/revisions"}],"predecessor-version":[{"id":6620,"href":"https:\/\/did-dev.net\/mineddte\/wp-json\/wp\/v2\/posts\/6618\/revisions\/6620"}],"wp:featuredmedia":[{"embeddable":true,"href":"https:\/\/did-dev.net\/mineddte\/wp-json\/wp\/v2\/media\/6619"}],"wp:attachment":[{"href":"https:\/\/did-dev.net\/mineddte\/wp-json\/wp\/v2\/media?parent=6618"}],"wp:term":[{"taxonomy":"category","embeddable":true,"href":"https:\/\/did-dev.net\/mineddte\/wp-json\/wp\/v2\/categories?post=6618"},{"taxonomy":"post_tag","embeddable":true,"href":"https:\/\/did-dev.net\/mineddte\/wp-json\/wp\/v2\/tags?post=6618"},{"taxonomy":"post_folder","embeddable":true,"href":"https:\/\/did-dev.net\/mineddte\/wp-json\/wp\/v2\/post_folder?post=6618"}],"curies":[{"name":"wp","href":"https:\/\/api.w.org\/{rel}","templated":true}]}}