{"id":6615,"date":"2025-06-19T10:26:24","date_gmt":"2025-06-19T10:26:24","guid":{"rendered":"https:\/\/did-dev.net\/mineddte\/?p=6615"},"modified":"2025-07-16T10:29:46","modified_gmt":"2025-07-16T10:29:46","slug":"transition-ecologique-la-cote-divoire-mise-sur-lequite-de-genre-pour-une-croissance-durable","status":"publish","type":"post","link":"https:\/\/did-dev.net\/mineddte\/transition-ecologique-la-cote-divoire-mise-sur-lequite-de-genre-pour-une-croissance-durable\/","title":{"rendered":"TRANSITION \u00c9COLOGIQUE : LA C\u00d4TE D\u2019IVOIRE MISE SUR L\u2019\u00c9QUIT\u00c9 DE GENRE POUR UNE CROISSANCE DURABLE"},"content":{"rendered":"<div class=\"xdj266r x14z9mp xat24cr x1lziwak x1vvkbs x126k92a\">\u00a0<\/div>\n<div class=\"x14z9mp xat24cr x1lziwak x1vvkbs xtlvy1s x126k92a\" style=\"text-align: justify;\">\n<div dir=\"auto\"><span style=\"font-family: verdana, geneva, sans-serif;\"><img decoding=\"async\" loading=\"lazy\" class=\"alignnone size-full wp-image-6616\" src=\"https:\/\/did-dev.net\/mineddte\/wp-content\/uploads\/2025\/07\/508481399_1840245743482907_5457815742591421223_n-e1752661707676.jpg\" alt=\"\" width=\"1600\" height=\"628\" srcset=\"https:\/\/did-dev.net\/mineddte\/wp-content\/uploads\/2025\/07\/508481399_1840245743482907_5457815742591421223_n-e1752661707676.jpg 1600w, https:\/\/did-dev.net\/mineddte\/wp-content\/uploads\/2025\/07\/508481399_1840245743482907_5457815742591421223_n-e1752661707676-262x103.jpg 262w, https:\/\/did-dev.net\/mineddte\/wp-content\/uploads\/2025\/07\/508481399_1840245743482907_5457815742591421223_n-e1752661707676-847x332.jpg 847w, https:\/\/did-dev.net\/mineddte\/wp-content\/uploads\/2025\/07\/508481399_1840245743482907_5457815742591421223_n-e1752661707676-100x39.jpg 100w, https:\/\/did-dev.net\/mineddte\/wp-content\/uploads\/2025\/07\/508481399_1840245743482907_5457815742591421223_n-e1752661707676-1536x603.jpg 1536w\" sizes=\"(max-width: 1600px) 100vw, 1600px\" \/>Le Minist\u00e8re de l\u2019Environnement, du D\u00e9veloppement Durable et de la Transition \u00c9cologique, en collaboration avec la Commission de l\u2019Union Africaine et le Global Green Growth Institute (GGGI), tient \u00e0 Abidjan, du 18 au 20 juin 2025, un atelier strat\u00e9gique consacr\u00e9 \u00e0 l\u2019int\u00e9gration du genre dans les initiatives de croissance verte.<\/span><\/div>\n<div dir=\"auto\">\u00a0<\/div>\n<\/div>\n<div class=\"x14z9mp xat24cr x1lziwak x1vvkbs xtlvy1s x126k92a\" style=\"text-align: justify;\">\n<div dir=\"auto\"><span style=\"font-family: verdana, geneva, sans-serif;\">Ce rendez-vous r\u00e9unit des experts nationaux et internationaux, des repr\u00e9sentants de la soci\u00e9t\u00e9 civile, ainsi que des partenaires techniques et financiers. L\u2019objectif est de discuter et valider une feuille de route, et une carte de parcours qui permettront d\u2019ancrer les outils li\u00e9s au genre dans les politiques publiques et les dispositifs institutionnels.<\/span><\/div>\n<div dir=\"auto\">\u00a0<\/div>\n<\/div>\n<div class=\"x14z9mp xat24cr x1lziwak x1vvkbs xtlvy1s x126k92a\" style=\"text-align: justify;\">\n<div dir=\"auto\"><span style=\"font-family: verdana, geneva, sans-serif;\">Parmi les personnalit\u00e9s pr\u00e9sentes figurent Mme Katerina Syngellakis, Directrice R\u00e9gionale Afrique du GGGI, M. Lagaud Mayeul, Conseiller Technique repr\u00e9sentant le ministre de l\u2019Environnement, du D\u00e9veloppement Durable et de la Transition \u00c9cologique, M. Amadou KANE, conseiller et Chef de la Coop\u00e9ration \u00e0 l&#8217;ambassade du Canada en C\u00f4te d&#8217;Ivoire et M. Mohamed Sanogo, Coordonnateur du Programme National Changement Climatique.<\/span><\/div>\n<\/div>\n<div dir=\"auto\">\u00a0<\/div>\n<div class=\"x14z9mp xat24cr x1lziwak x1vvkbs xtlvy1s x126k92a\" style=\"text-align: justify;\">\n<div dir=\"auto\"><span style=\"font-family: verdana, geneva, sans-serif;\">Cette initiative s\u2019inscrit dans le cadre du Plan d\u2019Action pour une Relance Verte de l\u2019Union Africaine (AU-GRAP 2021-2027), adopt\u00e9 en 2022, qui vise \u00e0 orienter les efforts post-COVID vers une relance \u00e9conomique durable et r\u00e9siliente. Le plan repose sur cinq axes prioritaires : financement climatique, \u00e9nergie propre, solutions fond\u00e9es sur la nature, agriculture durable et villes vertes.<\/span><\/div>\n<div dir=\"auto\">\u00a0<\/div>\n<\/div>\n<div class=\"x14z9mp xat24cr x1lziwak x1vvkbs xtlvy1s x126k92a\">\n<div dir=\"auto\" style=\"text-align: justify;\"><span style=\"font-family: verdana, geneva, sans-serif;\">\u00c0 travers cet atelier, la C\u00f4te d\u2019Ivoire marque sa volont\u00e9 d\u2019associer pleinement les femmes \u00e0 la lutte contre les changements climatiques et \u00e0 la construction d\u2019un avenir respectueux de l\u2019environnement. Une d\u00e9marche qui place l\u2019inclusion au c\u0153ur de la transition verte africaine.<\/span><\/div>\n<\/div>\n","protected":false},"excerpt":{"rendered":"<p>\u00a0 Le Minist\u00e8re de l\u2019Environnement, du D\u00e9veloppement Durable et de la Transition \u00c9cologique, en collaboration avec la Commission de l\u2019Union Africaine et le Global Green Growth Institute (GGGI), tient \u00e0 [&hellip;]<\/p>\n","protected":false},"author":1,"featured_media":6616,"comment_status":"closed","ping_status":"closed","sticky":false,"template":"","format":"standard","meta":{"_lmt_disableupdate":"no","_lmt_disable":"","pgc_sgb_lightbox_settings":""},"categories":[58],"tags":[],"post_folder":[],"modified_by":"MINEDD","_links":{"self":[{"href":"https:\/\/did-dev.net\/mineddte\/wp-json\/wp\/v2\/posts\/6615"}],"collection":[{"href":"https:\/\/did-dev.net\/mineddte\/wp-json\/wp\/v2\/posts"}],"about":[{"href":"https:\/\/did-dev.net\/mineddte\/wp-json\/wp\/v2\/types\/post"}],"author":[{"embeddable":true,"href":"https:\/\/did-dev.net\/mineddte\/wp-json\/wp\/v2\/users\/1"}],"replies":[{"embeddable":true,"href":"https:\/\/did-dev.net\/mineddte\/wp-json\/wp\/v2\/comments?post=6615"}],"version-history":[{"count":1,"href":"https:\/\/did-dev.net\/mineddte\/wp-json\/wp\/v2\/posts\/6615\/revisions"}],"predecessor-version":[{"id":6617,"href":"https:\/\/did-dev.net\/mineddte\/wp-json\/wp\/v2\/posts\/6615\/revisions\/6617"}],"wp:featuredmedia":[{"embeddable":true,"href":"https:\/\/did-dev.net\/mineddte\/wp-json\/wp\/v2\/media\/6616"}],"wp:attachment":[{"href":"https:\/\/did-dev.net\/mineddte\/wp-json\/wp\/v2\/media?parent=6615"}],"wp:term":[{"taxonomy":"category","embeddable":true,"href":"https:\/\/did-dev.net\/mineddte\/wp-json\/wp\/v2\/categories?post=6615"},{"taxonomy":"post_tag","embeddable":true,"href":"https:\/\/did-dev.net\/mineddte\/wp-json\/wp\/v2\/tags?post=6615"},{"taxonomy":"post_folder","embeddable":true,"href":"https:\/\/did-dev.net\/mineddte\/wp-json\/wp\/v2\/post_folder?post=6615"}],"curies":[{"name":"wp","href":"https:\/\/api.w.org\/{rel}","templated":true}]}}