{"id":6611,"date":"2025-06-17T20:16:20","date_gmt":"2025-06-17T20:16:20","guid":{"rendered":"https:\/\/did-dev.net\/mineddte\/?p=6611"},"modified":"2025-07-16T10:22:19","modified_gmt":"2025-07-16T10:22:19","slug":"environnement-la-cote-divoire-recoit-son-second-paiement-carbone-dun-montant-de-15-millions-de-dollars-us","status":"publish","type":"post","link":"https:\/\/did-dev.net\/mineddte\/environnement-la-cote-divoire-recoit-son-second-paiement-carbone-dun-montant-de-15-millions-de-dollars-us\/","title":{"rendered":"ENVIRONNEMENT : LA C\u00d4TE D\u2019IVOIRE RE\u00c7OIT SON SECOND PAIEMENT CARBONE D&#8217;UN MONTANT DE 15 MILLIONS DE DOLLARS US"},"content":{"rendered":"<div class=\"xdj266r x14z9mp xat24cr x1lziwak x1vvkbs x126k92a\">\u00a0<\/div>\n<div class=\"x14z9mp xat24cr x1lziwak x1vvkbs xtlvy1s x126k92a\" style=\"text-align: justify;\">\n<div dir=\"auto\"><span style=\"font-family: verdana, geneva, sans-serif;\"><img decoding=\"async\" loading=\"lazy\" class=\"alignnone size-full wp-image-6612\" src=\"https:\/\/did-dev.net\/mineddte\/wp-content\/uploads\/2025\/07\/509357772_1839106506930164_19664093353490761_n-e1752661141281.jpg\" alt=\"\" width=\"2048\" height=\"803\" srcset=\"https:\/\/did-dev.net\/mineddte\/wp-content\/uploads\/2025\/07\/509357772_1839106506930164_19664093353490761_n-e1752661141281.jpg 2048w, https:\/\/did-dev.net\/mineddte\/wp-content\/uploads\/2025\/07\/509357772_1839106506930164_19664093353490761_n-e1752661141281-262x103.jpg 262w, https:\/\/did-dev.net\/mineddte\/wp-content\/uploads\/2025\/07\/509357772_1839106506930164_19664093353490761_n-e1752661141281-847x332.jpg 847w, https:\/\/did-dev.net\/mineddte\/wp-content\/uploads\/2025\/07\/509357772_1839106506930164_19664093353490761_n-e1752661141281-100x39.jpg 100w, https:\/\/did-dev.net\/mineddte\/wp-content\/uploads\/2025\/07\/509357772_1839106506930164_19664093353490761_n-e1752661141281-1536x602.jpg 1536w\" sizes=\"(max-width: 2048px) 100vw, 2048px\" \/>\u00ab Notre pays a officiellement re\u00e7u un deuxi\u00e8me paiement carbone de 15 millions de dollars, r\u00e9compensant les efforts r\u00e9alis\u00e9s sur la p\u00e9riode 2022-2023 \u00bb, a annonc\u00e9 le Ministre de l\u2019Environnement, du D\u00e9veloppement Durable et de la Transition \u00c9cologique, M. Assahor\u00e9 Konan Jacques, lors d\u2019un point de presse tenu le mardi 17 juin 2025, \u00e0 Noom H\u00f4tel Abidjan.<\/span><\/div>\n<div dir=\"auto\">\u00a0<\/div>\n<\/div>\n<div class=\"x14z9mp xat24cr x1lziwak x1vvkbs xtlvy1s x126k92a\" style=\"text-align: justify;\">\n<div dir=\"auto\"><span style=\"font-family: verdana, geneva, sans-serif;\">Ce paiement fait suite \u00e0 la r\u00e9duction effective de 13 millions de tonnes de CO\u2082, rendue possible gr\u00e2ce \u00e0 la mise en \u0153uvre d\u2019activit\u00e9s de reboisement, d\u2019agroforesterie et de conservation des for\u00eats dans les cinq r\u00e9gions concern\u00e9es par le projet (Cavally, Gb\u00f4kl\u00ea, Gu\u00e9mon, Nawa et San Pedro).<\/span><\/div>\n<div dir=\"auto\">\u00a0<\/div>\n<\/div>\n<div class=\"x14z9mp xat24cr x1lziwak x1vvkbs xtlvy1s x126k92a\" style=\"text-align: justify;\">\n<div dir=\"auto\"><span style=\"font-family: verdana, geneva, sans-serif;\">Avec cette performance, la C\u00f4te d\u2019Ivoire devient le premier pays africain et le deuxi\u00e8me au monde, apr\u00e8s le Vietnam, \u00e0 avoir int\u00e9gralement ex\u00e9cut\u00e9 un contrat d\u2019achat de r\u00e9ductions d\u2019\u00e9missions carbone avec le Fonds de Partenariat pour le Carbone Forestier (FCPF) de la Banque mondiale.<\/span><\/div>\n<div dir=\"auto\">\u00a0<\/div>\n<\/div>\n<div class=\"x14z9mp xat24cr x1lziwak x1vvkbs xtlvy1s x126k92a\" style=\"text-align: justify;\">\n<div dir=\"auto\"><span style=\"font-family: verdana, geneva, sans-serif;\">Selon le Ministre de l&#8217;Environnement, la C\u00f4te d\u2019Ivoire a g\u00e9n\u00e9r\u00e9 10 millions de tonnes de cr\u00e9dits carbone exc\u00e9dentaires, au-del\u00e0 des engagements contractuels. Ces cr\u00e9dits pourront d\u00e9sormais \u00eatre valoris\u00e9s sur les march\u00e9s volontaires internationaux, ou utilis\u00e9s pour atteindre les objectifs climatiques nationaux fix\u00e9s dans les Contributions D\u00e9termin\u00e9es au niveau National (CDN).<\/span><\/div>\n<div dir=\"auto\">\u00a0<\/div>\n<\/div>\n<div class=\"x14z9mp xat24cr x1lziwak x1vvkbs xtlvy1s x126k92a\" style=\"text-align: justify;\">\n<div dir=\"auto\"><span style=\"font-family: verdana, geneva, sans-serif;\">\u00ab Au-del\u00e0 de cette performance contractuelle, c\u2019est la cr\u00e9dibilit\u00e9 climatique de la C\u00f4te d\u2019Ivoire qui se voit aujourd\u2019hui consolid\u00e9e sur la sc\u00e8ne internationale \u00bb, a-t-il ajout\u00e9.<\/span><\/div>\n<div dir=\"auto\">\u00a0<\/div>\n<\/div>\n<div class=\"x14z9mp xat24cr x1lziwak x1vvkbs xtlvy1s x126k92a\" style=\"text-align: justify;\">\n<div dir=\"auto\"><span style=\"font-family: verdana, geneva, sans-serif;\">Pour rappel, la C\u00f4te d\u2019Ivoire avait d\u00e9j\u00e0 re\u00e7u en juin 2024 un premier paiement de 35 millions de dollars, pour la r\u00e9duction de 7 millions de tonnes de CO\u2082 durant la p\u00e9riode 2020-2021. Ainsi, les 10 millions de tonnes pr\u00e9vues dans le contrat sign\u00e9 en 2020 ont \u00e9t\u00e9 pleinement atteintes, puis d\u00e9pass\u00e9es. Avec cette op\u00e9ration, ce sont au total 50 millions de dollars, soit environ 30 milliards de francs CFA qui ont \u00e9t\u00e9 obtenus dans le cadre du Projet de Paiement des R\u00e9ductions d\u2019\u00c9missions autour du Parc National de Ta\u00ef (PRE).<\/span><\/div>\n<div dir=\"auto\">\u00a0<\/div>\n<\/div>\n<div class=\"x14z9mp xat24cr x1lziwak x1vvkbs xtlvy1s x126k92a\" style=\"text-align: justify;\">\n<div dir=\"auto\"><span style=\"font-family: verdana, geneva, sans-serif;\">Pr\u00e9sente au point de presse, Mme Marie-Chantal Uwanyiligira, Directrice des op\u00e9rations de la Banque Mondiale pour la C\u00f4te d\u2019Ivoire, le B\u00e9nin, la Guin\u00e9e et le Togo, a f\u00e9licit\u00e9 le leadership ivoirien et encourag\u00e9 les autres pays \u00e0 s\u2019inspirer de cette dynamique. Elle a \u00e9galement salu\u00e9 le succ\u00e8s du Plan de Partage des B\u00e9n\u00e9fices (PPB) du Projet, qui assure une redistribution \u00e9quitable, transparente et inclusive des revenus aux populations concern\u00e9es.<\/span><\/div>\n<div dir=\"auto\">\u00a0<\/div>\n<\/div>\n<div class=\"x14z9mp xat24cr x1lziwak x1vvkbs xtlvy1s x126k92a\" style=\"text-align: justify;\">\n<div dir=\"auto\"><span style=\"font-family: verdana, geneva, sans-serif;\">\u00c0 ce jour, plus de 12 000 b\u00e9n\u00e9ficiaires ont re\u00e7u leur part via virement bancaire ou transfert mobile. Un nouvel Appel \u00e0 Manifestation d\u2019Int\u00e9r\u00eat (AMI) sera lanc\u00e9 en juillet 2025 afin d\u2019enregistrer de nouveaux b\u00e9n\u00e9ficiaires pour la p\u00e9riode 2022-2024.<\/span><\/div>\n<div dir=\"auto\">\u00a0<\/div>\n<\/div>\n<div class=\"x14z9mp xat24cr x1lziwak x1vvkbs xtlvy1s x126k92a\">\n<div dir=\"auto\" style=\"text-align: justify;\"><span style=\"font-family: verdana, geneva, sans-serif;\">Pour pouvoir en b\u00e9n\u00e9ficier, les populations doivent remplir deux conditions:<\/span><\/div>\n<div dir=\"auto\" style=\"text-align: justify;\"><span style=\"font-family: verdana, geneva, sans-serif;\">&#8211; Disposer d\u2019une pi\u00e8ce d\u2019identit\u00e9 valide ;<\/span><\/div>\n<div dir=\"auto\" style=\"text-align: justify;\"><span style=\"font-family: verdana, geneva, sans-serif;\">&#8211; Avoir un compte Mobile Money personnel (MTN, ORANGE ou WAVE), afin d\u2019assurer un paiement tra\u00e7able et s\u00e9curis\u00e9.<\/span><\/div>\n<\/div>\n","protected":false},"excerpt":{"rendered":"<p>\u00a0 \u00ab Notre pays a officiellement re\u00e7u un deuxi\u00e8me paiement carbone de 15 millions de dollars, r\u00e9compensant les efforts r\u00e9alis\u00e9s sur la p\u00e9riode 2022-2023 \u00bb, a annonc\u00e9 le Ministre de [&hellip;]<\/p>\n","protected":false},"author":1,"featured_media":6612,"comment_status":"closed","ping_status":"closed","sticky":false,"template":"","format":"standard","meta":{"_lmt_disableupdate":"no","_lmt_disable":"","pgc_sgb_lightbox_settings":""},"categories":[58],"tags":[],"post_folder":[],"modified_by":"MINEDD","_links":{"self":[{"href":"https:\/\/did-dev.net\/mineddte\/wp-json\/wp\/v2\/posts\/6611"}],"collection":[{"href":"https:\/\/did-dev.net\/mineddte\/wp-json\/wp\/v2\/posts"}],"about":[{"href":"https:\/\/did-dev.net\/mineddte\/wp-json\/wp\/v2\/types\/post"}],"author":[{"embeddable":true,"href":"https:\/\/did-dev.net\/mineddte\/wp-json\/wp\/v2\/users\/1"}],"replies":[{"embeddable":true,"href":"https:\/\/did-dev.net\/mineddte\/wp-json\/wp\/v2\/comments?post=6611"}],"version-history":[{"count":2,"href":"https:\/\/did-dev.net\/mineddte\/wp-json\/wp\/v2\/posts\/6611\/revisions"}],"predecessor-version":[{"id":6614,"href":"https:\/\/did-dev.net\/mineddte\/wp-json\/wp\/v2\/posts\/6611\/revisions\/6614"}],"wp:featuredmedia":[{"embeddable":true,"href":"https:\/\/did-dev.net\/mineddte\/wp-json\/wp\/v2\/media\/6612"}],"wp:attachment":[{"href":"https:\/\/did-dev.net\/mineddte\/wp-json\/wp\/v2\/media?parent=6611"}],"wp:term":[{"taxonomy":"category","embeddable":true,"href":"https:\/\/did-dev.net\/mineddte\/wp-json\/wp\/v2\/categories?post=6611"},{"taxonomy":"post_tag","embeddable":true,"href":"https:\/\/did-dev.net\/mineddte\/wp-json\/wp\/v2\/tags?post=6611"},{"taxonomy":"post_folder","embeddable":true,"href":"https:\/\/did-dev.net\/mineddte\/wp-json\/wp\/v2\/post_folder?post=6611"}],"curies":[{"name":"wp","href":"https:\/\/api.w.org\/{rel}","templated":true}]}}