{"id":6608,"date":"2025-06-17T14:07:46","date_gmt":"2025-06-17T14:07:46","guid":{"rendered":"https:\/\/did-dev.net\/mineddte\/?p=6608"},"modified":"2025-07-16T10:13:31","modified_gmt":"2025-07-16T10:13:31","slug":"lutte-contre-la-desertification-franck-kessie-sengage-aux-cotes-du-mineddte","status":"publish","type":"post","link":"https:\/\/did-dev.net\/mineddte\/lutte-contre-la-desertification-franck-kessie-sengage-aux-cotes-du-mineddte\/","title":{"rendered":"LUTTE CONTRE LA D\u00c9SERTIFICATION : FRANCK KESSI\u00c9 S\u2019ENGAGE AUX C\u00d4T\u00c9S DU MINEDDTE"},"content":{"rendered":"<div class=\"xdj266r x14z9mp xat24cr x1lziwak x1vvkbs x126k92a\">\u00a0<\/div>\n<div class=\"x14z9mp xat24cr x1lziwak x1vvkbs xtlvy1s x126k92a\" style=\"text-align: justify;\">\n<div dir=\"auto\"><span style=\"font-family: verdana, geneva, sans-serif;\"><img decoding=\"async\" loading=\"lazy\" class=\"alignnone size-full wp-image-6609\" src=\"https:\/\/did-dev.net\/mineddte\/wp-content\/uploads\/2025\/07\/508411310_1838498416990973_6302324582760565382_n-e1752660682817.jpg\" alt=\"\" width=\"2048\" height=\"803\" srcset=\"https:\/\/did-dev.net\/mineddte\/wp-content\/uploads\/2025\/07\/508411310_1838498416990973_6302324582760565382_n-e1752660682817.jpg 2048w, https:\/\/did-dev.net\/mineddte\/wp-content\/uploads\/2025\/07\/508411310_1838498416990973_6302324582760565382_n-e1752660682817-262x103.jpg 262w, https:\/\/did-dev.net\/mineddte\/wp-content\/uploads\/2025\/07\/508411310_1838498416990973_6302324582760565382_n-e1752660682817-847x332.jpg 847w, https:\/\/did-dev.net\/mineddte\/wp-content\/uploads\/2025\/07\/508411310_1838498416990973_6302324582760565382_n-e1752660682817-100x39.jpg 100w, https:\/\/did-dev.net\/mineddte\/wp-content\/uploads\/2025\/07\/508411310_1838498416990973_6302324582760565382_n-e1752660682817-1536x602.jpg 1536w\" sizes=\"(max-width: 2048px) 100vw, 2048px\" \/>Le Ministre de l\u2019Environnement, du D\u00e9veloppement Durable et de la Transition \u00c9cologique, monsieur Assahor\u00e9 Konan Jacques, a accord\u00e9 une audience \u00e0 l\u2019international ivoirien Franck Kessi\u00e9, Ambassadeur des Nations Unies pour la lutte contre la d\u00e9sertification, ce mardi 17 juin 2025, \u00e0 son cabinet.<\/span><\/div>\n<div dir=\"auto\">\u00a0<\/div>\n<\/div>\n<div class=\"x14z9mp xat24cr x1lziwak x1vvkbs xtlvy1s x126k92a\" style=\"text-align: justify;\">\n<div dir=\"auto\"><span style=\"font-family: verdana, geneva, sans-serif;\">Nomm\u00e9 en d\u00e9cembre 2024, \u00e0 Riyad lors de la COP 16, Franck Kessi\u00e9 s\u2019est vu confier ce r\u00f4le pour son engagement croissant en faveur de la sensibilisation \u00e0 la d\u00e9sertification et \u00e0 la d\u00e9gradation des terres. Cette rencontre a \u00e9t\u00e9 l\u2019occasion pour le footballeur de pr\u00e9senter ses civilit\u00e9s au Ministre, mais aussi de poser les jalons d\u2019une collaboration prochaine entre sa fondation et le Minist\u00e8re.<\/span><\/div>\n<div dir=\"auto\">\u00a0<\/div>\n<\/div>\n<div class=\"x14z9mp xat24cr x1lziwak x1vvkbs xtlvy1s x126k92a\" style=\"text-align: justify;\">\n<div dir=\"auto\"><span style=\"font-family: verdana, geneva, sans-serif;\">L\u2019international ivoirien a exprim\u00e9 sa pleine disponibilit\u00e9 \u00e0 accompagner le Minist\u00e8re charg\u00e9 de l\u2019Environnement dans ses efforts de sensibilisation et d\u2019action contre la d\u00e9gradation des terres. Une volont\u00e9 que le Ministre Assahor\u00e9 a salu\u00e9e avec enthousiasme, soulignant la port\u00e9e d\u2019un tel engagement.<\/span><\/div>\n<div dir=\"auto\">\u00a0<\/div>\n<\/div>\n<div class=\"x14z9mp xat24cr x1lziwak x1vvkbs xtlvy1s x126k92a\" style=\"text-align: justify;\">\n<div dir=\"auto\"><span style=\"font-family: verdana, geneva, sans-serif;\">\u00ab Cher Franck, votre engagement au service de cette noble cause est un puissant signal, un signal que l\u2019Afrique refuse de subir. Vous montrez que notre jeunesse peut briller au-del\u00e0 du sport, en d\u00e9fendant notre patrimoine naturel, nos terres nourrici\u00e8res et nos communaut\u00e9s rurales. \u00bb, a-t-il indiqu\u00e9.<\/span><\/div>\n<div dir=\"auto\">\u00a0<\/div>\n<\/div>\n<div class=\"x14z9mp xat24cr x1lziwak x1vvkbs xtlvy1s x126k92a\" style=\"text-align: justify;\">\n<div dir=\"auto\"><span style=\"font-family: verdana, geneva, sans-serif;\">Le Ministre a rappel\u00e9 que la d\u00e9sertification constitue une menace directe pour la souverainet\u00e9 alimentaire, la paix sociale et l\u2019\u00e9conomie. En Afrique, plus de 70 % des terres productives sont d\u00e9j\u00e0 touch\u00e9es ou menac\u00e9es. Face \u00e0 cette urgence, la C\u00f4te d\u2019Ivoire a adopt\u00e9 une approche int\u00e9gr\u00e9e, misant sur la participation communautaire, la mobilisation des collectivit\u00e9s et l\u2019appui des partenaires internationaux. <\/span><\/div>\n<div dir=\"auto\">\u00a0<\/div>\n<div dir=\"auto\"><span style=\"font-family: verdana, geneva, sans-serif;\">Un objectif ambitieux a \u00e9t\u00e9 fix\u00e9 : \u00ab r\u00e9habiliter 500 000 hectares de terres d\u2019ici 2030 \u00bb.<\/span><\/div>\n<\/div>\n<div class=\"x14z9mp xat24cr x1lziwak x1vvkbs xtlvy1s x126k92a\">\n<div dir=\"auto\" style=\"text-align: justify;\"><span style=\"font-family: verdana, geneva, sans-serif;\">La collaboration entre le Minist\u00e8re et la Fondation Franck Kessi\u00e9 s\u2019annonce comme un levier fort de mobilisation, en particulier aupr\u00e8s des jeunes. Un match d\u00e9cisif est en cours. Celui pour sauver nos terres et b\u00e2tir un avenir durable.<\/span><\/div>\n<\/div>\n","protected":false},"excerpt":{"rendered":"<p>\u00a0 Le Ministre de l\u2019Environnement, du D\u00e9veloppement Durable et de la Transition \u00c9cologique, monsieur Assahor\u00e9 Konan Jacques, a accord\u00e9 une audience \u00e0 l\u2019international ivoirien Franck Kessi\u00e9, Ambassadeur des Nations Unies [&hellip;]<\/p>\n","protected":false},"author":1,"featured_media":6609,"comment_status":"closed","ping_status":"closed","sticky":false,"template":"","format":"standard","meta":{"_lmt_disableupdate":"no","_lmt_disable":"","pgc_sgb_lightbox_settings":""},"categories":[58],"tags":[],"post_folder":[],"modified_by":"MINEDD","_links":{"self":[{"href":"https:\/\/did-dev.net\/mineddte\/wp-json\/wp\/v2\/posts\/6608"}],"collection":[{"href":"https:\/\/did-dev.net\/mineddte\/wp-json\/wp\/v2\/posts"}],"about":[{"href":"https:\/\/did-dev.net\/mineddte\/wp-json\/wp\/v2\/types\/post"}],"author":[{"embeddable":true,"href":"https:\/\/did-dev.net\/mineddte\/wp-json\/wp\/v2\/users\/1"}],"replies":[{"embeddable":true,"href":"https:\/\/did-dev.net\/mineddte\/wp-json\/wp\/v2\/comments?post=6608"}],"version-history":[{"count":1,"href":"https:\/\/did-dev.net\/mineddte\/wp-json\/wp\/v2\/posts\/6608\/revisions"}],"predecessor-version":[{"id":6610,"href":"https:\/\/did-dev.net\/mineddte\/wp-json\/wp\/v2\/posts\/6608\/revisions\/6610"}],"wp:featuredmedia":[{"embeddable":true,"href":"https:\/\/did-dev.net\/mineddte\/wp-json\/wp\/v2\/media\/6609"}],"wp:attachment":[{"href":"https:\/\/did-dev.net\/mineddte\/wp-json\/wp\/v2\/media?parent=6608"}],"wp:term":[{"taxonomy":"category","embeddable":true,"href":"https:\/\/did-dev.net\/mineddte\/wp-json\/wp\/v2\/categories?post=6608"},{"taxonomy":"post_tag","embeddable":true,"href":"https:\/\/did-dev.net\/mineddte\/wp-json\/wp\/v2\/tags?post=6608"},{"taxonomy":"post_folder","embeddable":true,"href":"https:\/\/did-dev.net\/mineddte\/wp-json\/wp\/v2\/post_folder?post=6608"}],"curies":[{"name":"wp","href":"https:\/\/api.w.org\/{rel}","templated":true}]}}