{"id":6604,"date":"2025-06-13T17:59:29","date_gmt":"2025-06-13T17:59:29","guid":{"rendered":"https:\/\/did-dev.net\/mineddte\/?p=6604"},"modified":"2025-07-16T10:05:17","modified_gmt":"2025-07-16T10:05:17","slug":"conference-sur-le-climat-et-linnovation-le-ministre-assahore-lance-un-appel-a-laction-a-loccasion-du-salon-de-linnovation","status":"publish","type":"post","link":"https:\/\/did-dev.net\/mineddte\/conference-sur-le-climat-et-linnovation-le-ministre-assahore-lance-un-appel-a-laction-a-loccasion-du-salon-de-linnovation\/","title":{"rendered":"CONF\u00c9RENCE SUR LE CLIMAT ET L\u2019INNOVATION : LE MINISTRE ASSAHOR\u00c9 LANCE UN APPEL \u00c0 L\u2019ACTION \u00c0 L&#8217;OCCASION DU SALON DE L\u2019INNOVATION"},"content":{"rendered":"<div class=\"xdj266r x14z9mp xat24cr x1lziwak x1vvkbs x126k92a\">\u00a0<\/div>\n<div class=\"x14z9mp xat24cr x1lziwak x1vvkbs xtlvy1s x126k92a\" style=\"text-align: justify;\">\n<div dir=\"auto\"><span style=\"font-family: verdana, geneva, sans-serif;\"><img decoding=\"async\" loading=\"lazy\" class=\"alignnone size-full wp-image-6605\" src=\"https:\/\/did-dev.net\/mineddte\/wp-content\/uploads\/2025\/07\/506343632_1835344197306395_6625821947809152446_n-e1752660105964.jpg\" alt=\"\" width=\"2048\" height=\"803\" srcset=\"https:\/\/did-dev.net\/mineddte\/wp-content\/uploads\/2025\/07\/506343632_1835344197306395_6625821947809152446_n-e1752660105964.jpg 2048w, https:\/\/did-dev.net\/mineddte\/wp-content\/uploads\/2025\/07\/506343632_1835344197306395_6625821947809152446_n-e1752660105964-262x103.jpg 262w, https:\/\/did-dev.net\/mineddte\/wp-content\/uploads\/2025\/07\/506343632_1835344197306395_6625821947809152446_n-e1752660105964-847x332.jpg 847w, https:\/\/did-dev.net\/mineddte\/wp-content\/uploads\/2025\/07\/506343632_1835344197306395_6625821947809152446_n-e1752660105964-100x39.jpg 100w, https:\/\/did-dev.net\/mineddte\/wp-content\/uploads\/2025\/07\/506343632_1835344197306395_6625821947809152446_n-e1752660105964-1536x602.jpg 1536w\" sizes=\"(max-width: 2048px) 100vw, 2048px\" \/>Premier du genre en C\u00f4te d\u2019Ivoire, le Salon de l\u2019innovation climatique s\u2019est tenu ce vendredi 13 juin 2025 \u00e0 l\u2019h\u00f4tel Azala\u00ef d&#8217;Abidjan, en marge de la Conf\u00e9rence de haut niveau sur le Climat et l&#8217;Innovation.<\/span><\/div>\n<div dir=\"auto\">\u00a0<\/div>\n<\/div>\n<div class=\"x14z9mp xat24cr x1lziwak x1vvkbs xtlvy1s x126k92a\" style=\"text-align: justify;\">\n<div dir=\"auto\"><span style=\"font-family: verdana, geneva, sans-serif;\">L\u2019\u00e9v\u00e9nement a enregistr\u00e9 la pr\u00e9sence du Ministre de l\u2019Environnement, du D\u00e9veloppement durable et de la Transition \u00e9cologique, M. Assahor\u00e9 Konan Jacques, ainsi que de l\u2019Ambassadeur d\u2019Allemagne en C\u00f4te d\u2019Ivoire, S.E. Matthias Veltin.<\/span><\/div>\n<div dir=\"auto\">\u00a0<\/div>\n<\/div>\n<div class=\"x14z9mp xat24cr x1lziwak x1vvkbs xtlvy1s x126k92a\" style=\"text-align: justify;\">\n<div dir=\"auto\"><span style=\"font-family: verdana, geneva, sans-serif;\">Moment fort de cette deuxi\u00e8me journ\u00e9e, ce salon a permis de mettre en lumi\u00e8re les solutions technologiques d\u00e9velopp\u00e9es par une trentaine d\u2019entreprises ivoiriennes et africaines dans des domaines comme l\u2019agriculture intelligente et la gestion des transports. Il a \u00e9galement marqu\u00e9 la cl\u00f4ture de la conf\u00e9rence, ouverte la veille \u00e0 Abidjan.<\/span><\/div>\n<div dir=\"auto\">\u00a0<\/div>\n<\/div>\n<div class=\"x14z9mp xat24cr x1lziwak x1vvkbs xtlvy1s x126k92a\" style=\"text-align: justify;\">\n<div dir=\"auto\"><span style=\"font-family: verdana, geneva, sans-serif;\">Dans son intervention, le ministre Assahor\u00e9 a d\u00e9clar\u00e9 que : \u00ab cette conf\u00e9rence et ce salon ne doivent pas \u00eatre per\u00e7us comme des \u00e9v\u00e9nements ponctuels, mais comme des catalyseurs d&#8217;une transformation profonde. Nous devons faire de ce rendez-vous un cadre permanent d\u2019\u00e9change, de coop\u00e9ration et d\u2019action climatique. \u00bb<\/span><\/div>\n<div dir=\"auto\">\u00a0<\/div>\n<\/div>\n<div class=\"x14z9mp xat24cr x1lziwak x1vvkbs xtlvy1s x126k92a\" style=\"text-align: justify;\">\n<div dir=\"auto\"><span style=\"font-family: verdana, geneva, sans-serif;\">\u00ab L\u2019heure est \u00e0 l\u2019innovation, \u00e0 la responsabilit\u00e9 et \u00e0 l\u2019action collective. Ensemble, avan\u00e7ons avec d\u00e9termination vers un avenir plus vert, plus \u00e9quitable et plus inclusif, en pla\u00e7ant l\u2019innovation au c\u0153ur de notre r\u00e9ponse au changement climatique. \u00bb a-t-il ajout\u00e9.<\/span><\/div>\n<div dir=\"auto\">\u00a0<\/div>\n<\/div>\n<div class=\"x14z9mp xat24cr x1lziwak x1vvkbs xtlvy1s x126k92a\" style=\"text-align: justify;\">\n<div dir=\"auto\"><span style=\"font-family: verdana, geneva, sans-serif;\">Durant deux jours d\u2019\u00e9changes, la conf\u00e9rence a mis en exergue les principaux d\u00e9fis climatiques et l\u2019urgence de mobiliser les innovations technologiques pour y r\u00e9pondre de mani\u00e8re durable. Le rapport de cette premi\u00e8re \u00e9dition pr\u00e9sente les r\u00e9sultats et recommandations cl\u00e9s issus des r\u00e9flexions men\u00e9es par des experts, chercheurs, startups et d\u00e9cideurs.<\/span><\/div>\n<div dir=\"auto\">\u00a0<\/div>\n<\/div>\n<div class=\"x14z9mp xat24cr x1lziwak x1vvkbs xtlvy1s x126k92a\" style=\"text-align: justify;\">\n<div dir=\"auto\"><span style=\"font-family: verdana, geneva, sans-serif;\">La C\u00f4te d\u2019Ivoire s\u2019affirme d\u2019ores et d\u00e9j\u00e0 comme un acteur majeur de l\u2019action climatique et des r\u00e9formes vertes. Le pays compte aujourd\u2019hui plus de 160 startups vertes, actives notamment dans le recyclage des plastiques, la transformation des biod\u00e9chets en \u00e9nergie, la gestion intelligente de l\u2019eau, ou encore l\u2019agriculture durable assist\u00e9e par l\u2019intelligence artificielle. Ces jeunes entreprises ont d\u00e9j\u00e0 g\u00e9n\u00e9r\u00e9 pr\u00e8s de 5 000 emplois verts directs et contribuent \u00e0 une r\u00e9duction annuelle de plus de 80 000 tonnes de CO\u2082 \u00e9quivalent.<\/span><\/div>\n<div dir=\"auto\">\u00a0<\/div>\n<\/div>\n<div class=\"x14z9mp xat24cr x1lziwak x1vvkbs xtlvy1s x126k92a\" style=\"text-align: justify;\">\n<div dir=\"auto\"><span style=\"font-family: verdana, geneva, sans-serif;\">\u00ab Cette avanc\u00e9e notable n\u2019est pas le fruit du hasard. Cependant, des efforts soutenus restent indispensables, tant du c\u00f4t\u00e9 du secteur public que du secteur priv\u00e9, pour atteindre les objectifs du pays dans le cadre de la lutte mondiale contre les changements climatiques, notamment \u00e0 travers la troisi\u00e8me g\u00e9n\u00e9ration des Contributions D\u00e9termin\u00e9es au niveau National (CDN 3.0) \u00bb, a soulign\u00e9 le Ministre Assahor\u00e9.<\/span><\/div>\n<div dir=\"auto\">\u00a0<\/div>\n<\/div>\n<div class=\"x14z9mp xat24cr x1lziwak x1vvkbs xtlvy1s x126k92a\">\n<div dir=\"auto\" style=\"text-align: justify;\"><span style=\"font-family: verdana, geneva, sans-serif;\">Enfin, il a invit\u00e9 l\u2019ensemble des partenaires, notamment la partie allemande, la Commission Nationale de Lutte contre les Changements Climatiques, les experts, chercheurs et innovateurs, \u00e0 s\u2019engager d\u00e8s \u00e0 pr\u00e9sent pour assurer le succ\u00e8s des prochaines \u00e9ditions.<\/span><\/div>\n<\/div>\n","protected":false},"excerpt":{"rendered":"<p>\u00a0 Premier du genre en C\u00f4te d\u2019Ivoire, le Salon de l\u2019innovation climatique s\u2019est tenu ce vendredi 13 juin 2025 \u00e0 l\u2019h\u00f4tel Azala\u00ef d&#8217;Abidjan, en marge de la Conf\u00e9rence de haut [&hellip;]<\/p>\n","protected":false},"author":1,"featured_media":6605,"comment_status":"closed","ping_status":"closed","sticky":false,"template":"","format":"standard","meta":{"_lmt_disableupdate":"no","_lmt_disable":"","pgc_sgb_lightbox_settings":""},"categories":[58],"tags":[],"post_folder":[],"modified_by":"MINEDD","_links":{"self":[{"href":"https:\/\/did-dev.net\/mineddte\/wp-json\/wp\/v2\/posts\/6604"}],"collection":[{"href":"https:\/\/did-dev.net\/mineddte\/wp-json\/wp\/v2\/posts"}],"about":[{"href":"https:\/\/did-dev.net\/mineddte\/wp-json\/wp\/v2\/types\/post"}],"author":[{"embeddable":true,"href":"https:\/\/did-dev.net\/mineddte\/wp-json\/wp\/v2\/users\/1"}],"replies":[{"embeddable":true,"href":"https:\/\/did-dev.net\/mineddte\/wp-json\/wp\/v2\/comments?post=6604"}],"version-history":[{"count":2,"href":"https:\/\/did-dev.net\/mineddte\/wp-json\/wp\/v2\/posts\/6604\/revisions"}],"predecessor-version":[{"id":6607,"href":"https:\/\/did-dev.net\/mineddte\/wp-json\/wp\/v2\/posts\/6604\/revisions\/6607"}],"wp:featuredmedia":[{"embeddable":true,"href":"https:\/\/did-dev.net\/mineddte\/wp-json\/wp\/v2\/media\/6605"}],"wp:attachment":[{"href":"https:\/\/did-dev.net\/mineddte\/wp-json\/wp\/v2\/media?parent=6604"}],"wp:term":[{"taxonomy":"category","embeddable":true,"href":"https:\/\/did-dev.net\/mineddte\/wp-json\/wp\/v2\/categories?post=6604"},{"taxonomy":"post_tag","embeddable":true,"href":"https:\/\/did-dev.net\/mineddte\/wp-json\/wp\/v2\/tags?post=6604"},{"taxonomy":"post_folder","embeddable":true,"href":"https:\/\/did-dev.net\/mineddte\/wp-json\/wp\/v2\/post_folder?post=6604"}],"curies":[{"name":"wp","href":"https:\/\/api.w.org\/{rel}","templated":true}]}}