{"id":6597,"date":"2025-06-12T15:40:26","date_gmt":"2025-06-12T15:40:26","guid":{"rendered":"https:\/\/did-dev.net\/mineddte\/?p=6597"},"modified":"2025-07-16T09:47:40","modified_gmt":"2025-07-16T09:47:40","slug":"climat-et-innovation-renforcer-les-competences-locales-pour-une-ecologie-durable-lappel-du-premier-ministre","status":"publish","type":"post","link":"https:\/\/did-dev.net\/mineddte\/climat-et-innovation-renforcer-les-competences-locales-pour-une-ecologie-durable-lappel-du-premier-ministre\/","title":{"rendered":"CLIMAT ET INNOVATION : \u00ab RENFORCER LES COMP\u00c9TENCES LOCALES POUR UNE \u00c9COLOGIE DURABLE \u00bb, L\u2019APPEL DU PREMIER MINISTRE"},"content":{"rendered":"<div class=\"xdj266r x14z9mp xat24cr x1lziwak x1vvkbs x126k92a\">\u00a0<\/div>\n<div class=\"x14z9mp xat24cr x1lziwak x1vvkbs xtlvy1s x126k92a\" style=\"text-align: justify;\">\n<div dir=\"auto\"><span style=\"font-family: verdana, geneva, sans-serif;\"><img decoding=\"async\" loading=\"lazy\" class=\"alignnone size-full wp-image-6598\" src=\"https:\/\/did-dev.net\/mineddte\/wp-content\/uploads\/2025\/07\/505742440_1834222937418521_1329425198176044758_n-1-e1752659080608.jpg\" alt=\"\" width=\"2048\" height=\"803\" srcset=\"https:\/\/did-dev.net\/mineddte\/wp-content\/uploads\/2025\/07\/505742440_1834222937418521_1329425198176044758_n-1-e1752659080608.jpg 2048w, https:\/\/did-dev.net\/mineddte\/wp-content\/uploads\/2025\/07\/505742440_1834222937418521_1329425198176044758_n-1-e1752659080608-262x103.jpg 262w, https:\/\/did-dev.net\/mineddte\/wp-content\/uploads\/2025\/07\/505742440_1834222937418521_1329425198176044758_n-1-e1752659080608-847x332.jpg 847w, https:\/\/did-dev.net\/mineddte\/wp-content\/uploads\/2025\/07\/505742440_1834222937418521_1329425198176044758_n-1-e1752659080608-100x39.jpg 100w, https:\/\/did-dev.net\/mineddte\/wp-content\/uploads\/2025\/07\/505742440_1834222937418521_1329425198176044758_n-1-e1752659080608-1536x602.jpg 1536w\" sizes=\"(max-width: 2048px) 100vw, 2048px\" \/>La capitale \u00e9conomique ivoirienne accueille, les 12 et 13 juin 2025, une conf\u00e9rence de haut niveau autour du th\u00e8me \u00ab partageons les solutions \u00bb.<\/span><\/div>\n<div dir=\"auto\">\u00a0<\/div>\n<\/div>\n<div class=\"x14z9mp xat24cr x1lziwak x1vvkbs xtlvy1s x126k92a\" style=\"text-align: justify;\">\n<div dir=\"auto\"><span style=\"font-family: verdana, geneva, sans-serif;\">Cet \u00e9v\u00e9nement rassemble plus de 250 participants, parmi lesquels des d\u00e9cideurs politiques, des chercheurs, des entrepreneurs, ainsi que des repr\u00e9sentants du secteur priv\u00e9 et de la soci\u00e9t\u00e9 civile et mettra l\u2019accent sur le partage d\u2019exp\u00e9riences, le dialogue multipartite et la valorisation des initiatives innovantes et inclusives.<\/span><\/div>\n<div dir=\"auto\">\u00a0<\/div>\n<\/div>\n<div class=\"x14z9mp xat24cr x1lziwak x1vvkbs xtlvy1s x126k92a\" style=\"text-align: justify;\">\n<div dir=\"auto\"><span style=\"font-family: verdana, geneva, sans-serif;\">Organis\u00e9 dans le cadre du Partenariat pour le Climat et le D\u00e9veloppement (P+), sign\u00e9 en novembre 2023 avec la R\u00e9publique F\u00e9d\u00e9rale d\u2019Allemagne pour un montant de 550 millions d\u2019euros, cet \u00e9v\u00e9nement vise \u00e0 renforcer la r\u00e9silience de la C\u00f4te d\u2019Ivoire face aux effets du changement climatique et \u00e0 promouvoir des solutions concr\u00e8tes, locales et durables.<\/span><\/div>\n<div dir=\"auto\">\u00a0<\/div>\n<\/div>\n<div class=\"x14z9mp xat24cr x1lziwak x1vvkbs xtlvy1s x126k92a\" style=\"text-align: justify;\">\n<div dir=\"auto\"><span style=\"font-family: verdana, geneva, sans-serif;\">Plac\u00e9e sous le haut patronage du Premier ministre, Chef du gouvernement, Ministre des Sports et du Cadre de vie, M. Robert Beugr\u00e9 Mamb\u00e9, cette rencontre a \u00e9t\u00e9 l\u2019occasion pour ce dernier de r\u00e9affirmer la confiance de la C\u00f4te d\u2019Ivoire dans sa coop\u00e9ration avec la R\u00e9publique F\u00e9d\u00e9rale d\u2019Allemagne, tout en lan\u00e7ant un appel fort aux participants :<\/span><\/div>\n<div dir=\"auto\">\u00a0<\/div>\n<\/div>\n<div class=\"x14z9mp xat24cr x1lziwak x1vvkbs xtlvy1s x126k92a\" style=\"text-align: justify;\">\n<div dir=\"auto\"><span style=\"font-family: verdana, geneva, sans-serif;\">\u00ab Cette conf\u00e9rence est un instrument par lequel nous devons mettre en lumi\u00e8re les progr\u00e8s de la C\u00f4te d&#8217;Ivoire et de la sous-r\u00e9gion dans le domaine de l\u2019innovation, notamment en mati\u00e8re d&#8217;\u00e9nergie durable, de pr\u00e9servation de la biodiversit\u00e9, de gestion des for\u00eats face aux effets d\u00e9vastateurs des changements climatiques \u00bb, a affirm\u00e9 le Premier Ministre ivoirien.<\/span><\/div>\n<div dir=\"auto\">\u00a0<\/div>\n<\/div>\n<div class=\"x14z9mp xat24cr x1lziwak x1vvkbs xtlvy1s x126k92a\" style=\"text-align: justify;\">\n<div dir=\"auto\"><span style=\"font-family: verdana, geneva, sans-serif;\">Aussi, a-t-il exhort\u00e9 les parties prenantes \u00e0 identifier les potentialit\u00e9s en mati\u00e8re de production d\u2019\u00e9nergie \u00e0 partir des combustibles disponibles localement. Il a insist\u00e9 sur la n\u00e9cessit\u00e9 de moduler les coefficients en tenant compte de nos r\u00e9alit\u00e9s locales, tout en renfor\u00e7ant les partenariats et en mettant l\u2019accent sur la formation de nos ing\u00e9nieurs et techniciens.<\/span><\/div>\n<div dir=\"auto\">\u00a0<\/div>\n<\/div>\n<div class=\"x14z9mp xat24cr x1lziwak x1vvkbs xtlvy1s x126k92a\" style=\"text-align: justify;\">\n<div dir=\"auto\"><span style=\"font-family: verdana, geneva, sans-serif;\">Il faut dire que cette rencontre se d\u00e9roule dans la dynamique impuls\u00e9e par le Gouvernement ivoirien, qui vise \u00e0 inscrire le d\u00e9veloppement durable, l\u2019innovation environnementale et la r\u00e9silience climatique au nombre des priorit\u00e9s transversales de l\u2019action publique.<\/span><\/div>\n<div dir=\"auto\">\u00a0<\/div>\n<\/div>\n<div class=\"x14z9mp xat24cr x1lziwak x1vvkbs xtlvy1s x126k92a\" style=\"text-align: justify;\">\n<div dir=\"auto\"><span style=\"font-family: verdana, geneva, sans-serif;\">C\u2019est dans ce contexte que M. Assahor\u00e9 Konan Jacques, Ministre de l\u2019Environnement, du D\u00e9veloppement durable et de la Transition \u00e9cologique a soulign\u00e9 que \u00ab ce rendez-vous est bien plus qu\u2019une simple plateforme de discussion. C\u2019est un espace d\u2019engagements concrets, un cadre de d\u00e9cisions concert\u00e9es et une opportunit\u00e9 de transformation r\u00e9elle. Nous devons ensemble tracer les lignes d\u2019un avenir o\u00f9 les politiques publiques s\u2019appuient sur la science, o\u00f9 l\u2019innovation devient un levier de souverainet\u00e9 et o\u00f9 la transition \u00e9cologique est v\u00e9cue comme un facteur de progr\u00e8s \u00bb.<\/span><\/div>\n<div dir=\"auto\">\u00a0<\/div>\n<\/div>\n<div class=\"x14z9mp xat24cr x1lziwak x1vvkbs xtlvy1s x126k92a\" style=\"text-align: justify;\">\n<div dir=\"auto\"><span style=\"font-family: verdana, geneva, sans-serif;\">Deux grands sous-th\u00e8mes structureront les \u00e9changes au cours de ces deux journ\u00e9es :<\/span><\/div>\n<div dir=\"auto\">\u00a0<\/div>\n<\/div>\n<div class=\"x14z9mp xat24cr x1lziwak x1vvkbs xtlvy1s x126k92a\" style=\"text-align: justify;\">\n<div dir=\"auto\"><span style=\"font-family: verdana, geneva, sans-serif;\">&#8211; les innovations pour la gestion et la r\u00e9silience des aires prot\u00e9g\u00e9es face aux changements climatiques<\/span><\/div>\n<div dir=\"auto\"><span style=\"font-family: verdana, geneva, sans-serif;\">&#8211; et l\u2019agro\u00e9cologie.<\/span><\/div>\n<div dir=\"auto\">\u00a0<\/div>\n<\/div>\n<div class=\"x14z9mp xat24cr x1lziwak x1vvkbs xtlvy1s x126k92a\">\n<div dir=\"auto\" style=\"text-align: justify;\"><span style=\"font-family: verdana, geneva, sans-serif;\">Moment fort de la deuxi\u00e8me journ\u00e9e, le Salon de l\u2019innovation, premier du genre en C\u00f4te d\u2019Ivoire, se tiendra le 13 juin. Il mettra en lumi\u00e8re les solutions d\u00e9velopp\u00e9es par une trentaine d\u2019entreprises ivoiriennes et africaines dans les domaines du b\u00e2timent, de l\u2019agriculture, des transports et de la gestion des terres.<\/span><\/div>\n<\/div>\n","protected":false},"excerpt":{"rendered":"<p>\u00a0 La capitale \u00e9conomique ivoirienne accueille, les 12 et 13 juin 2025, une conf\u00e9rence de haut niveau autour du th\u00e8me \u00ab partageons les solutions \u00bb. \u00a0 Cet \u00e9v\u00e9nement rassemble plus [&hellip;]<\/p>\n","protected":false},"author":1,"featured_media":6598,"comment_status":"closed","ping_status":"closed","sticky":false,"template":"","format":"standard","meta":{"_lmt_disableupdate":"no","_lmt_disable":"","pgc_sgb_lightbox_settings":""},"categories":[58],"tags":[],"post_folder":[],"modified_by":"MINEDD","_links":{"self":[{"href":"https:\/\/did-dev.net\/mineddte\/wp-json\/wp\/v2\/posts\/6597"}],"collection":[{"href":"https:\/\/did-dev.net\/mineddte\/wp-json\/wp\/v2\/posts"}],"about":[{"href":"https:\/\/did-dev.net\/mineddte\/wp-json\/wp\/v2\/types\/post"}],"author":[{"embeddable":true,"href":"https:\/\/did-dev.net\/mineddte\/wp-json\/wp\/v2\/users\/1"}],"replies":[{"embeddable":true,"href":"https:\/\/did-dev.net\/mineddte\/wp-json\/wp\/v2\/comments?post=6597"}],"version-history":[{"count":2,"href":"https:\/\/did-dev.net\/mineddte\/wp-json\/wp\/v2\/posts\/6597\/revisions"}],"predecessor-version":[{"id":6600,"href":"https:\/\/did-dev.net\/mineddte\/wp-json\/wp\/v2\/posts\/6597\/revisions\/6600"}],"wp:featuredmedia":[{"embeddable":true,"href":"https:\/\/did-dev.net\/mineddte\/wp-json\/wp\/v2\/media\/6598"}],"wp:attachment":[{"href":"https:\/\/did-dev.net\/mineddte\/wp-json\/wp\/v2\/media?parent=6597"}],"wp:term":[{"taxonomy":"category","embeddable":true,"href":"https:\/\/did-dev.net\/mineddte\/wp-json\/wp\/v2\/categories?post=6597"},{"taxonomy":"post_tag","embeddable":true,"href":"https:\/\/did-dev.net\/mineddte\/wp-json\/wp\/v2\/tags?post=6597"},{"taxonomy":"post_folder","embeddable":true,"href":"https:\/\/did-dev.net\/mineddte\/wp-json\/wp\/v2\/post_folder?post=6597"}],"curies":[{"name":"wp","href":"https:\/\/api.w.org\/{rel}","templated":true}]}}