{"id":6594,"date":"2025-06-11T09:22:47","date_gmt":"2025-06-11T09:22:47","guid":{"rendered":"https:\/\/did-dev.net\/mineddte\/?p=6594"},"modified":"2025-07-16T09:25:26","modified_gmt":"2025-07-16T09:25:26","slug":"peche-illegale-et-changement-climatique-deux-menaces-pour-les-pays-dafrique-de-louest","status":"publish","type":"post","link":"https:\/\/did-dev.net\/mineddte\/peche-illegale-et-changement-climatique-deux-menaces-pour-les-pays-dafrique-de-louest\/","title":{"rendered":"P\u00caCHE ILL\u00c9GALE ET CHANGEMENT CLIMATIQUE : DEUX MENACES POUR LES PAYS D\u2019AFRIQUE DE L\u2019OUEST"},"content":{"rendered":"<div class=\"xdj266r x14z9mp xat24cr x1lziwak x1vvkbs x126k92a\">\u00a0<\/div>\n<div class=\"x14z9mp xat24cr x1lziwak x1vvkbs xtlvy1s x126k92a\" style=\"text-align: justify;\">\n<div dir=\"auto\"><span style=\"font-family: verdana, geneva, sans-serif;\"><img decoding=\"async\" loading=\"lazy\" class=\"alignnone size-full wp-image-6595\" src=\"https:\/\/did-dev.net\/mineddte\/wp-content\/uploads\/2025\/07\/505777883_1833348157505999_8482362989482107713_n-e1752657884495.jpg\" alt=\"\" width=\"1351\" height=\"530\" srcset=\"https:\/\/did-dev.net\/mineddte\/wp-content\/uploads\/2025\/07\/505777883_1833348157505999_8482362989482107713_n-e1752657884495.jpg 1351w, https:\/\/did-dev.net\/mineddte\/wp-content\/uploads\/2025\/07\/505777883_1833348157505999_8482362989482107713_n-e1752657884495-262x103.jpg 262w, https:\/\/did-dev.net\/mineddte\/wp-content\/uploads\/2025\/07\/505777883_1833348157505999_8482362989482107713_n-e1752657884495-847x332.jpg 847w, https:\/\/did-dev.net\/mineddte\/wp-content\/uploads\/2025\/07\/505777883_1833348157505999_8482362989482107713_n-e1752657884495-100x39.jpg 100w\" sizes=\"(max-width: 1351px) 100vw, 1351px\" \/>Alors que la Troisi\u00e8me Conf\u00e9rence des Nations Unies sur l\u2019Oc\u00e9an (UNOC 3) s\u2019impose comme une tribune importante pour la gouvernance mondiale des oc\u00e9ans, les pays en d\u00e9veloppement, et particuli\u00e8rement ceux d\u2019Afrique de l\u2019Ouest, continuent de faire face \u00e0 deux menaces majeures : la p\u00eache ill\u00e9gale non d\u00e9clar\u00e9e et non r\u00e9glement\u00e9e (INN), et les effets grandissants du changement climatique sur les \u00e9cosyst\u00e8mes marins.<\/span><\/div>\n<div dir=\"auto\">\u00a0<\/div>\n<\/div>\n<div class=\"x14z9mp xat24cr x1lziwak x1vvkbs xtlvy1s x126k92a\" style=\"text-align: justify;\">\n<div dir=\"auto\"><span style=\"font-family: verdana, geneva, sans-serif;\">Dans les eaux territoriales de la Mauritanie, de la Guin\u00e9e, de la Sierra Leone ou encore de la C\u00f4te d\u2019Ivoire, les incursions de chalutiers industriels \u00e9trangers sont devenues monnaie courante. Souvent op\u00e9rant sous pavillon de complaisance, ces navires \u00e9chappent \u00e0 tout contr\u00f4le effectif, pillant les ressources halieutiques au d\u00e9triment des \u00e9conomies locales et des communaut\u00e9s de p\u00eache artisanale. Ce ph\u00e9nom\u00e8ne entra\u00eene non seulement des pertes \u00e9conomiques consid\u00e9rables pour les \u00c9tats concern\u00e9s, mais aussi un appauvrissement alarmant de la biodiversit\u00e9 marine.<\/span><\/div>\n<div dir=\"auto\">\u00a0<\/div>\n<\/div>\n<div class=\"x14z9mp xat24cr x1lziwak x1vvkbs xtlvy1s x126k92a\" style=\"text-align: justify;\">\n<div dir=\"auto\"><span style=\"font-family: verdana, geneva, sans-serif;\">\u00c0 cette pression s\u2019ajoute celle du changement climatique, qui modifie la temp\u00e9rature des eaux, pousse les esp\u00e8ces vers d\u2019autres zones, et fragilise les moyens de subsistance des populations c\u00f4ti\u00e8res. L\u2019\u00e9l\u00e9vation du niveau de la mer, l\u2019acidification des oc\u00e9ans et la destruction des habitats marins accentuent la vuln\u00e9rabilit\u00e9 des pays riverains, mena\u00e7ant leur s\u00e9curit\u00e9 alimentaire et leur stabilit\u00e9 sociale.<\/span><\/div>\n<div dir=\"auto\">\u00a0<\/div>\n<\/div>\n<div class=\"x14z9mp xat24cr x1lziwak x1vvkbs xtlvy1s x126k92a\">\n<div dir=\"auto\" style=\"text-align: justify;\"><span style=\"font-family: verdana, geneva, sans-serif;\">En adoptant le trait\u00e9 sur la biodiversit\u00e9 marine au-del\u00e0 des juridictions nationales (BBNJ), la C\u00f4te d\u2019Ivoire envisage d\u2019agir collectivement pour une meilleure protection des oc\u00e9ans, tout en garantissant aux pays les moyens de surveiller et d\u00e9fendre leur souverainet\u00e9 maritime.<\/span><\/div>\n<\/div>\n","protected":false},"excerpt":{"rendered":"<p>\u00a0 Alors que la Troisi\u00e8me Conf\u00e9rence des Nations Unies sur l\u2019Oc\u00e9an (UNOC 3) s\u2019impose comme une tribune importante pour la gouvernance mondiale des oc\u00e9ans, les pays en d\u00e9veloppement, et particuli\u00e8rement [&hellip;]<\/p>\n","protected":false},"author":1,"featured_media":6595,"comment_status":"closed","ping_status":"closed","sticky":false,"template":"","format":"standard","meta":{"_lmt_disableupdate":"no","_lmt_disable":"","pgc_sgb_lightbox_settings":""},"categories":[58],"tags":[],"post_folder":[],"modified_by":"MINEDD","_links":{"self":[{"href":"https:\/\/did-dev.net\/mineddte\/wp-json\/wp\/v2\/posts\/6594"}],"collection":[{"href":"https:\/\/did-dev.net\/mineddte\/wp-json\/wp\/v2\/posts"}],"about":[{"href":"https:\/\/did-dev.net\/mineddte\/wp-json\/wp\/v2\/types\/post"}],"author":[{"embeddable":true,"href":"https:\/\/did-dev.net\/mineddte\/wp-json\/wp\/v2\/users\/1"}],"replies":[{"embeddable":true,"href":"https:\/\/did-dev.net\/mineddte\/wp-json\/wp\/v2\/comments?post=6594"}],"version-history":[{"count":1,"href":"https:\/\/did-dev.net\/mineddte\/wp-json\/wp\/v2\/posts\/6594\/revisions"}],"predecessor-version":[{"id":6596,"href":"https:\/\/did-dev.net\/mineddte\/wp-json\/wp\/v2\/posts\/6594\/revisions\/6596"}],"wp:featuredmedia":[{"embeddable":true,"href":"https:\/\/did-dev.net\/mineddte\/wp-json\/wp\/v2\/media\/6595"}],"wp:attachment":[{"href":"https:\/\/did-dev.net\/mineddte\/wp-json\/wp\/v2\/media?parent=6594"}],"wp:term":[{"taxonomy":"category","embeddable":true,"href":"https:\/\/did-dev.net\/mineddte\/wp-json\/wp\/v2\/categories?post=6594"},{"taxonomy":"post_tag","embeddable":true,"href":"https:\/\/did-dev.net\/mineddte\/wp-json\/wp\/v2\/tags?post=6594"},{"taxonomy":"post_folder","embeddable":true,"href":"https:\/\/did-dev.net\/mineddte\/wp-json\/wp\/v2\/post_folder?post=6594"}],"curies":[{"name":"wp","href":"https:\/\/api.w.org\/{rel}","templated":true}]}}