{"id":6591,"date":"2025-06-10T17:11:11","date_gmt":"2025-06-10T17:11:11","guid":{"rendered":"https:\/\/did-dev.net\/mineddte\/?p=6591"},"modified":"2025-07-16T09:20:50","modified_gmt":"2025-07-16T09:20:50","slug":"unoc-2025-a-nice-la-cote-divoire-reaffirme-son-engagement-pour-un-ocean-protege","status":"publish","type":"post","link":"https:\/\/did-dev.net\/mineddte\/unoc-2025-a-nice-la-cote-divoire-reaffirme-son-engagement-pour-un-ocean-protege\/","title":{"rendered":"UNOC 2025 \/ \u00c0 NICE, LA C\u00d4TE D\u2019IVOIRE R\u00c9AFFIRME SON ENGAGEMENT POUR UN OC\u00c9AN PROT\u00c9G\u00c9"},"content":{"rendered":"<div class=\"xdj266r x14z9mp xat24cr x1lziwak x1vvkbs x126k92a\">\u00a0<\/div>\n<div class=\"x14z9mp xat24cr x1lziwak x1vvkbs xtlvy1s x126k92a\" style=\"text-align: justify;\">\n<div dir=\"auto\"><span style=\"font-family: verdana, geneva, sans-serif;\"><img decoding=\"async\" loading=\"lazy\" class=\"alignnone size-full wp-image-6592\" src=\"https:\/\/did-dev.net\/mineddte\/wp-content\/uploads\/2025\/07\/505798628_1833343444173137_3549761505681228440_n-e1752657592158.jpg\" alt=\"\" width=\"1080\" height=\"423\" srcset=\"https:\/\/did-dev.net\/mineddte\/wp-content\/uploads\/2025\/07\/505798628_1833343444173137_3549761505681228440_n-e1752657592158.jpg 1080w, https:\/\/did-dev.net\/mineddte\/wp-content\/uploads\/2025\/07\/505798628_1833343444173137_3549761505681228440_n-e1752657592158-262x103.jpg 262w, https:\/\/did-dev.net\/mineddte\/wp-content\/uploads\/2025\/07\/505798628_1833343444173137_3549761505681228440_n-e1752657592158-847x332.jpg 847w, https:\/\/did-dev.net\/mineddte\/wp-content\/uploads\/2025\/07\/505798628_1833343444173137_3549761505681228440_n-e1752657592158-100x39.jpg 100w\" sizes=\"(max-width: 1080px) 100vw, 1080px\" \/>La d\u00e9signation de la C\u00f4te d\u2019Ivoire \u00e0 la vice-pr\u00e9sidence de la Coalition des maires pour l\u2019oc\u00e9an, la \u00ab m\u00e9daille du Sommet de l\u2019Oc\u00e9an \u00bb re\u00e7ue par le Ministre Assahor\u00e9 Konan Jacques, sont un signal fort de reconnaissance du leadership environnemental ivoirien sur la sc\u00e8ne internationale.<\/span><\/div>\n<div dir=\"auto\">\u00a0<\/div>\n<\/div>\n<div class=\"x14z9mp xat24cr x1lziwak x1vvkbs xtlvy1s x126k92a\" style=\"text-align: justify;\">\n<div dir=\"auto\"><span style=\"font-family: verdana, geneva, sans-serif;\">Portant la voix du Pr\u00e9sident de la R\u00e9publique S.E.M. Alassane Ouattara, le Ministre de l\u2019Environnement, du D\u00e9veloppement Durable et de la Transition \u00c9cologique, M. Assahor\u00e9 Konan Jacques, a livr\u00e9 une d\u00e9claration qui soutient cet engagement. C\u2019\u00e9tait lors de la 3e Conf\u00e9rence des Nations Unies sur l\u2019Oc\u00e9an (UNOC 3) qui s\u2019est ouverte le 09 juin 2025, \u00e0 Nice en France.<\/span><\/div>\n<div dir=\"auto\">\u00a0<\/div>\n<\/div>\n<div class=\"x14z9mp xat24cr x1lziwak x1vvkbs xtlvy1s x126k92a\" style=\"text-align: justify;\">\n<div dir=\"auto\"><span style=\"font-family: verdana, geneva, sans-serif;\">\u00ab L\u2019adoption de l\u2019Accord BBNJ constitue une avanc\u00e9e majeure dans l\u2019histoire du multilat\u00e9ralisme environnemental. [&#8230;] Cet accord symbolise une volont\u00e9 commune de r\u00e9concilier l\u2019humanit\u00e9 avec l\u2019oc\u00e9an \u00bb, a d\u00e9clar\u00e9 le Ministre Assahor\u00e9, annon\u00e7ant que la C\u00f4te d\u2019Ivoire a ratifi\u00e9 le Trait\u00e9 BBNJ par d\u00e9cret pr\u00e9sidentiel, et entam\u00e9 l\u2019\u00e9laboration de son plan national de mise en \u0153uvre.<\/span><\/div>\n<div dir=\"auto\">\u00a0<\/div>\n<\/div>\n<div class=\"x14z9mp xat24cr x1lziwak x1vvkbs xtlvy1s x126k92a\" style=\"text-align: justify;\">\n<div dir=\"auto\"><span style=\"font-family: verdana, geneva, sans-serif;\">\u00c0 travers cette d\u00e9claration solennelle, la C\u00f4te d\u2019Ivoire r\u00e9affirme son attachement profond \u00e0 la conservation de la biodiversit\u00e9 marine dans les zones au-del\u00e0 des juridictions nationales. Cette prise de position s\u2019inscrit dans une vision de d\u00e9veloppement durable inclusive, adoss\u00e9e aux Objectifs de D\u00e9veloppement Durable (ODD), notamment l\u2019ODD 14, relatif \u00e0 la vie aquatique.<\/span><\/div>\n<\/div>\n<div class=\"x14z9mp xat24cr x1lziwak x1vvkbs xtlvy1s x126k92a\" style=\"text-align: justify;\">\n<div dir=\"auto\"><span style=\"font-family: verdana, geneva, sans-serif;\">Cet engagement est confort\u00e9 par une d\u00e9l\u00e9gation ivoirienne de haut niveau qu\u2019a conduite le Premier Ministre, Ministre des Sports et du Cadre de Vie, Dr Robert Beugr\u00e9 Mamb\u00e9, repr\u00e9sentant le Chef de l\u2019\u00c9tat.<\/span><\/div>\n<div dir=\"auto\">\u00a0<\/div>\n<\/div>\n<div class=\"x14z9mp xat24cr x1lziwak x1vvkbs xtlvy1s x126k92a\" style=\"text-align: justify;\">\n<div dir=\"auto\"><span style=\"font-family: verdana, geneva, sans-serif;\">Depuis la tribune de cette grande conf\u00e9rence internationale, le Chef du gouvernement ivoirien a lanc\u00e9 un appel vibrant \u00e0 la solidarit\u00e9 internationale.<\/span><\/div>\n<div dir=\"auto\">\u00a0<\/div>\n<\/div>\n<div class=\"x14z9mp xat24cr x1lziwak x1vvkbs xtlvy1s x126k92a\" style=\"text-align: justify;\">\n<div dir=\"auto\"><span style=\"font-family: verdana, geneva, sans-serif;\">\u00ab Je voudrais saisir l\u2019occasion de cette grande rencontre sur l\u2019avenir de notre plan\u00e8te pour lancer un appel \u00e0 une solidarit\u00e9 accrue, fond\u00e9e sur le partage de savoir-faire, l\u2019acc\u00e8s \u00e9quitable aux ressources marines et la mobilisation de financements innovants \u00bb, a-t-il indiqu\u00e9.<\/span><\/div>\n<div dir=\"auto\">\u00a0<\/div>\n<\/div>\n<div class=\"x14z9mp xat24cr x1lziwak x1vvkbs xtlvy1s x126k92a\" style=\"text-align: justify;\">\n<div dir=\"auto\"><span style=\"font-family: verdana, geneva, sans-serif;\">Il a \u00e9galement plaid\u00e9 pour un renforcement de la coop\u00e9ration Sud-Sud et pour la cr\u00e9ation d\u2019un Fonds mondial d\u00e9di\u00e9 \u00e0 l\u2019action pour les oc\u00e9ans, accessible, transparent et inclusif. Il en a profit\u00e9 pour rappeler que la strat\u00e9gie nationale ivoirienne en faveur de l\u2019ODD 14 inclue la cr\u00e9ation de nouvelles Aires Marines Prot\u00e9g\u00e9es (AMP), l\u2019adoption d\u2019une strat\u00e9gie nationale pour l\u2019\u00e9conomie bleue, l\u2019intensification de la lutte contre la pollution marine, l\u2019implication dans les m\u00e9canismes r\u00e9gionaux comme la Convention d\u2019Abidjan.<\/span><\/div>\n<div dir=\"auto\">\u00a0<\/div>\n<\/div>\n<div class=\"x14z9mp xat24cr x1lziwak x1vvkbs xtlvy1s x126k92a\">\n<div dir=\"auto\" style=\"text-align: justify;\"><span style=\"font-family: verdana, geneva, sans-serif;\">La mission \u00e0 Nice a aussi \u00e9t\u00e9 marqu\u00e9e par des instants de coop\u00e9ration diplomatique. En marge de la conf\u00e9rence, le Ministre Assahor\u00e9 a accompagn\u00e9 le Premier Ministre lors d\u2019une visite de courtoisie \u00e0 M. Christian Estrosi, Maire de Nice et Pr\u00e9sident de la Coalition mondiale des maires des villes c\u00f4ti\u00e8res. Ce moment d\u2019\u00e9change a renforc\u00e9 les liens de coop\u00e9ration autour de la r\u00e9silience c\u00f4ti\u00e8re et de la gouvernance maritime.<\/span><\/div>\n<\/div>\n","protected":false},"excerpt":{"rendered":"<p>\u00a0 La d\u00e9signation de la C\u00f4te d\u2019Ivoire \u00e0 la vice-pr\u00e9sidence de la Coalition des maires pour l\u2019oc\u00e9an, la \u00ab m\u00e9daille du Sommet de l\u2019Oc\u00e9an \u00bb re\u00e7ue par le Ministre Assahor\u00e9 [&hellip;]<\/p>\n","protected":false},"author":1,"featured_media":6592,"comment_status":"closed","ping_status":"closed","sticky":false,"template":"","format":"standard","meta":{"_lmt_disableupdate":"no","_lmt_disable":"","pgc_sgb_lightbox_settings":""},"categories":[58],"tags":[],"post_folder":[],"modified_by":"MINEDD","_links":{"self":[{"href":"https:\/\/did-dev.net\/mineddte\/wp-json\/wp\/v2\/posts\/6591"}],"collection":[{"href":"https:\/\/did-dev.net\/mineddte\/wp-json\/wp\/v2\/posts"}],"about":[{"href":"https:\/\/did-dev.net\/mineddte\/wp-json\/wp\/v2\/types\/post"}],"author":[{"embeddable":true,"href":"https:\/\/did-dev.net\/mineddte\/wp-json\/wp\/v2\/users\/1"}],"replies":[{"embeddable":true,"href":"https:\/\/did-dev.net\/mineddte\/wp-json\/wp\/v2\/comments?post=6591"}],"version-history":[{"count":1,"href":"https:\/\/did-dev.net\/mineddte\/wp-json\/wp\/v2\/posts\/6591\/revisions"}],"predecessor-version":[{"id":6593,"href":"https:\/\/did-dev.net\/mineddte\/wp-json\/wp\/v2\/posts\/6591\/revisions\/6593"}],"wp:featuredmedia":[{"embeddable":true,"href":"https:\/\/did-dev.net\/mineddte\/wp-json\/wp\/v2\/media\/6592"}],"wp:attachment":[{"href":"https:\/\/did-dev.net\/mineddte\/wp-json\/wp\/v2\/media?parent=6591"}],"wp:term":[{"taxonomy":"category","embeddable":true,"href":"https:\/\/did-dev.net\/mineddte\/wp-json\/wp\/v2\/categories?post=6591"},{"taxonomy":"post_tag","embeddable":true,"href":"https:\/\/did-dev.net\/mineddte\/wp-json\/wp\/v2\/tags?post=6591"},{"taxonomy":"post_folder","embeddable":true,"href":"https:\/\/did-dev.net\/mineddte\/wp-json\/wp\/v2\/post_folder?post=6591"}],"curies":[{"name":"wp","href":"https:\/\/api.w.org\/{rel}","templated":true}]}}