{"id":6585,"date":"2025-06-10T20:02:50","date_gmt":"2025-06-10T20:02:50","guid":{"rendered":"https:\/\/did-dev.net\/mineddte\/?p=6585"},"modified":"2025-07-16T09:08:35","modified_gmt":"2025-07-16T09:08:35","slug":"plan-pollumar-2025-le-ministere-renforce-les-capacites-techniques-et-operationnelles-des-acteurs","status":"publish","type":"post","link":"https:\/\/did-dev.net\/mineddte\/plan-pollumar-2025-le-ministere-renforce-les-capacites-techniques-et-operationnelles-des-acteurs\/","title":{"rendered":"PLAN POLLUMAR 2025 : LE MINIST\u00c8RE RENFORCE LES CAPACIT\u00c9S TECHNIQUES ET OP\u00c9RATIONNELLES DES ACTEURS"},"content":{"rendered":"<div class=\"xdj266r x14z9mp xat24cr x1lziwak x1vvkbs x126k92a\">&nbsp;<\/div>\n<div class=\"x14z9mp xat24cr x1lziwak x1vvkbs xtlvy1s x126k92a\" style=\"text-align: justify;\">\n<div dir=\"auto\"><span style=\"font-family: verdana, geneva, sans-serif;\"><img decoding=\"async\" loading=\"lazy\" class=\"alignnone size-full wp-image-6586\" src=\"https:\/\/did-dev.net\/mineddte\/wp-content\/uploads\/2025\/07\/505800273_1832473634260118_6979046080618050785_n-1-e1752656653270.jpg\" alt=\"\" width=\"1600\" height=\"628\" srcset=\"https:\/\/did-dev.net\/mineddte\/wp-content\/uploads\/2025\/07\/505800273_1832473634260118_6979046080618050785_n-1-e1752656653270.jpg 1600w, https:\/\/did-dev.net\/mineddte\/wp-content\/uploads\/2025\/07\/505800273_1832473634260118_6979046080618050785_n-1-e1752656653270-262x103.jpg 262w, https:\/\/did-dev.net\/mineddte\/wp-content\/uploads\/2025\/07\/505800273_1832473634260118_6979046080618050785_n-1-e1752656653270-847x332.jpg 847w, https:\/\/did-dev.net\/mineddte\/wp-content\/uploads\/2025\/07\/505800273_1832473634260118_6979046080618050785_n-1-e1752656653270-100x39.jpg 100w, https:\/\/did-dev.net\/mineddte\/wp-content\/uploads\/2025\/07\/505800273_1832473634260118_6979046080618050785_n-1-e1752656653270-1536x603.jpg 1536w\" sizes=\"(max-width: 1600px) 100vw, 1600px\" \/>Du 10 au 13 juin 2025, le Minist\u00e8re de l\u2019Environnement, du D\u00e9veloppement Durable et de la Transition \u00c9cologique (MINEDDTE), \u00e0 travers le Centre Ivoirien Antipollution (CIAPOL), organise la 11e \u00e9dition de l\u2019exercice annuel du Plan Pollumar. Plac\u00e9 sous le th\u00e8me : \u00ab Lutte de niveau 2 (10 \u00e0 100 tonnes de produits d\u00e9vers\u00e9s) contre les pollutions accidentelles par les hydrocarbures en zone portuaire \u00bb, cet \u00e9v\u00e9nement vise \u00e0 renforcer la pr\u00e9paration nationale face aux risques de pollution marine.<\/span><\/div>\n<div dir=\"auto\">&nbsp;<\/div>\n<\/div>\n<div class=\"x14z9mp xat24cr x1lziwak x1vvkbs xtlvy1s x126k92a\" style=\"text-align: justify;\">\n<div dir=\"auto\"><span style=\"font-family: verdana, geneva, sans-serif;\">En pr\u00e9lude \u00e0 l\u2019exercice pratique pr\u00e9vu le 13 juin sur le plan d\u2019eau lagunaire de la zone portuaire d\u2019Abidjan, une session de formation a d\u00e9but\u00e9 le 10 juin, \u00e0 l\u2019auditorium du Port Autonome d\u2019Abidjan. Cette formation rassemble les membres du Comit\u00e9 Interminist\u00e9riel de Lutte (CIL), les autorit\u00e9s portuaires, les entreprises p\u00e9troli\u00e8res, portuaires et a\u00e9roportuaires, ainsi que des associations et ONG.<\/span><\/div>\n<div dir=\"auto\">&nbsp;<\/div>\n<\/div>\n<div class=\"x14z9mp xat24cr x1lziwak x1vvkbs xtlvy1s x126k92a\" style=\"text-align: justify;\">\n<div dir=\"auto\"><span style=\"font-family: verdana, geneva, sans-serif;\">L\u2019objectif est de renforcer les capacit\u00e9s op\u00e9rationnelles des parties prenantes, de mettre en \u0153uvre des strat\u00e9gies efficaces et d\u2019am\u00e9liorer les proc\u00e9dures de collaboration en cas de d\u00e9versement d\u2019hydrocarbures.<\/span><\/div>\n<div dir=\"auto\">&nbsp;<\/div>\n<\/div>\n<div class=\"x14z9mp xat24cr x1lziwak x1vvkbs xtlvy1s x126k92a\" style=\"text-align: justify;\">\n<div dir=\"auto\"><span style=\"font-family: verdana, geneva, sans-serif;\">Pr\u00e9sidant l\u2019ouverture de la session<\/span><span style=\"font-family: verdana, geneva, sans-serif;\">, Monsieur Parfait Kouadio, Directeur de Cabinet repr\u00e9sentant le Ministre de l\u2019Environnement, du D\u00e9veloppement Durable et de la Transition \u00c9cologique, a salu\u00e9 l\u2019engagement collectif des participants et soulign\u00e9 l\u2019importance strat\u00e9gique du Plan Pollumar. \u00ab Ce type d\u2019exercice est essentiel pour tester notre capacit\u00e9 nationale \u00e0 r\u00e9agir rapidement et efficacement en cas de d\u00e9versement accidentel de produits polluants, et de pr\u00e9venir les impacts \u00e9cologiques, \u00e9conomiques et sanitaires souvent dramatiques li\u00e9s \u00e0 ce type d\u2019incident. \u00bb, a-t-il d\u00e9clar\u00e9.<\/span><\/div>\n<div dir=\"auto\">&nbsp;<\/div>\n<\/div>\n<div class=\"x14z9mp xat24cr x1lziwak x1vvkbs xtlvy1s x126k92a\" style=\"text-align: justify;\">\n<div dir=\"auto\"><span style=\"font-family: verdana, geneva, sans-serif;\">Il a \u00e9galement encourag\u00e9 les participants \u00e0 capitaliser sur cette formation pour renforcer leur savoir-faire op\u00e9rationnel, en mati\u00e8re de lutte \u00e0 terre, en mer, d\u2019intervention rapide, mais aussi de ma\u00eetrise du cadre juridique et des m\u00e9canismes d\u2019indemnisation.<\/span><\/div>\n<div dir=\"auto\">&nbsp;<\/div>\n<\/div>\n<div class=\"x14z9mp xat24cr x1lziwak x1vvkbs xtlvy1s x126k92a\">\n<div dir=\"auto\" style=\"text-align: justify;\"><span style=\"font-family: verdana, geneva, sans-serif;\">Pour rappel, le Plan Pollumar est un dispositif d\u2019intervention d\u2019urgence d\u00e9clench\u00e9 en cas de pollution accidentelle des eaux. Il est activ\u00e9 pour g\u00e9rer les crises de pollution par hydrocarbures ou produits chimiques en mer, en lagune et dans les zones c\u00f4ti\u00e8res. Cet exercice annuel, organis\u00e9 dans le cadre de la Quinzaine Nationale de l\u2019Environnement, du D\u00e9veloppement Durable et de la Transition \u00c9cologique (QNEDDTE), permet d\u2019\u00e9valuer le niveau national de planification et de pr\u00e9paration \u00e0 la lutte contre les d\u00e9versements accidentels.<\/span><\/div>\n<\/div>\n","protected":false},"excerpt":{"rendered":"<p>&nbsp; Du 10 au 13 juin 2025, le Minist\u00e8re de l\u2019Environnement, du D\u00e9veloppement Durable et de la Transition \u00c9cologique (MINEDDTE), \u00e0 travers le Centre Ivoirien Antipollution (CIAPOL), organise la 11e [&hellip;]<\/p>\n","protected":false},"author":1,"featured_media":6586,"comment_status":"closed","ping_status":"closed","sticky":false,"template":"","format":"standard","meta":{"_lmt_disableupdate":"no","_lmt_disable":"","pgc_sgb_lightbox_settings":""},"categories":[58],"tags":[],"post_folder":[],"modified_by":"MINEDD","_links":{"self":[{"href":"https:\/\/did-dev.net\/mineddte\/wp-json\/wp\/v2\/posts\/6585"}],"collection":[{"href":"https:\/\/did-dev.net\/mineddte\/wp-json\/wp\/v2\/posts"}],"about":[{"href":"https:\/\/did-dev.net\/mineddte\/wp-json\/wp\/v2\/types\/post"}],"author":[{"embeddable":true,"href":"https:\/\/did-dev.net\/mineddte\/wp-json\/wp\/v2\/users\/1"}],"replies":[{"embeddable":true,"href":"https:\/\/did-dev.net\/mineddte\/wp-json\/wp\/v2\/comments?post=6585"}],"version-history":[{"count":4,"href":"https:\/\/did-dev.net\/mineddte\/wp-json\/wp\/v2\/posts\/6585\/revisions"}],"predecessor-version":[{"id":6590,"href":"https:\/\/did-dev.net\/mineddte\/wp-json\/wp\/v2\/posts\/6585\/revisions\/6590"}],"wp:featuredmedia":[{"embeddable":true,"href":"https:\/\/did-dev.net\/mineddte\/wp-json\/wp\/v2\/media\/6586"}],"wp:attachment":[{"href":"https:\/\/did-dev.net\/mineddte\/wp-json\/wp\/v2\/media?parent=6585"}],"wp:term":[{"taxonomy":"category","embeddable":true,"href":"https:\/\/did-dev.net\/mineddte\/wp-json\/wp\/v2\/categories?post=6585"},{"taxonomy":"post_tag","embeddable":true,"href":"https:\/\/did-dev.net\/mineddte\/wp-json\/wp\/v2\/tags?post=6585"},{"taxonomy":"post_folder","embeddable":true,"href":"https:\/\/did-dev.net\/mineddte\/wp-json\/wp\/v2\/post_folder?post=6585"}],"curies":[{"name":"wp","href":"https:\/\/api.w.org\/{rel}","templated":true}]}}