{"id":6582,"date":"2025-06-09T20:26:23","date_gmt":"2025-06-09T20:26:23","guid":{"rendered":"https:\/\/did-dev.net\/mineddte\/?p=6582"},"modified":"2025-07-15T15:30:43","modified_gmt":"2025-07-15T15:30:43","slug":"unoc-2025-la-cote-divoire-sengage-pour-la-protection-des-oceans","status":"publish","type":"post","link":"https:\/\/did-dev.net\/mineddte\/unoc-2025-la-cote-divoire-sengage-pour-la-protection-des-oceans\/","title":{"rendered":"UNOC 2025 : LA C\u00d4TE D\u2019IVOIRE S\u2019ENGAGE POUR LA PROTECTION DES OC\u00c9ANS"},"content":{"rendered":"<div class=\"xdj266r x14z9mp xat24cr x1lziwak x1vvkbs x126k92a\">\n<div dir=\"auto\" style=\"text-align: justify;\"><span style=\"font-family: verdana, geneva, sans-serif;\"><img decoding=\"async\" loading=\"lazy\" class=\"alignnone size-full wp-image-6583\" src=\"https:\/\/did-dev.net\/mineddte\/wp-content\/uploads\/2025\/07\/505807497_1831777607663054_6093144701697700473_n-1-e1752593246297.jpg\" alt=\"\" width=\"1280\" height=\"502\" srcset=\"https:\/\/did-dev.net\/mineddte\/wp-content\/uploads\/2025\/07\/505807497_1831777607663054_6093144701697700473_n-1-e1752593246297.jpg 1280w, https:\/\/did-dev.net\/mineddte\/wp-content\/uploads\/2025\/07\/505807497_1831777607663054_6093144701697700473_n-1-e1752593246297-262x103.jpg 262w, https:\/\/did-dev.net\/mineddte\/wp-content\/uploads\/2025\/07\/505807497_1831777607663054_6093144701697700473_n-1-e1752593246297-847x332.jpg 847w, https:\/\/did-dev.net\/mineddte\/wp-content\/uploads\/2025\/07\/505807497_1831777607663054_6093144701697700473_n-1-e1752593246297-100x39.jpg 100w\" sizes=\"(max-width: 1280px) 100vw, 1280px\" \/><\/span><\/div>\n<\/div>\n<div class=\"x14z9mp xat24cr x1lziwak x1vvkbs xtlvy1s x126k92a\" style=\"text-align: justify;\">\n<div dir=\"auto\"><span style=\"font-family: verdana, geneva, sans-serif;\">Du 9 au 13 juin 2025, la ville de Nice accueille la 3e Conf\u00e9rence des Nations Unies sur l\u2019Oc\u00e9an (UNOC 3), coorganis\u00e9e par la France et le Costa Rica. Cet \u00e9v\u00e9nement majeur r\u00e9unit gouvernements, ONG, scientifiques et acteurs du secteur priv\u00e9 autour du th\u00e8me : \u00ab Acc\u00e9l\u00e9rer l\u2019action et mobiliser tous les acteurs pour conserver et utiliser durablement l\u2019oc\u00e9an \u00bb.<\/span><\/div>\n<div dir=\"auto\">\u00a0<\/div>\n<\/div>\n<div class=\"x14z9mp xat24cr x1lziwak x1vvkbs xtlvy1s x126k92a\" style=\"text-align: justify;\">\n<div dir=\"auto\"><span style=\"font-family: verdana, geneva, sans-serif;\">Le Ministre de l\u2019Environnement, du D\u00e9veloppement Durable et de la Transition \u00c9cologique, Monsieur Assahor\u00e9 Konan Jacques, a salu\u00e9 l\u2019adoption de l\u2019Accord BBNJ (Biodiversit\u00e9 au-del\u00e0 des juridictions nationales) comme une avanc\u00e9e majeure du multilat\u00e9ralisme environnemental. Il a soulign\u00e9 l\u2019importance d\u2019une solidarit\u00e9 internationale renforc\u00e9e pour la mise en \u0153uvre effective de cet accord.<\/span><\/div>\n<\/div>\n<div class=\"x14z9mp xat24cr x1lziwak x1vvkbs xtlvy1s x126k92a\" style=\"text-align: justify;\">\n<div dir=\"auto\"><span style=\"font-family: verdana, geneva, sans-serif;\">La C\u00f4te d\u2019Ivoire a ratifi\u00e9 l\u2019Accord BBNJ le 4 juin 2025, apr\u00e8s des consultations nationales inclusives. Cette ratification t\u00e9moigne de l\u2019engagement du pays \u00e0 prot\u00e9ger la biodiversit\u00e9 marine au-del\u00e0 de ses eaux territoriales.<\/span><\/div>\n<div dir=\"auto\">\u00a0<\/div>\n<\/div>\n<div class=\"x14z9mp xat24cr x1lziwak x1vvkbs xtlvy1s x126k92a\">\n<div dir=\"auto\" style=\"text-align: justify;\"><span style=\"font-family: verdana, geneva, sans-serif;\">L\u2019UNOC 3 vise \u00e0 renforcer la mise en \u0153uvre de l\u2019Objectif de D\u00e9veloppement Durable 14, d\u00e9di\u00e9 \u00e0 la conservation des oc\u00e9ans. Parmi les priorit\u00e9s figurent la mobilisation de financements pour l\u2019\u00e9conomie bleue, la promotion de la recherche scientifique et la lutte contre la pollution marine.<\/span><\/div>\n<\/div>\n","protected":false},"excerpt":{"rendered":"<p>Du 9 au 13 juin 2025, la ville de Nice accueille la 3e Conf\u00e9rence des Nations Unies sur l\u2019Oc\u00e9an (UNOC 3), coorganis\u00e9e par la France et le Costa Rica. Cet [&hellip;]<\/p>\n","protected":false},"author":1,"featured_media":6583,"comment_status":"closed","ping_status":"closed","sticky":false,"template":"","format":"standard","meta":{"_lmt_disableupdate":"no","_lmt_disable":"","pgc_sgb_lightbox_settings":""},"categories":[58],"tags":[],"post_folder":[],"modified_by":"MINEDD","_links":{"self":[{"href":"https:\/\/did-dev.net\/mineddte\/wp-json\/wp\/v2\/posts\/6582"}],"collection":[{"href":"https:\/\/did-dev.net\/mineddte\/wp-json\/wp\/v2\/posts"}],"about":[{"href":"https:\/\/did-dev.net\/mineddte\/wp-json\/wp\/v2\/types\/post"}],"author":[{"embeddable":true,"href":"https:\/\/did-dev.net\/mineddte\/wp-json\/wp\/v2\/users\/1"}],"replies":[{"embeddable":true,"href":"https:\/\/did-dev.net\/mineddte\/wp-json\/wp\/v2\/comments?post=6582"}],"version-history":[{"count":1,"href":"https:\/\/did-dev.net\/mineddte\/wp-json\/wp\/v2\/posts\/6582\/revisions"}],"predecessor-version":[{"id":6584,"href":"https:\/\/did-dev.net\/mineddte\/wp-json\/wp\/v2\/posts\/6582\/revisions\/6584"}],"wp:featuredmedia":[{"embeddable":true,"href":"https:\/\/did-dev.net\/mineddte\/wp-json\/wp\/v2\/media\/6583"}],"wp:attachment":[{"href":"https:\/\/did-dev.net\/mineddte\/wp-json\/wp\/v2\/media?parent=6582"}],"wp:term":[{"taxonomy":"category","embeddable":true,"href":"https:\/\/did-dev.net\/mineddte\/wp-json\/wp\/v2\/categories?post=6582"},{"taxonomy":"post_tag","embeddable":true,"href":"https:\/\/did-dev.net\/mineddte\/wp-json\/wp\/v2\/tags?post=6582"},{"taxonomy":"post_folder","embeddable":true,"href":"https:\/\/did-dev.net\/mineddte\/wp-json\/wp\/v2\/post_folder?post=6582"}],"curies":[{"name":"wp","href":"https:\/\/api.w.org\/{rel}","templated":true}]}}