{"id":6579,"date":"2025-06-05T15:15:01","date_gmt":"2025-06-05T15:15:01","guid":{"rendered":"https:\/\/did-dev.net\/mineddte\/?p=6579"},"modified":"2025-07-15T15:24:29","modified_gmt":"2025-07-15T15:24:29","slug":"lutte-contre-les-changements-climatiques-la-cote-divoire-renforce-son-arsenal-juridique","status":"publish","type":"post","link":"https:\/\/did-dev.net\/mineddte\/lutte-contre-les-changements-climatiques-la-cote-divoire-renforce-son-arsenal-juridique\/","title":{"rendered":"LUTTE CONTRE LES CHANGEMENTS CLIMATIQUES : LA C\u00d4TE D\u2019IVOIRE RENFORCE SON ARSENAL JURIDIQUE"},"content":{"rendered":"<div class=\"xdj266r x14z9mp xat24cr x1lziwak x1vvkbs x126k92a\">\u00a0<\/div>\n<div class=\"x14z9mp xat24cr x1lziwak x1vvkbs xtlvy1s x126k92a\" style=\"text-align: justify;\">\n<div dir=\"auto\"><span style=\"font-family: verdana, geneva, sans-serif;\"><img decoding=\"async\" loading=\"lazy\" class=\"alignnone size-full wp-image-6580\" src=\"https:\/\/did-dev.net\/mineddte\/wp-content\/uploads\/2025\/07\/504883626_1828729661301182_7247980667147711794_n-1-e1752592870741.jpg\" alt=\"\" width=\"2048\" height=\"803\" srcset=\"https:\/\/did-dev.net\/mineddte\/wp-content\/uploads\/2025\/07\/504883626_1828729661301182_7247980667147711794_n-1-e1752592870741.jpg 2048w, https:\/\/did-dev.net\/mineddte\/wp-content\/uploads\/2025\/07\/504883626_1828729661301182_7247980667147711794_n-1-e1752592870741-262x103.jpg 262w, https:\/\/did-dev.net\/mineddte\/wp-content\/uploads\/2025\/07\/504883626_1828729661301182_7247980667147711794_n-1-e1752592870741-847x332.jpg 847w, https:\/\/did-dev.net\/mineddte\/wp-content\/uploads\/2025\/07\/504883626_1828729661301182_7247980667147711794_n-1-e1752592870741-100x39.jpg 100w, https:\/\/did-dev.net\/mineddte\/wp-content\/uploads\/2025\/07\/504883626_1828729661301182_7247980667147711794_n-1-e1752592870741-1536x602.jpg 1536w\" sizes=\"(max-width: 2048px) 100vw, 2048px\" \/>Le jeudi 5 juin 2025, la Commission de la Recherche, de la Science, de la Technologie et de l\u2019Environnement (CRSTE) a examin\u00e9 et adopt\u00e9 \u00e0 l\u2019unanimit\u00e9 un projet de loi majeur sur la lutte contre les changements climatiques, pr\u00e9sent\u00e9 par le Ministre de l\u2019Environnement, du D\u00e9veloppement Durable et de la Transition \u00c9cologique, Monsieur Assahor\u00e9 Konan Jacques, au S\u00e9nat, \u00e0 Yamoussoukro.<\/span><\/div>\n<div dir=\"auto\">\u00a0<\/div>\n<\/div>\n<div class=\"x14z9mp xat24cr x1lziwak x1vvkbs xtlvy1s x126k92a\" style=\"text-align: justify;\">\n<div dir=\"auto\"><span style=\"font-family: verdana, geneva, sans-serif;\">Ce texte vise \u00e0 combler les lacunes de la l\u00e9gislation actuelle en mati\u00e8re de gouvernance, de financement et de r\u00e9gulation du march\u00e9 carbone. Il pr\u00e9voit la cr\u00e9ation d\u2019un cadre juridique renforc\u00e9 pour am\u00e9liorer la gouvernance climatique, r\u00e9duire les \u00e9missions de gaz \u00e0 effet de serre, mobiliser les financements et accro\u00eetre la r\u00e9silience des populations.<\/span><\/div>\n<div dir=\"auto\">\u00a0<\/div>\n<\/div>\n<div class=\"x14z9mp xat24cr x1lziwak x1vvkbs xtlvy1s x126k92a\" style=\"text-align: justify;\">\n<div dir=\"auto\"><span style=\"font-family: verdana, geneva, sans-serif;\">Le Ministre Assahor\u00e9 a soulign\u00e9 l\u2019urgence d\u2019adapter la r\u00e9ponse nationale face \u00e0 l\u2019aggravation des effets climatiques en C\u00f4te d\u2019Ivoire. Il a rappel\u00e9 que, malgr\u00e9 les textes existants et l\u2019adh\u00e9sion \u00e0 plusieurs accords internationaux, des faiblesses structurelles persistent dans la gouvernance, le financement, le suivi-\u00e9valuation et la r\u00e9gulation du march\u00e9 carbone.<\/span><\/div>\n<div dir=\"auto\">\u00a0<\/div>\n<\/div>\n<div class=\"x14z9mp xat24cr x1lziwak x1vvkbs xtlvy1s x126k92a\" style=\"text-align: justify;\">\n<div dir=\"auto\"><span style=\"font-family: verdana, geneva, sans-serif;\">Ce projet de loi s\u2019inscrit dans une strat\u00e9gie plus large, comprenant la cr\u00e9ation du Bureau du March\u00e9 Carbone, l\u2019\u00e9laboration d\u2019un portefeuille de plus de 300 projets climatiques et la mobilisation de 22 milliards de dollars pour financer la transition \u00e9cologique.<\/span><\/div>\n<div dir=\"auto\">\u00a0<\/div>\n<\/div>\n<div class=\"x14z9mp xat24cr x1lziwak x1vvkbs xtlvy1s x126k92a\">\n<div dir=\"auto\" style=\"text-align: justify;\"><span style=\"font-family: verdana, geneva, sans-serif;\">Avec l\u2019adoption de ce projet de loi, la C\u00f4te d\u2019Ivoire franchit une \u00e9tape d\u00e9cisive dans la mise en \u0153uvre de sa strat\u00e9gie climatique, en renfor\u00e7ant son cadre juridique pour atteindre ses objectifs de r\u00e9duction des \u00e9missions de gaz \u00e0 effet de serre et de r\u00e9silience face aux changements climatiques.<\/span><\/div>\n<\/div>\n","protected":false},"excerpt":{"rendered":"<p>\u00a0 Le jeudi 5 juin 2025, la Commission de la Recherche, de la Science, de la Technologie et de l\u2019Environnement (CRSTE) a examin\u00e9 et adopt\u00e9 \u00e0 l\u2019unanimit\u00e9 un projet de [&hellip;]<\/p>\n","protected":false},"author":1,"featured_media":6580,"comment_status":"closed","ping_status":"closed","sticky":false,"template":"","format":"standard","meta":{"_lmt_disableupdate":"no","_lmt_disable":"","pgc_sgb_lightbox_settings":""},"categories":[58],"tags":[],"post_folder":[],"modified_by":"MINEDD","_links":{"self":[{"href":"https:\/\/did-dev.net\/mineddte\/wp-json\/wp\/v2\/posts\/6579"}],"collection":[{"href":"https:\/\/did-dev.net\/mineddte\/wp-json\/wp\/v2\/posts"}],"about":[{"href":"https:\/\/did-dev.net\/mineddte\/wp-json\/wp\/v2\/types\/post"}],"author":[{"embeddable":true,"href":"https:\/\/did-dev.net\/mineddte\/wp-json\/wp\/v2\/users\/1"}],"replies":[{"embeddable":true,"href":"https:\/\/did-dev.net\/mineddte\/wp-json\/wp\/v2\/comments?post=6579"}],"version-history":[{"count":1,"href":"https:\/\/did-dev.net\/mineddte\/wp-json\/wp\/v2\/posts\/6579\/revisions"}],"predecessor-version":[{"id":6581,"href":"https:\/\/did-dev.net\/mineddte\/wp-json\/wp\/v2\/posts\/6579\/revisions\/6581"}],"wp:featuredmedia":[{"embeddable":true,"href":"https:\/\/did-dev.net\/mineddte\/wp-json\/wp\/v2\/media\/6580"}],"wp:attachment":[{"href":"https:\/\/did-dev.net\/mineddte\/wp-json\/wp\/v2\/media?parent=6579"}],"wp:term":[{"taxonomy":"category","embeddable":true,"href":"https:\/\/did-dev.net\/mineddte\/wp-json\/wp\/v2\/categories?post=6579"},{"taxonomy":"post_tag","embeddable":true,"href":"https:\/\/did-dev.net\/mineddte\/wp-json\/wp\/v2\/tags?post=6579"},{"taxonomy":"post_folder","embeddable":true,"href":"https:\/\/did-dev.net\/mineddte\/wp-json\/wp\/v2\/post_folder?post=6579"}],"curies":[{"name":"wp","href":"https:\/\/api.w.org\/{rel}","templated":true}]}}