{"id":6573,"date":"2025-06-04T14:49:11","date_gmt":"2025-06-04T14:49:11","guid":{"rendered":"https:\/\/did-dev.net\/mineddte\/?p=6573"},"modified":"2025-07-15T15:00:15","modified_gmt":"2025-07-15T15:00:15","slug":"celebration-de-la-journee-mondiale-de-lenvironnement-2025-la-cote-divoire-renforce-son-engagement-contre-la-pollution-plastique","status":"publish","type":"post","link":"https:\/\/did-dev.net\/mineddte\/celebration-de-la-journee-mondiale-de-lenvironnement-2025-la-cote-divoire-renforce-son-engagement-contre-la-pollution-plastique\/","title":{"rendered":"C\u00c9L\u00c9BRATION DE LA JOURN\u00c9E MONDIALE DE L\u2019ENVIRONNEMENT 2025 : LA C\u00d4TE D\u2019IVOIRE RENFORCE SON ENGAGEMENT CONTRE LA POLLUTION PLASTIQUE"},"content":{"rendered":"<div class=\"xdj266r x14z9mp xat24cr x1lziwak x1vvkbs x126k92a\">\u00a0<\/div>\n<div class=\"x14z9mp xat24cr x1lziwak x1vvkbs xtlvy1s x126k92a\" style=\"text-align: justify;\">\n<div dir=\"auto\"><span style=\"font-family: verdana, geneva, sans-serif;\"><img decoding=\"async\" loading=\"lazy\" class=\"alignnone size-full wp-image-6574\" src=\"https:\/\/did-dev.net\/mineddte\/wp-content\/uploads\/2025\/07\/503617009_1827537161420432_808687558796228089_n-e1752591186630.jpg\" alt=\"\" width=\"2048\" height=\"803\" srcset=\"https:\/\/did-dev.net\/mineddte\/wp-content\/uploads\/2025\/07\/503617009_1827537161420432_808687558796228089_n-e1752591186630.jpg 2048w, https:\/\/did-dev.net\/mineddte\/wp-content\/uploads\/2025\/07\/503617009_1827537161420432_808687558796228089_n-e1752591186630-262x103.jpg 262w, https:\/\/did-dev.net\/mineddte\/wp-content\/uploads\/2025\/07\/503617009_1827537161420432_808687558796228089_n-e1752591186630-847x332.jpg 847w, https:\/\/did-dev.net\/mineddte\/wp-content\/uploads\/2025\/07\/503617009_1827537161420432_808687558796228089_n-e1752591186630-100x39.jpg 100w, https:\/\/did-dev.net\/mineddte\/wp-content\/uploads\/2025\/07\/503617009_1827537161420432_808687558796228089_n-e1752591186630-1536x602.jpg 1536w\" sizes=\"(max-width: 2048px) 100vw, 2048px\" \/>Monsieur Parfait Kouadio, Directeur de Cabinet du Ministre de l\u2019Environnement, du D\u00e9veloppement Durable et de la Transition \u00c9cologique, a r\u00e9affirm\u00e9 l\u2019engagement de la C\u00f4te d\u2019Ivoire \u00e0 lutter contre la pollution plastique, ce mercredi 4 juin 2025, au Palais de la Culture de Treichville, \u00e0 l\u2019occasion de la c\u00e9l\u00e9bration officielle de la Journ\u00e9e mondiale de l\u2019environnement (JME), plac\u00e9e sous le th\u00e8me : \u00ab Mettre fin \u00e0 la pollution plastique \u00bb.<\/span><\/div>\n<div dir=\"auto\">\u00a0<\/div>\n<\/div>\n<div class=\"x14z9mp xat24cr x1lziwak x1vvkbs xtlvy1s x126k92a\" style=\"text-align: justify;\">\n<div dir=\"auto\"><span style=\"font-family: verdana, geneva, sans-serif;\">Repr\u00e9sentant le Ministre Assahor\u00e9 Konan Jacques, M. Parfait Kouadio a dress\u00e9 un constat alarmant :<\/span><\/div>\n<\/div>\n<div class=\"x14z9mp xat24cr x1lziwak x1vvkbs xtlvy1s x126k92a\" style=\"text-align: justify;\">\n<div dir=\"auto\"><span style=\"font-family: verdana, geneva, sans-serif;\">\u00ab La pollution plastique est aujourd\u2019hui l\u2019un des plus grands fl\u00e9aux environnementaux. Elle envahit nos terres, nos rivi\u00e8res, nos oc\u00e9ans. Elle menace la biodiversit\u00e9, alt\u00e8re nos sols, perturbe les cha\u00eenes alimentaires et nuit \u00e0 notre sant\u00e9. \u00bb<\/span><\/div>\n<div dir=\"auto\">\u00a0<\/div>\n<\/div>\n<div class=\"x14z9mp xat24cr x1lziwak x1vvkbs xtlvy1s x126k92a\" style=\"text-align: justify;\">\n<div dir=\"auto\"><span style=\"font-family: verdana, geneva, sans-serif;\">Face \u00e0 cette situation pr\u00e9occupante, il a plaid\u00e9 pour une r\u00e9ponse collective forte, fond\u00e9e sur la transition vers une \u00e9conomie circulaire, l\u2019adoption de politiques publiques ambitieuses et la responsabilisation de chaque citoyen.<\/span><\/div>\n<div dir=\"auto\">\u00a0<\/div>\n<\/div>\n<div class=\"x14z9mp xat24cr x1lziwak x1vvkbs xtlvy1s x126k92a\" style=\"text-align: justify;\">\n<div dir=\"auto\"><span style=\"font-family: verdana, geneva, sans-serif;\">Le Directeur de Cabinet a rappel\u00e9 les actions d\u00e9j\u00e0 entreprises par la C\u00f4te d\u2019Ivoire, notamment l\u2019interdiction des sachets plastiques d\u00e8s 2014, la ratification des principales conventions internationales sur la pollution, l\u2019\u00e9laboration d\u2019une strat\u00e9gie nationale pour l\u2019\u00e9conomie circulaire et, plus r\u00e9cemment, l\u2019adoption du nouveau Code de l\u2019environnement en 2023, qui renforce le cadre juridique de la protection \u00e9cologique.<\/span><\/div>\n<div dir=\"auto\">\u00a0<\/div>\n<\/div>\n<div class=\"x14z9mp xat24cr x1lziwak x1vvkbs xtlvy1s x126k92a\" style=\"text-align: justify;\">\n<div dir=\"auto\"><span style=\"font-family: verdana, geneva, sans-serif;\">Pr\u00e9sente \u00e0 cette c\u00e9r\u00e9monie, Mme Blerta Cela, Repr\u00e9sentante r\u00e9sidente du PNUD, a salu\u00e9 la volont\u00e9 politique du gouvernement ivoirien et r\u00e9affirm\u00e9 l\u2019engagement de son institution \u00e0 accompagner le pays dans la mise en \u0153uvre de ses r\u00e9formes. Elle a soulign\u00e9 l\u2019urgence de mettre un terme \u00e0 la pollution plastique afin de pr\u00e9server la sant\u00e9 des populations, prot\u00e9ger les \u00e9cosyst\u00e8mes et garantir une prosp\u00e9rit\u00e9 durable.<\/span><\/div>\n<div dir=\"auto\">\u00a0<\/div>\n<\/div>\n<div class=\"x14z9mp xat24cr x1lziwak x1vvkbs xtlvy1s x126k92a\" style=\"text-align: justify;\">\n<div dir=\"auto\"><span style=\"font-family: verdana, geneva, sans-serif;\">Cette journ\u00e9e a \u00e9t\u00e9 l\u2019occasion, \u00e0 travers des panels, pour les experts de sensibiliser et mobiliser l\u2019ensemble des segments de la soci\u00e9t\u00e9 en vue de faire \u00e9voluer les comportements, valoriser les alternatives au plastique et encourager les bonnes pratiques. Elle s\u2019est conclue par une visite des stands et le lancement d\u2019une caravane de sensibilisation.<\/span><\/div>\n<div dir=\"auto\">\u00a0<\/div>\n<\/div>\n<div class=\"x14z9mp xat24cr x1lziwak x1vvkbs xtlvy1s x126k92a\">\n<div dir=\"auto\" style=\"text-align: justify;\"><span style=\"font-family: verdana, geneva, sans-serif;\">Notons que cette activit\u00e9 s\u2019inscrit dans le cadre de la Quinzaine Nationale de l\u2019Environnement, du D\u00e9veloppement Durable et de la Transition \u00c9cologique (QNEDDTE), qui se tient du 3 au 17 juin 2025.<\/span><\/div>\n<\/div>\n","protected":false},"excerpt":{"rendered":"<p>\u00a0 Monsieur Parfait Kouadio, Directeur de Cabinet du Ministre de l\u2019Environnement, du D\u00e9veloppement Durable et de la Transition \u00c9cologique, a r\u00e9affirm\u00e9 l\u2019engagement de la C\u00f4te d\u2019Ivoire \u00e0 lutter contre la [&hellip;]<\/p>\n","protected":false},"author":1,"featured_media":6574,"comment_status":"closed","ping_status":"closed","sticky":false,"template":"","format":"standard","meta":{"_lmt_disableupdate":"no","_lmt_disable":"","pgc_sgb_lightbox_settings":""},"categories":[58],"tags":[],"post_folder":[],"modified_by":"MINEDD","_links":{"self":[{"href":"https:\/\/did-dev.net\/mineddte\/wp-json\/wp\/v2\/posts\/6573"}],"collection":[{"href":"https:\/\/did-dev.net\/mineddte\/wp-json\/wp\/v2\/posts"}],"about":[{"href":"https:\/\/did-dev.net\/mineddte\/wp-json\/wp\/v2\/types\/post"}],"author":[{"embeddable":true,"href":"https:\/\/did-dev.net\/mineddte\/wp-json\/wp\/v2\/users\/1"}],"replies":[{"embeddable":true,"href":"https:\/\/did-dev.net\/mineddte\/wp-json\/wp\/v2\/comments?post=6573"}],"version-history":[{"count":1,"href":"https:\/\/did-dev.net\/mineddte\/wp-json\/wp\/v2\/posts\/6573\/revisions"}],"predecessor-version":[{"id":6576,"href":"https:\/\/did-dev.net\/mineddte\/wp-json\/wp\/v2\/posts\/6573\/revisions\/6576"}],"wp:featuredmedia":[{"embeddable":true,"href":"https:\/\/did-dev.net\/mineddte\/wp-json\/wp\/v2\/media\/6574"}],"wp:attachment":[{"href":"https:\/\/did-dev.net\/mineddte\/wp-json\/wp\/v2\/media?parent=6573"}],"wp:term":[{"taxonomy":"category","embeddable":true,"href":"https:\/\/did-dev.net\/mineddte\/wp-json\/wp\/v2\/categories?post=6573"},{"taxonomy":"post_tag","embeddable":true,"href":"https:\/\/did-dev.net\/mineddte\/wp-json\/wp\/v2\/tags?post=6573"},{"taxonomy":"post_folder","embeddable":true,"href":"https:\/\/did-dev.net\/mineddte\/wp-json\/wp\/v2\/post_folder?post=6573"}],"curies":[{"name":"wp","href":"https:\/\/api.w.org\/{rel}","templated":true}]}}