{"id":6569,"date":"2025-06-03T15:42:26","date_gmt":"2025-06-03T15:42:26","guid":{"rendered":"https:\/\/did-dev.net\/mineddte\/?p=6569"},"modified":"2025-07-15T14:40:23","modified_gmt":"2025-07-15T14:40:23","slug":"jme-2025-le-ministere-intensifie-la-sensibilisation-universitaire-contre-la-pollution-plastique","status":"publish","type":"post","link":"https:\/\/did-dev.net\/mineddte\/jme-2025-le-ministere-intensifie-la-sensibilisation-universitaire-contre-la-pollution-plastique\/","title":{"rendered":"JME 2025 : LE MINIST\u00c8RE INTENSIFIE LA SENSIBILISATION UNIVERSITAIRE CONTRE LA POLLUTION PLASTIQUE"},"content":{"rendered":"<div class=\"xdj266r x14z9mp xat24cr x1lziwak x1vvkbs x126k92a\">\n<div dir=\"auto\" style=\"text-align: justify;\"><img decoding=\"async\" loading=\"lazy\" class=\"alignnone size-full wp-image-6570\" src=\"https:\/\/did-dev.net\/mineddte\/wp-content\/uploads\/2025\/07\/503760593_1826603151513833_5360512594155225835_n-e1752590740786.jpg\" alt=\"\" width=\"1197\" height=\"469\" srcset=\"https:\/\/did-dev.net\/mineddte\/wp-content\/uploads\/2025\/07\/503760593_1826603151513833_5360512594155225835_n-e1752590740786.jpg 1197w, https:\/\/did-dev.net\/mineddte\/wp-content\/uploads\/2025\/07\/503760593_1826603151513833_5360512594155225835_n-e1752590740786-262x103.jpg 262w, https:\/\/did-dev.net\/mineddte\/wp-content\/uploads\/2025\/07\/503760593_1826603151513833_5360512594155225835_n-e1752590740786-847x332.jpg 847w, https:\/\/did-dev.net\/mineddte\/wp-content\/uploads\/2025\/07\/503760593_1826603151513833_5360512594155225835_n-e1752590740786-100x39.jpg 100w\" sizes=\"(max-width: 1197px) 100vw, 1197px\" \/><\/div>\n<\/div>\n<div class=\"x14z9mp xat24cr x1lziwak x1vvkbs xtlvy1s x126k92a\" style=\"text-align: justify;\">\n<div dir=\"auto\"><span style=\"font-family: verdana, geneva, sans-serif;\">En pr\u00e9lude \u00e0 la c\u00e9l\u00e9bration officielle de la Journ\u00e9e Mondiale de l\u2019Environnement (JME), le Minist\u00e8re de l\u2019Environnement, du D\u00e9veloppement Durable et de la Transition \u00c9cologique a organis\u00e9, le mardi 03 juin2025, \u00e0 l\u2019Universit\u00e9 Nangui Abrogoua (UNA), une conf\u00e9rence ax\u00e9e sur la lutte contre la pollution plastique.<\/span><\/div>\n<div dir=\"auto\">\u00a0<\/div>\n<\/div>\n<div class=\"x14z9mp xat24cr x1lziwak x1vvkbs xtlvy1s x126k92a\" style=\"text-align: justify;\">\n<div dir=\"auto\"><span style=\"font-family: verdana, geneva, sans-serif;\">Plac\u00e9e sous le th\u00e8me \u00ab Pollution plastique : impacts multiples et responsabilit\u00e9s partag\u00e9es \u2013 Enjeux environnementaux, sanitaires, \u00e9conomiques et leviers d\u2019action \u00bb, cette initiative visait \u00e0 sensibiliser les \u00e9tudiants sur les enjeux li\u00e9s aux d\u00e9chets plastiques et \u00e0 promouvoir une culture \u00e9co-responsable.<\/span><\/div>\n<div dir=\"auto\">\u00a0<\/div>\n<\/div>\n<div class=\"x14z9mp xat24cr x1lziwak x1vvkbs xtlvy1s x126k92a\" style=\"text-align: justify;\">\n<div dir=\"auto\"><span style=\"font-family: verdana, geneva, sans-serif;\">Malgr\u00e9 l\u2019interdiction des sachets plastiques depuis le d\u00e9cret de 2013, la C\u00f4te d&#8217;Ivoire continue de faire face \u00e0 une prolif\u00e9ration des d\u00e9chets plastiques. Ces derniers, pr\u00e9sents massivement dans les villes, \u00e9touffent les caniveaux, d\u00e9gradent les paysages, aggravent les inondations et affectent les \u00e9cosyst\u00e8mes naturels. Face \u00e0 cette urgence, le Minist\u00e8re a choisi d\u2019interpeller la jeunesse universitaire, consid\u00e9r\u00e9e comme les futurs leaders, innovateurs et d\u00e9cideurs de demain.<\/span><\/div>\n<div dir=\"auto\">\u00a0<\/div>\n<\/div>\n<div class=\"x14z9mp xat24cr x1lziwak x1vvkbs xtlvy1s x126k92a\" style=\"text-align: justify;\">\n<div dir=\"auto\"><span style=\"font-family: verdana, geneva, sans-serif;\">Repr\u00e9sentant le Ministre, le Conseiller Technique, Professeur Kouadio Georges a rappel\u00e9 l\u2019importance d\u2019impliquer la jeunesse dans la r\u00e9solution des d\u00e9fis environnementaux.<\/span><\/div>\n<div dir=\"auto\">\u00a0<\/div>\n<div dir=\"auto\"><span style=\"font-family: verdana, geneva, sans-serif;\">\u00ab La nouvelle g\u00e9n\u00e9ration est au c\u0153ur de nombreux probl\u00e8mes environnementaux qu\u2019il faut imp\u00e9rativement r\u00e9soudre. Cela passe par la formation, mais surtout par une prise de conscience collective. Il faut se pr\u00e9parer \u00e0 se d\u00e9faire des sachets plastiques, car notre survie en d\u00e9pend \u00bb, a-t-il d\u00e9clar\u00e9.<\/span><\/div>\n<div dir=\"auto\">\u00a0<\/div>\n<\/div>\n<div class=\"x14z9mp xat24cr x1lziwak x1vvkbs xtlvy1s x126k92a\" style=\"text-align: justify;\">\n<div dir=\"auto\"><span style=\"font-family: verdana, geneva, sans-serif;\">Rappelant que l\u2019universit\u00e9 est un espace de savoir, de r\u00e9flexion et d\u2019innovation, il a insist\u00e9 sur son r\u00f4le dans la sensibilisation, la recherche d\u2019alternatives au plastique et l\u2019accompagnement des politiques environnementales.<\/span><\/div>\n<div dir=\"auto\">\u00a0<\/div>\n<\/div>\n<div class=\"x14z9mp xat24cr x1lziwak x1vvkbs xtlvy1s x126k92a\" style=\"text-align: justify;\">\n<div dir=\"auto\"><span style=\"font-family: verdana, geneva, sans-serif;\">Pour la Pr\u00e9sidente de l&#8217;UNA, Professeure Yobou\u00e9 V\u00e9ronique, la tenue de cette conf\u00e9rence au sein de son institution rev\u00eat un double sens. \u00ab C\u2019est un acte symbolique et une marque de confiance : celle que notre universit\u00e9 s\u2019engage pleinement aux c\u00f4t\u00e9s des pouvoirs publics, de la soci\u00e9t\u00e9 civile et des partenaires internationaux pour contribuer \u00e0 cette cause essentielle \u00bb, a-t-elle affirm\u00e9.<\/span><\/div>\n<div dir=\"auto\">\u00a0<\/div>\n<\/div>\n<div class=\"x14z9mp xat24cr x1lziwak x1vvkbs xtlvy1s x126k92a\" style=\"text-align: justify;\">\n<div dir=\"auto\"><span style=\"font-family: verdana, geneva, sans-serif;\">Elle a salu\u00e9 l\u2019initiative du minist\u00e8re, qui permet une mobilisation collective, dans l\u2019esprit de la Journ\u00e9e Mondiale de l\u2019Environnement.<\/span><\/div>\n<div dir=\"auto\">\u00a0<\/div>\n<\/div>\n<div class=\"x14z9mp xat24cr x1lziwak x1vvkbs xtlvy1s x126k92a\" style=\"text-align: justify;\">\n<div dir=\"auto\"><span style=\"font-family: verdana, geneva, sans-serif;\">\u00c0 travers des panels anim\u00e9s par des experts en environnement, sant\u00e9 publique et gestion des d\u00e9chets, les \u00e9tudiants ont \u00e9t\u00e9 sensibilis\u00e9s aux dangers des plastiques \u00e0 usage unique, \u00e0 l\u2019importance de l\u2019\u00e9conomie circulaire, ainsi qu\u2019aux solutions \u00e9cologiques existantes. Les \u00e9changes ont mis en lumi\u00e8re leur r\u00f4le cl\u00e9 dans la transformation des habitudes et dans la construction d\u2019un avenir plus durable.<\/span><\/div>\n<div dir=\"auto\">\u00a0<\/div>\n<\/div>\n<div class=\"x14z9mp xat24cr x1lziwak x1vvkbs xtlvy1s x126k92a\">\n<div dir=\"auto\" style=\"text-align: justify;\"><span style=\"font-family: verdana, geneva, sans-serif;\">Cette conf\u00e9rence marque le d\u00e9but d&#8217;une s\u00e9rie d\u2019activit\u00e9s organis\u00e9es sur tout le territoire national dans le cadre de la Quinzaine Nationale de l\u2019Environnement, du D\u00e9veloppement Durable et de la Transition \u00c9cologique \u00e9dition 2025, afin de susciter une mobilisation multisectorielle face \u00e0 l\u2019urgence climatique et environnementale.<\/span><\/div>\n<\/div>\n","protected":false},"excerpt":{"rendered":"<p>En pr\u00e9lude \u00e0 la c\u00e9l\u00e9bration officielle de la Journ\u00e9e Mondiale de l\u2019Environnement (JME), le Minist\u00e8re de l\u2019Environnement, du D\u00e9veloppement Durable et de la Transition \u00c9cologique a organis\u00e9, le mardi 03 [&hellip;]<\/p>\n","protected":false},"author":1,"featured_media":6570,"comment_status":"closed","ping_status":"closed","sticky":false,"template":"","format":"standard","meta":{"_lmt_disableupdate":"no","_lmt_disable":"","pgc_sgb_lightbox_settings":""},"categories":[58],"tags":[],"post_folder":[],"modified_by":"MINEDD","_links":{"self":[{"href":"https:\/\/did-dev.net\/mineddte\/wp-json\/wp\/v2\/posts\/6569"}],"collection":[{"href":"https:\/\/did-dev.net\/mineddte\/wp-json\/wp\/v2\/posts"}],"about":[{"href":"https:\/\/did-dev.net\/mineddte\/wp-json\/wp\/v2\/types\/post"}],"author":[{"embeddable":true,"href":"https:\/\/did-dev.net\/mineddte\/wp-json\/wp\/v2\/users\/1"}],"replies":[{"embeddable":true,"href":"https:\/\/did-dev.net\/mineddte\/wp-json\/wp\/v2\/comments?post=6569"}],"version-history":[{"count":3,"href":"https:\/\/did-dev.net\/mineddte\/wp-json\/wp\/v2\/posts\/6569\/revisions"}],"predecessor-version":[{"id":6572,"href":"https:\/\/did-dev.net\/mineddte\/wp-json\/wp\/v2\/posts\/6569\/revisions\/6572"}],"wp:featuredmedia":[{"embeddable":true,"href":"https:\/\/did-dev.net\/mineddte\/wp-json\/wp\/v2\/media\/6570"}],"wp:attachment":[{"href":"https:\/\/did-dev.net\/mineddte\/wp-json\/wp\/v2\/media?parent=6569"}],"wp:term":[{"taxonomy":"category","embeddable":true,"href":"https:\/\/did-dev.net\/mineddte\/wp-json\/wp\/v2\/categories?post=6569"},{"taxonomy":"post_tag","embeddable":true,"href":"https:\/\/did-dev.net\/mineddte\/wp-json\/wp\/v2\/tags?post=6569"},{"taxonomy":"post_folder","embeddable":true,"href":"https:\/\/did-dev.net\/mineddte\/wp-json\/wp\/v2\/post_folder?post=6569"}],"curies":[{"name":"wp","href":"https:\/\/api.w.org\/{rel}","templated":true}]}}