{"id":6566,"date":"2025-05-31T18:34:15","date_gmt":"2025-05-31T18:34:15","guid":{"rendered":"https:\/\/did-dev.net\/mineddte\/?p=6566"},"modified":"2025-07-15T14:56:19","modified_gmt":"2025-07-15T14:56:19","slug":"changement-climatique-a-aboisso-les-resultats-du-systeme-mnv-du-secteur-energie-partages-avec-les-acteurs-locaux","status":"publish","type":"post","link":"https:\/\/did-dev.net\/mineddte\/changement-climatique-a-aboisso-les-resultats-du-systeme-mnv-du-secteur-energie-partages-avec-les-acteurs-locaux\/","title":{"rendered":"CHANGEMENT CLIMATIQUE : \u00c0 ABOISSO, LES R\u00c9SULTATS DU SYST\u00c8ME MNV DU SECTEUR \u00c9NERGIE PARTAG\u00c9S AVEC LES ACTEURS LOCAUX"},"content":{"rendered":"<div class=\"xdj266r x14z9mp xat24cr x1lziwak x1vvkbs x126k92a\" style=\"text-align: justify;\">\u00a0<\/div>\n<div class=\"x14z9mp xat24cr x1lziwak x1vvkbs xtlvy1s x126k92a\" style=\"text-align: justify;\">\n<div dir=\"auto\"><span style=\"font-family: verdana, geneva, sans-serif;\"><img decoding=\"async\" loading=\"lazy\" class=\"alignnone size-full wp-image-6567\" src=\"https:\/\/did-dev.net\/mineddte\/wp-content\/uploads\/2025\/07\/495611077_1824523158388499_7191929359542038873_n-e1752590139259.jpg\" alt=\"\" width=\"1600\" height=\"628\" srcset=\"https:\/\/did-dev.net\/mineddte\/wp-content\/uploads\/2025\/07\/495611077_1824523158388499_7191929359542038873_n-e1752590139259.jpg 1600w, https:\/\/did-dev.net\/mineddte\/wp-content\/uploads\/2025\/07\/495611077_1824523158388499_7191929359542038873_n-e1752590139259-262x103.jpg 262w, https:\/\/did-dev.net\/mineddte\/wp-content\/uploads\/2025\/07\/495611077_1824523158388499_7191929359542038873_n-e1752590139259-847x332.jpg 847w, https:\/\/did-dev.net\/mineddte\/wp-content\/uploads\/2025\/07\/495611077_1824523158388499_7191929359542038873_n-e1752590139259-100x39.jpg 100w, https:\/\/did-dev.net\/mineddte\/wp-content\/uploads\/2025\/07\/495611077_1824523158388499_7191929359542038873_n-e1752590139259-1536x603.jpg 1536w\" sizes=\"(max-width: 1600px) 100vw, 1600px\" \/>Le syst\u00e8me de Mesure, Notification et V\u00e9rification (MNV) des \u00e9missions de gaz \u00e0 effet de serre (GES) progresse en C\u00f4te d\u2019Ivoire. Dans le cadre de la mise en \u0153uvre de ce syst\u00e8me dans le secteur de l\u2019\u00e9nergie, un atelier de partage des r\u00e9sultats s\u2019est tenu \u00e0 Aboisso du 28 au 30 mai 2025. Il vu la participation des directions r\u00e9gionales et autres parties prenantes locales impliqu\u00e9es dans la collecte et le suivi des donn\u00e9es climatiques.<\/span><\/div>\n<div dir=\"auto\">\u00a0<\/div>\n<\/div>\n<div class=\"x14z9mp xat24cr x1lziwak x1vvkbs xtlvy1s x126k92a\" style=\"text-align: justify;\">\n<div dir=\"auto\"><span style=\"font-family: verdana, geneva, sans-serif;\">Pr\u00e9sidant l\u2019ouverture des travaux au nom du pr\u00e9fet de r\u00e9gion, M. AKOUA Nguessan a salu\u00e9 l\u2019implication active des structures d\u00e9concentr\u00e9es dans le d\u00e9ploiement de ce dispositif strat\u00e9gique.<\/span><\/div>\n<div dir=\"auto\">\u00a0<\/div>\n<\/div>\n<div class=\"x14z9mp xat24cr x1lziwak x1vvkbs xtlvy1s x126k92a\" style=\"text-align: justify;\">\n<div dir=\"auto\"><span style=\"font-family: verdana, geneva, sans-serif;\">\u00ab Ce travail constitue un levier puissant pour renforcer notre positionnement \u00e0 l\u2019\u00e9chelle internationale, mobiliser des financements climatiques et affirmer notre leadership dans les initiatives r\u00e9gionales. \u00c0 ce titre, le r\u00f4le des Directions r\u00e9gionales et d\u00e9partementales est d\u00e9terminant. Je voudrais saluer la collaboration exemplaire entre les minist\u00e8res, la soci\u00e9t\u00e9 civile et l\u2019ensemble des parties prenantes \u00bb, a-t-il soulign\u00e9 dans son allocution.<\/span><\/div>\n<div dir=\"auto\">\u00a0<\/div>\n<\/div>\n<div class=\"x14z9mp xat24cr x1lziwak x1vvkbs xtlvy1s x126k92a\" style=\"text-align: justify;\">\n<div dir=\"auto\"><span style=\"font-family: verdana, geneva, sans-serif;\">\ud835\udc11\ud835\udc1e\ud835\udc2d\ud835\udc28\ud835\udc2e\ud835\udc2b \ud835\udc2c\ud835\udc2e\ud835\udc2b \ud835\udc25\ud835\udc1e\ud835\udc2c \ud835\udc2b\ud835\udc1e\u0301\ud835\udc2c\ud835\udc2e\ud835\udc25\ud835\udc2d\ud835\udc1a\ud835\udc2d\ud835\udc2c \ud835\udc1d\ud835\udc1e \ud835\udc1c\ud835\udc1e\ud835\udc2d\ud835\udc2d\ud835\udc1e \ud835\udc1d\ud835\udc1e\u0301\ud835\udc26\ud835\udc1a\ud835\udc2b\ud835\udc1c\ud835\udc21\ud835\udc1e \ud835\udc2c\ud835\udc2d\ud835\udc2b\ud835\udc2e\ud835\udc1c\ud835\udc2d\ud835\udc2e\ud835\udc2b\ud835\udc1e\u0301\ud835\udc1e \ud835\udc1d\ud835\udc1e\ud835\udc29\ud835\udc2e\ud835\udc22\ud835\udc2c \ud835\udfd0\ud835\udfce\ud835\udfd0\ud835\udfd0<\/span><\/div>\n<div dir=\"auto\">\u00a0<\/div>\n<\/div>\n<div class=\"x14z9mp xat24cr x1lziwak x1vvkbs xtlvy1s x126k92a\" style=\"text-align: justify;\">\n<div dir=\"auto\"><span style=\"font-family: verdana, geneva, sans-serif;\">Lanc\u00e9 en f\u00e9vrier 2022 avec l\u2019appui de la Coop\u00e9ration Allemande, le d\u00e9veloppement du syst\u00e8me MNV dans le secteur de l\u2019\u00e9nergie s\u2019est construit autour d\u2019un processus collaboratif. Des repr\u00e9sentants des minist\u00e8res en charge de l\u2019Environnement, de l\u2019\u00c9nergie, des Transports, du Commerce et des Eaux et For\u00eats, ainsi que du secteur priv\u00e9, ont contribu\u00e9 \u00e0 \u00e9tablir des standards communs pour la collecte et la centralisation des donn\u00e9es li\u00e9es aux Contributions D\u00e9termin\u00e9es au niveau National (CDN).<\/span><\/div>\n<div dir=\"auto\">\u00a0<\/div>\n<\/div>\n<div class=\"x14z9mp xat24cr x1lziwak x1vvkbs xtlvy1s x126k92a\" style=\"text-align: justify;\">\n<div dir=\"auto\"><span style=\"font-family: verdana, geneva, sans-serif;\">Aujourd\u2019hui, ce sont plus de 50 points focaux issus de 30 institutions qui alimentent r\u00e9guli\u00e8rement le syst\u00e8me MNV avec des donn\u00e9es fiables, assurant un suivi rigoureux des engagements climatiques du pays.<\/span><\/div>\n<div dir=\"auto\">\u00a0<\/div>\n<\/div>\n<div class=\"x14z9mp xat24cr x1lziwak x1vvkbs xtlvy1s x126k92a\" style=\"text-align: justify;\">\n<div dir=\"auto\"><span style=\"font-family: verdana, geneva, sans-serif;\">Cela a permis d\u2019enregistrer les premiers r\u00e9sultats, t\u00e9moignant de l\u2019efficacit\u00e9 de la strat\u00e9gie nationale. En effet, l\u2019efficacit\u00e9 \u00e9nerg\u00e9tique a permis d\u2019assurer 75 % des r\u00e9ductions d\u2019\u00e9missions de GES observ\u00e9es entre 2022 et 2023. Le secteur des transports a \u00e9galement apport\u00e9 une contribution significative, avec l\u2019introduction de v\u00e9hicules \u00e0 faibles \u00e9missions ayant g\u00e9n\u00e9r\u00e9 une r\u00e9duction quarante fois sup\u00e9rieure aux pr\u00e9visions initiales.<\/span><\/div>\n<div dir=\"auto\">\u00a0<\/div>\n<\/div>\n<div class=\"x14z9mp xat24cr x1lziwak x1vvkbs xtlvy1s x126k92a\" style=\"text-align: justify;\">\n<div dir=\"auto\"><span style=\"font-family: verdana, geneva, sans-serif;\">Par ailleurs, la part des \u00e9nergies renouvelables dans le mix \u00e9nerg\u00e9tique national s\u2019\u00e9tablit aujourd\u2019hui \u00e0 32%, soit 71% de l\u2019objectif fix\u00e9 pour 2030. Ces r\u00e9sultats d\u00e9montrent les progr\u00e8s notables de la C\u00f4te d\u2019Ivoire dans la transition \u00e9nerg\u00e9tique.<\/span><\/div>\n<div dir=\"auto\">\u00a0<\/div>\n<\/div>\n<div class=\"x14z9mp xat24cr x1lziwak x1vvkbs xtlvy1s x126k92a\" style=\"text-align: justify;\">\n<div dir=\"auto\"><span style=\"font-family: verdana, geneva, sans-serif;\">Pour consolider ces acquis, le gouvernement ivoirien mise sur trois axes strat\u00e9giques, \u00e0 savoir le renforcement des outils de suivi et de reporting, avec l\u2019int\u00e9gration de solutions num\u00e9riques innovantes, le d\u00e9veloppement des \u00e9nergies renouvelables, en vue d\u2019atteindre 45% du mix \u00e9nerg\u00e9tique et la promotion de la mobilit\u00e9 verte, afin de limiter les \u00e9missions dans le secteur des transports.<\/span><\/div>\n<div dir=\"auto\">\u00a0<\/div>\n<\/div>\n<div class=\"x14z9mp xat24cr x1lziwak x1vvkbs xtlvy1s x126k92a\" style=\"text-align: justify;\">\n<div dir=\"auto\"><span style=\"font-family: verdana, geneva, sans-serif;\">L\u2019atteinte de ces r\u00e9sultats a \u00e9t\u00e9 possible gr\u00e2ce \u00e0 deux outils incontournables, notamment LEAP (Long-range Energy Alternatives Planning System) et IPCC (Intergovernmental Panel on Climate Change). Ces outils permettent de calculer les inventaires de gaz \u00e0 effet de serre (GES) et de mod\u00e9liser des sc\u00e9narios \u00e9nerg\u00e9tiques compatibles avec les objectifs de d\u00e9veloppement durable.<\/span><\/div>\n<div dir=\"auto\">\u00a0<\/div>\n<\/div>\n<div class=\"x14z9mp xat24cr x1lziwak x1vvkbs xtlvy1s x126k92a\">\n<div dir=\"auto\" style=\"text-align: justify;\"><span style=\"font-family: verdana, geneva, sans-serif;\">Les acteurs d\u2019Aboisso, initi\u00e9s \u00e0 l\u2019utilisation de LEAP et de IPCC se sont dits satisfaits de cette initiative qui les met au c\u0153ur des donn\u00e9es climatiques de leur r\u00e9gion.<\/span><\/div>\n<\/div>\n","protected":false},"excerpt":{"rendered":"<p>\u00a0 Le syst\u00e8me de Mesure, Notification et V\u00e9rification (MNV) des \u00e9missions de gaz \u00e0 effet de serre (GES) progresse en C\u00f4te d\u2019Ivoire. Dans le cadre de la mise en \u0153uvre [&hellip;]<\/p>\n","protected":false},"author":1,"featured_media":6567,"comment_status":"closed","ping_status":"closed","sticky":false,"template":"","format":"standard","meta":{"_lmt_disableupdate":"no","_lmt_disable":"","pgc_sgb_lightbox_settings":""},"categories":[58],"tags":[],"post_folder":[],"modified_by":"MINEDD","_links":{"self":[{"href":"https:\/\/did-dev.net\/mineddte\/wp-json\/wp\/v2\/posts\/6566"}],"collection":[{"href":"https:\/\/did-dev.net\/mineddte\/wp-json\/wp\/v2\/posts"}],"about":[{"href":"https:\/\/did-dev.net\/mineddte\/wp-json\/wp\/v2\/types\/post"}],"author":[{"embeddable":true,"href":"https:\/\/did-dev.net\/mineddte\/wp-json\/wp\/v2\/users\/1"}],"replies":[{"embeddable":true,"href":"https:\/\/did-dev.net\/mineddte\/wp-json\/wp\/v2\/comments?post=6566"}],"version-history":[{"count":2,"href":"https:\/\/did-dev.net\/mineddte\/wp-json\/wp\/v2\/posts\/6566\/revisions"}],"predecessor-version":[{"id":6577,"href":"https:\/\/did-dev.net\/mineddte\/wp-json\/wp\/v2\/posts\/6566\/revisions\/6577"}],"wp:featuredmedia":[{"embeddable":true,"href":"https:\/\/did-dev.net\/mineddte\/wp-json\/wp\/v2\/media\/6567"}],"wp:attachment":[{"href":"https:\/\/did-dev.net\/mineddte\/wp-json\/wp\/v2\/media?parent=6566"}],"wp:term":[{"taxonomy":"category","embeddable":true,"href":"https:\/\/did-dev.net\/mineddte\/wp-json\/wp\/v2\/categories?post=6566"},{"taxonomy":"post_tag","embeddable":true,"href":"https:\/\/did-dev.net\/mineddte\/wp-json\/wp\/v2\/tags?post=6566"},{"taxonomy":"post_folder","embeddable":true,"href":"https:\/\/did-dev.net\/mineddte\/wp-json\/wp\/v2\/post_folder?post=6566"}],"curies":[{"name":"wp","href":"https:\/\/api.w.org\/{rel}","templated":true}]}}