{"id":6563,"date":"2025-05-30T20:24:00","date_gmt":"2025-05-30T20:24:00","guid":{"rendered":"https:\/\/did-dev.net\/mineddte\/?p=6563"},"modified":"2025-07-15T14:31:03","modified_gmt":"2025-07-15T14:31:03","slug":"sara-2025-le-ministre-assahore-encourage-les-acteurs-de-terrain-nous-serons-a-vos-cotes-sur-le-terrain-comme-dans-la-recherche-de-solutions","status":"publish","type":"post","link":"https:\/\/did-dev.net\/mineddte\/sara-2025-le-ministre-assahore-encourage-les-acteurs-de-terrain-nous-serons-a-vos-cotes-sur-le-terrain-comme-dans-la-recherche-de-solutions\/","title":{"rendered":"SARA 2025 \/ LE MINISTRE ASSAHOR\u00c9 ENCOURAGE LES ACTEURS DE TERRAIN : \u00ab NOUS SERONS \u00c0 VOS C\u00d4T\u00c9S, SUR LE TERRAIN COMME DANS LA RECHERCHE DE SOLUTIONS \u00bb"},"content":{"rendered":"<div class=\"x14z9mp xat24cr x1lziwak x1vvkbs xtlvy1s x126k92a\" style=\"text-align: justify;\">\n<div dir=\"auto\"><span style=\"font-family: verdana, geneva, sans-serif;\"><img decoding=\"async\" loading=\"lazy\" class=\"alignnone size-full wp-image-6564\" src=\"https:\/\/did-dev.net\/mineddte\/wp-content\/uploads\/2025\/07\/502619044_1824533511720797_2811859592641428526_n-e1752589674817.jpg\" alt=\"\" width=\"2048\" height=\"803\" srcset=\"https:\/\/did-dev.net\/mineddte\/wp-content\/uploads\/2025\/07\/502619044_1824533511720797_2811859592641428526_n-e1752589674817.jpg 2048w, https:\/\/did-dev.net\/mineddte\/wp-content\/uploads\/2025\/07\/502619044_1824533511720797_2811859592641428526_n-e1752589674817-262x103.jpg 262w, https:\/\/did-dev.net\/mineddte\/wp-content\/uploads\/2025\/07\/502619044_1824533511720797_2811859592641428526_n-e1752589674817-847x332.jpg 847w, https:\/\/did-dev.net\/mineddte\/wp-content\/uploads\/2025\/07\/502619044_1824533511720797_2811859592641428526_n-e1752589674817-100x39.jpg 100w, https:\/\/did-dev.net\/mineddte\/wp-content\/uploads\/2025\/07\/502619044_1824533511720797_2811859592641428526_n-e1752589674817-1536x602.jpg 1536w\" sizes=\"(max-width: 2048px) 100vw, 2048px\" \/><\/span><\/div>\n<div dir=\"auto\">\n<div class=\"xdj266r x14z9mp xat24cr x1lziwak x1vvkbs x126k92a\">\n<div dir=\"auto\">\u00a0<\/div>\n<\/div>\n<div class=\"x14z9mp xat24cr x1lziwak x1vvkbs xtlvy1s x126k92a\">\n<div dir=\"auto\"><span style=\"font-family: verdana, geneva, sans-serif;\">Le Salon International de l\u2019Agriculture et des Ressources Animales (SARA) a d\u00e9di\u00e9 sa journ\u00e9e du vendredi 30 mai 2025 \u00e0 l\u2019environnement. Occasion pour M. Assahor\u00e9 Konan Jacques, Ministre de l\u2019Environnement, du D\u00e9veloppement Durable et de la Transition \u00c9cologique, de r\u00e9affirmer avec humanit\u00e9 et conviction la volont\u00e9 de l\u2019\u00c9tat d\u2019agir aux c\u00f4t\u00e9s des acteurs engag\u00e9s pour un avenir durable.<\/span><\/div>\n<div dir=\"auto\">\u00a0<\/div>\n<\/div>\n<div class=\"x14z9mp xat24cr x1lziwak x1vvkbs xtlvy1s x126k92a\">\n<div dir=\"auto\"><span style=\"font-family: verdana, geneva, sans-serif;\">Plac\u00e9e sous le th\u00e8me \u00ab Souverainet\u00e9 alimentaire et r\u00e9silience : la transition agricole face aux enjeux des changements climatiques \u00bb, cette journ\u00e9e a \u00e9t\u00e9 marqu\u00e9e par un message fort : \u00ab La transition agricole ne peut \u00eatre durable sans une prise en compte s\u00e9rieuse des enjeux environnementaux et climatiques.<\/span><\/div>\n<div dir=\"auto\">\u00a0<\/div>\n<\/div>\n<div class=\"x14z9mp xat24cr x1lziwak x1vvkbs xtlvy1s x126k92a\">\n<div dir=\"auto\"><span style=\"font-family: verdana, geneva, sans-serif;\">En marge des panels et expositions, le Ministre Assahor\u00e9 a accord\u00e9 plusieurs audiences \u00e0 des organisations actives sur le terrain.<\/span><\/div>\n<div dir=\"auto\">\u00a0<\/div>\n<\/div>\n<div class=\"x14z9mp xat24cr x1lziwak x1vvkbs xtlvy1s x126k92a\">\n<div dir=\"auto\"><span style=\"font-family: verdana, geneva, sans-serif;\">Il a d&#8217;abord re\u00e7u une d\u00e9l\u00e9gation du \ud835\udc11\ud835\udc1e\u0301\ud835\udc2c\ud835\udc1e\ud835\udc1a\ud835\udc2e \ud835\udc08\ud835\udc27\ud835\udc2d\ud835\udc1e\ud835\udc2b\ud835\udc27\ud835\udc1a\ud835\udc2d\ud835\udc22\ud835\udc28\ud835\udc27\ud835\udc1a\ud835\udc25 \ud835\udc1d\ud835\udc1e\ud835\udc2c \ud835\udc04\ud835\udc27\ud835\udc2c\ud835\udc1e\ud835\udc22\ud835\udc20\ud835\udc27\ud835\udc1a\ud835\udc27\ud835\udc2d\ud835\udc2c \ud835\udc29\ud835\udc28\ud835\udc2e\ud835\udc2b \ud835\udc25\u2019\ud835\udc04\ud835\udc27\ud835\udc2f\ud835\udc22\ud835\udc2b\ud835\udc28\ud835\udc27\ud835\udc27\ud835\udc1e\ud835\udc26\ud835\udc1e\ud835\udc27\ud835\udc2d \ud835\udc1e\ud835\udc2d \ud835\udc25\ud835\udc1e \ud835\udc02\ud835\udc25\ud835\udc22\ud835\udc26\ud835\udc1a\ud835\udc2d (\ud835\udc11\ud835\udc08\ud835\udc04\ud835\udc04\ud835\udc02), conduite par sa pr\u00e9sidente Mme Anini \u00e9pouse Digbeu Virginie. Ensemble, ils ont discut\u00e9 de l\u2019importance de l\u2019\u00e9ducation environnementale comme levier de changement de comportement, notamment chez les jeunes g\u00e9n\u00e9rations.<\/span><\/div>\n<div dir=\"auto\">\u00a0<\/div>\n<\/div>\n<div class=\"x14z9mp xat24cr x1lziwak x1vvkbs xtlvy1s x126k92a\">\n<div dir=\"auto\"><span style=\"font-family: verdana, geneva, sans-serif;\">Puis, il a \u00e9chang\u00e9 avec le \ud835\udc11\ud835\udc1e\u0301\ud835\udc2c\ud835\udc1e\ud835\udc1a\ud835\udc2e \ud835\udc1d\ud835\udc1e\ud835\udc2c \ud835\udc04\u0301\ud835\udc2d\ud835\udc2e\ud835\udc1d\ud835\udc22\ud835\udc1a\ud835\udc27\ud835\udc2d\ud835\udc2c \ud835\udc09\ud835\udc2e\ud835\udc2b\ud835\udc22\ud835\udc2c\ud835\udc2d\ud835\udc1e\ud835\udc2c \ud835\udc0f\ud835\udc2b\ud835\udc22\ud835\udc2f\ud835\udc1a\ud835\udc2d\ud835\udc22\ud835\udc2c\ud835\udc2d\ud835\udc1e\ud835\udc2c \ud835\udc1d\ud835\udc1e \ud835\udc02\ud835\udc28\u0302\ud835\udc2d\ud835\udc1e \ud835\udc1d\u2019\ud835\udc08\ud835\udc2f\ud835\udc28\ud835\udc22\ud835\udc2b\ud835\udc1e (\ud835\udc11\ud835\udc04\ud835\udc09\ud835\udc0f\ud835\udc02\ud835\udc08), emmen\u00e9 par sa pr\u00e9sidente Mlle Divine N\u2019Guessan. Ces jeunes juristes, sensibles aux enjeux du droit environnemental, souhaitent contribuer \u00e0 la vulgarisation du nouveau Code de l\u2019Environnement et \u00e0 la d\u00e9fense du droit des populations \u00e0 un environnement sain.<\/span><\/div>\n<div dir=\"auto\">\u00a0<\/div>\n<\/div>\n<div class=\"x14z9mp xat24cr x1lziwak x1vvkbs xtlvy1s x126k92a\">\n<div dir=\"auto\"><span style=\"font-family: verdana, geneva, sans-serif;\">Enfin, l\u2019organisation \ud835\udc00\ud835\udc1c\ud835\udc2d\ud835\udc22\ud835\udc28\ud835\udc27 \ud835\udc02\ud835\udc22\ud835\udc2d\ud835\udc28\ud835\udc32\ud835\udc1e\ud835\udc27\ud835\udc27\ud835\udc1e \ud835\udc0f\ud835\udc28\ud835\udc2e\ud835\udc2b \ud835\udc25\u2019\ud835\udc04\ud835\udc27\ud835\udc2f\ud835\udc22\ud835\udc2b\ud835\udc28\ud835\udc27\ud835\udc27\ud835\udc1e\ud835\udc26\ud835\udc1e\ud835\udc27\ud835\udc2d \ud835\udc1e\ud835\udc27 \ud835\udc02\ud835\udc28\u0302\ud835\udc2d\ud835\udc1e \ud835\udc1d\u2019\ud835\udc08\ud835\udc2f\ud835\udc28\ud835\udc22\ud835\udc2b\ud835\udc1e (\ud835\udc00\ud835\udc02\ud835\udc0f\ud835\udc04-\ud835\udc02\ud835\udc08), repr\u00e9sent\u00e9e par son pr\u00e9sident Bi Vami Clotaire, a partag\u00e9 ses initiatives citoyennes.<\/span><\/div>\n<div dir=\"auto\">\u00a0<\/div>\n<\/div>\n<div class=\"x14z9mp xat24cr x1lziwak x1vvkbs xtlvy1s x126k92a\">\n<div dir=\"auto\"><span style=\"font-family: verdana, geneva, sans-serif;\">Face \u00e0 l\u2019engagement de ces structures, le Ministre Assahor\u00e9 a annonc\u00e9 que son d\u00e9partement minist\u00e9riel mettra \u00e0 disposition des experts pour accompagner les activit\u00e9s de ces structures, tout en facilitant leur acc\u00e8s aux m\u00e9canismes de financement pour les projets qu\u2019elles initieront.<\/span><\/div>\n<\/div>\n<\/div>\n<\/div>\n","protected":false},"excerpt":{"rendered":"<p>\u00a0 Le Salon International de l\u2019Agriculture et des Ressources Animales (SARA) a d\u00e9di\u00e9 sa journ\u00e9e du vendredi 30 mai 2025 \u00e0 l\u2019environnement. Occasion pour M. Assahor\u00e9 Konan Jacques, Ministre de [&hellip;]<\/p>\n","protected":false},"author":1,"featured_media":6564,"comment_status":"closed","ping_status":"closed","sticky":false,"template":"","format":"standard","meta":{"_lmt_disableupdate":"no","_lmt_disable":"","pgc_sgb_lightbox_settings":""},"categories":[58],"tags":[],"post_folder":[],"modified_by":"MINEDD","_links":{"self":[{"href":"https:\/\/did-dev.net\/mineddte\/wp-json\/wp\/v2\/posts\/6563"}],"collection":[{"href":"https:\/\/did-dev.net\/mineddte\/wp-json\/wp\/v2\/posts"}],"about":[{"href":"https:\/\/did-dev.net\/mineddte\/wp-json\/wp\/v2\/types\/post"}],"author":[{"embeddable":true,"href":"https:\/\/did-dev.net\/mineddte\/wp-json\/wp\/v2\/users\/1"}],"replies":[{"embeddable":true,"href":"https:\/\/did-dev.net\/mineddte\/wp-json\/wp\/v2\/comments?post=6563"}],"version-history":[{"count":1,"href":"https:\/\/did-dev.net\/mineddte\/wp-json\/wp\/v2\/posts\/6563\/revisions"}],"predecessor-version":[{"id":6565,"href":"https:\/\/did-dev.net\/mineddte\/wp-json\/wp\/v2\/posts\/6563\/revisions\/6565"}],"wp:featuredmedia":[{"embeddable":true,"href":"https:\/\/did-dev.net\/mineddte\/wp-json\/wp\/v2\/media\/6564"}],"wp:attachment":[{"href":"https:\/\/did-dev.net\/mineddte\/wp-json\/wp\/v2\/media?parent=6563"}],"wp:term":[{"taxonomy":"category","embeddable":true,"href":"https:\/\/did-dev.net\/mineddte\/wp-json\/wp\/v2\/categories?post=6563"},{"taxonomy":"post_tag","embeddable":true,"href":"https:\/\/did-dev.net\/mineddte\/wp-json\/wp\/v2\/tags?post=6563"},{"taxonomy":"post_folder","embeddable":true,"href":"https:\/\/did-dev.net\/mineddte\/wp-json\/wp\/v2\/post_folder?post=6563"}],"curies":[{"name":"wp","href":"https:\/\/api.w.org\/{rel}","templated":true}]}}