{"id":6557,"date":"2025-05-30T17:09:45","date_gmt":"2025-05-30T17:09:45","guid":{"rendered":"https:\/\/did-dev.net\/mineddte\/?p=6557"},"modified":"2025-07-15T14:21:26","modified_gmt":"2025-07-15T14:21:26","slug":"sara-2025-le-ministre-assahore-konan-jacques-plaide-pour-une-agriculture-resiliente-face-aux-changements-climatiques","status":"publish","type":"post","link":"https:\/\/did-dev.net\/mineddte\/sara-2025-le-ministre-assahore-konan-jacques-plaide-pour-une-agriculture-resiliente-face-aux-changements-climatiques\/","title":{"rendered":"SARA 2025 : LE MINISTRE ASSAHOR\u00c9 KONAN JACQUES PLAIDE POUR UNE AGRICULTURE R\u00c9SILIENTE FACE AUX CHANGEMENTS CLIMATIQUES"},"content":{"rendered":"<div class=\"xdj266r x14z9mp xat24cr x1lziwak x1vvkbs x126k92a\">\u00a0<\/div>\n<div class=\"x14z9mp xat24cr x1lziwak x1vvkbs xtlvy1s x126k92a\" style=\"text-align: justify;\">\n<div dir=\"auto\"><span style=\"font-family: verdana, geneva, sans-serif;\"><img decoding=\"async\" loading=\"lazy\" class=\"alignnone size-full wp-image-6558\" src=\"https:\/\/did-dev.net\/mineddte\/wp-content\/uploads\/2025\/07\/500765696_1823394805168001_2796504523172242216_n-e1752588896693.jpg\" alt=\"\" width=\"1280\" height=\"502\" srcset=\"https:\/\/did-dev.net\/mineddte\/wp-content\/uploads\/2025\/07\/500765696_1823394805168001_2796504523172242216_n-e1752588896693.jpg 1280w, https:\/\/did-dev.net\/mineddte\/wp-content\/uploads\/2025\/07\/500765696_1823394805168001_2796504523172242216_n-e1752588896693-262x103.jpg 262w, https:\/\/did-dev.net\/mineddte\/wp-content\/uploads\/2025\/07\/500765696_1823394805168001_2796504523172242216_n-e1752588896693-847x332.jpg 847w, https:\/\/did-dev.net\/mineddte\/wp-content\/uploads\/2025\/07\/500765696_1823394805168001_2796504523172242216_n-e1752588896693-100x39.jpg 100w\" sizes=\"(max-width: 1280px) 100vw, 1280px\" \/>\u00ab Chaque politique agricole doit d\u00e9sormais int\u00e9grer les enjeux environnementaux pour b\u00e2tir une souverainet\u00e9 alimentaire durable et \u00e9quitable \u00bb, a d\u00e9clar\u00e9 le Ministre Assahor\u00e9 \u00e0 l\u2019occasion de la Journ\u00e9e d\u00e9di\u00e9e \u00e0 l\u2019environnement, dans le cadre de la 7e \u00e9dition du Salon International de l\u2019Agriculture et des Ressources Animales (SARA).<\/span><\/div>\n<div dir=\"auto\">\u00a0<\/div>\n<\/div>\n<div class=\"x14z9mp xat24cr x1lziwak x1vvkbs xtlvy1s x126k92a\" style=\"text-align: justify;\">\n<div dir=\"auto\"><span style=\"font-family: verdana, geneva, sans-serif;\">L\u2019\u00e9v\u00e9nement s&#8217;est tenu le vendredi 30 mai 2025 au Parc des Expositions d\u2019Abidjan Port-Bou\u00ebt, sous le th\u00e8me : \u00ab Souverainet\u00e9 alimentaire et r\u00e9silience : la transition agricole face aux enjeux des changements climatiques \u00bb et a enregistr\u00e9 la pr\u00e9sence du Ministre des Eaux et For\u00eats, Monsieur Laurent Tchagba, du Ministre Secr\u00e9taire d\u2019Etat aux coop\u00e9ratives et \u00e0 l\u2019encadrement paysan du S\u00e9n\u00e9gal, Dr Alpha BA, des repr\u00e9sentants issus du S\u00e9nat, de l\u2019Assembl\u00e9e Nationale, des partenaires techniques et financiers, du secteur priv\u00e9, des collectivit\u00e9s territoriales et des Organisations de la Soci\u00e9t\u00e9 civile.<\/span><\/div>\n<div dir=\"auto\">\u00a0<\/div>\n<\/div>\n<div class=\"x14z9mp xat24cr x1lziwak x1vvkbs xtlvy1s x126k92a\" style=\"text-align: justify;\">\n<div dir=\"auto\"><span style=\"font-family: verdana, geneva, sans-serif;\">Selon les donn\u00e9es du rapport climatique 2024, le secteur de l\u2019agriculture, en plus d\u2019employer environ 46 % de la population active avec une part du PIB \u00e9valu\u00e9e \u00e0 14,3%, est l\u2019un des secteurs les plus vuln\u00e9rables aux d\u00e9r\u00e8glements climatiques. Les pr\u00e9visions du GIEC \u00e0 l\u2019horizon 2050 annoncent jusqu\u2019\u00e0 42 % de baisse de production pour certaines cultures d\u2019exportation.<\/span><\/div>\n<div dir=\"auto\">\u00a0<\/div>\n<\/div>\n<div class=\"x14z9mp xat24cr x1lziwak x1vvkbs xtlvy1s x126k92a\" style=\"text-align: justify;\">\n<div dir=\"auto\"><span style=\"font-family: verdana, geneva, sans-serif;\">Face \u00e0 ce risque, le Ministre Assahor\u00e9 pr\u00e9conise la n\u00e9cessit\u00e9 d\u2019une r\u00e9ponse strat\u00e9gique qui prend en compte les d\u00e9fis environnementaux, c\u2019est-\u00e0-dire garantir une alimentation saine, suffisante et accessible pour tous, tout en pr\u00e9servant les \u00e9cosyst\u00e8mes agricoles gravement menac\u00e9s.<\/span><\/div>\n<\/div>\n<div class=\"x14z9mp xat24cr x1lziwak x1vvkbs xtlvy1s x126k92a\" style=\"text-align: justify;\">\n<div dir=\"auto\"><span style=\"font-family: verdana, geneva, sans-serif;\">La journ\u00e9e du MINEDDTE a \u00e9t\u00e9 enrichie par des panels de haut niveau, r\u00e9unissant experts, chercheurs et d\u00e9cideurs pour d\u00e9battre des d\u00e9fis environnementaux et climatiques li\u00e9s \u00e0 l\u2019agriculture. Les \u00e9changes ont permis d\u2019identifier des pistes concr\u00e8tes pour concilier s\u00e9curit\u00e9 alimentaire et durabilit\u00e9 environnementale en C\u00f4te d\u2019Ivoire.<\/span><\/div>\n<div dir=\"auto\">\u00a0<\/div>\n<\/div>\n<div class=\"x14z9mp xat24cr x1lziwak x1vvkbs xtlvy1s x126k92a\" style=\"text-align: justify;\">\n<div dir=\"auto\"><span style=\"font-family: verdana, geneva, sans-serif;\">La signature de trois conventions cadres de partenariat, visant \u00e0 renforcer l\u2019int\u00e9gration des enjeux climatiques et agricoles dans les politiques et initiatives strat\u00e9giques a marqu\u00e9 cette journ\u00e9e focus sur l\u2019environnement. Il s\u2019agit d\u2019une part, de l\u2019accord conclu avec la Banque Ouest-Africaine de D\u00e9veloppement (BOAD) afin de mobiliser le financement de projets climatiques \u00e0 fort impact agricole. <\/span><\/div>\n<div dir=\"auto\">\u00a0<\/div>\n<div dir=\"auto\"><span style=\"font-family: verdana, geneva, sans-serif;\">D\u2019autre part, une collaboration a \u00e9t\u00e9 formalis\u00e9e avec le Tony Blair Institute for Global Change, qui accompagnera l\u2019impl\u00e9mentation strat\u00e9gique de la politique de transition agricole et \u00e9cologique. Enfin, un partenariat a \u00e9t\u00e9 sign\u00e9 avec le Programme Alimentaire Mondial (PAM), dans le but d\u2019acc\u00e9l\u00e9rer l\u2019int\u00e9gration des enjeux climatiques et environnementaux dans les politiques publiques.<\/span><\/div>\n<\/div>\n<div class=\"x14z9mp xat24cr x1lziwak x1vvkbs xtlvy1s x126k92a\" style=\"text-align: justify;\">\n<div dir=\"auto\"><span style=\"font-family: verdana, geneva, sans-serif;\">Ces accords visent \u00e0 renforcer la r\u00e9silience climatique du secteur agricole ivoirien, soutenir l\u2019innovation verte et faciliter l\u2019acc\u00e8s aux financements n\u00e9cessaires.<\/span><\/div>\n<div dir=\"auto\">\u00a0<\/div>\n<\/div>\n<div class=\"x14z9mp xat24cr x1lziwak x1vvkbs xtlvy1s x126k92a\">\n<div dir=\"auto\" style=\"text-align: justify;\"><span style=\"font-family: verdana, geneva, sans-serif;\">Pour rappel, le SARA s&#8217;est ouvert le 23 mai et ce, jusqu&#8217;au 1er juin 2025 autour du th\u00e8me \u00ab Quels syst\u00e8mes de transformation agro-alimentaire pour la souverainet\u00e9 agro-alimentaire en Afrique ? \u00bb.<\/span><\/div>\n<\/div>\n","protected":false},"excerpt":{"rendered":"<p>\u00a0 \u00ab Chaque politique agricole doit d\u00e9sormais int\u00e9grer les enjeux environnementaux pour b\u00e2tir une souverainet\u00e9 alimentaire durable et \u00e9quitable \u00bb, a d\u00e9clar\u00e9 le Ministre Assahor\u00e9 \u00e0 l\u2019occasion de la Journ\u00e9e [&hellip;]<\/p>\n","protected":false},"author":1,"featured_media":6558,"comment_status":"closed","ping_status":"closed","sticky":false,"template":"","format":"standard","meta":{"_lmt_disableupdate":"no","_lmt_disable":"","pgc_sgb_lightbox_settings":""},"categories":[58],"tags":[],"post_folder":[],"modified_by":"MINEDD","_links":{"self":[{"href":"https:\/\/did-dev.net\/mineddte\/wp-json\/wp\/v2\/posts\/6557"}],"collection":[{"href":"https:\/\/did-dev.net\/mineddte\/wp-json\/wp\/v2\/posts"}],"about":[{"href":"https:\/\/did-dev.net\/mineddte\/wp-json\/wp\/v2\/types\/post"}],"author":[{"embeddable":true,"href":"https:\/\/did-dev.net\/mineddte\/wp-json\/wp\/v2\/users\/1"}],"replies":[{"embeddable":true,"href":"https:\/\/did-dev.net\/mineddte\/wp-json\/wp\/v2\/comments?post=6557"}],"version-history":[{"count":3,"href":"https:\/\/did-dev.net\/mineddte\/wp-json\/wp\/v2\/posts\/6557\/revisions"}],"predecessor-version":[{"id":6562,"href":"https:\/\/did-dev.net\/mineddte\/wp-json\/wp\/v2\/posts\/6557\/revisions\/6562"}],"wp:featuredmedia":[{"embeddable":true,"href":"https:\/\/did-dev.net\/mineddte\/wp-json\/wp\/v2\/media\/6558"}],"wp:attachment":[{"href":"https:\/\/did-dev.net\/mineddte\/wp-json\/wp\/v2\/media?parent=6557"}],"wp:term":[{"taxonomy":"category","embeddable":true,"href":"https:\/\/did-dev.net\/mineddte\/wp-json\/wp\/v2\/categories?post=6557"},{"taxonomy":"post_tag","embeddable":true,"href":"https:\/\/did-dev.net\/mineddte\/wp-json\/wp\/v2\/tags?post=6557"},{"taxonomy":"post_folder","embeddable":true,"href":"https:\/\/did-dev.net\/mineddte\/wp-json\/wp\/v2\/post_folder?post=6557"}],"curies":[{"name":"wp","href":"https:\/\/api.w.org\/{rel}","templated":true}]}}