{"id":6554,"date":"2025-05-30T14:01:35","date_gmt":"2025-05-30T14:01:35","guid":{"rendered":"https:\/\/did-dev.net\/mineddte\/?p=6554"},"modified":"2025-07-15T14:06:37","modified_gmt":"2025-07-15T14:06:37","slug":"financement-vert-la-cote-divoire-et-la-boad-signent-une-convention-de-300-milliards-fcfa","status":"publish","type":"post","link":"https:\/\/did-dev.net\/mineddte\/financement-vert-la-cote-divoire-et-la-boad-signent-une-convention-de-300-milliards-fcfa\/","title":{"rendered":"FINANCEMENT VERT : LA C\u00d4TE D\u2019IVOIRE ET LA BOAD SIGNENT UNE CONVENTION DE 300 MILLIARDS FCFA"},"content":{"rendered":"<div class=\"xdj266r x14z9mp xat24cr x1lziwak x1vvkbs x126k92a\">\u00a0<\/div>\n<div class=\"x14z9mp xat24cr x1lziwak x1vvkbs xtlvy1s x126k92a\" style=\"text-align: justify;\">\n<div dir=\"auto\"><span style=\"font-family: verdana, geneva, sans-serif;\"><img decoding=\"async\" loading=\"lazy\" class=\"alignnone size-full wp-image-6555\" src=\"https:\/\/did-dev.net\/mineddte\/wp-content\/uploads\/2025\/07\/502416133_1823309188509896_4348102819083044441_n-e1752588332262.jpg\" alt=\"\" width=\"1080\" height=\"423\" srcset=\"https:\/\/did-dev.net\/mineddte\/wp-content\/uploads\/2025\/07\/502416133_1823309188509896_4348102819083044441_n-e1752588332262.jpg 1080w, https:\/\/did-dev.net\/mineddte\/wp-content\/uploads\/2025\/07\/502416133_1823309188509896_4348102819083044441_n-e1752588332262-262x103.jpg 262w, https:\/\/did-dev.net\/mineddte\/wp-content\/uploads\/2025\/07\/502416133_1823309188509896_4348102819083044441_n-e1752588332262-847x332.jpg 847w, https:\/\/did-dev.net\/mineddte\/wp-content\/uploads\/2025\/07\/502416133_1823309188509896_4348102819083044441_n-e1752588332262-100x39.jpg 100w\" sizes=\"(max-width: 1080px) 100vw, 1080px\" \/>Ce vendredi 30 mai 2025, dans l\u2019enceinte du Cabinet du Minist\u00e8re de l\u2019Environnement, du D\u00e9veloppement Durable et de la Transition \u00c9cologique, s&#8217;est tenue la signature du M\u00e9morandum d&#8217;Entente entre la C\u00f4te d&#8217;Ivoire et la Banque Ouest Africaine de D\u00e9veloppement (BOAD).<\/span><\/div>\n<div dir=\"auto\">\u00a0<\/div>\n<\/div>\n<div class=\"x14z9mp xat24cr x1lziwak x1vvkbs xtlvy1s x126k92a\" style=\"text-align: justify;\">\n<div dir=\"auto\"><span style=\"font-family: verdana, geneva, sans-serif;\">Cet accord marque le lancement du \u00ab Programme d\u2019Investissement Climat C\u00f4te d\u2019Ivoire &#8211; BOAD 2026-2030 (PIC) \u00bb, un dispositif de financement structurant, visant \u00e0 mobiliser 300 milliards de francs CFA pour des initiatives en agriculture durable, \u00e9nergie propre et gestion foresti\u00e8re. Parmi celles-ci, il faut noter le portefeuille de 300 projets verts \u00e9labor\u00e9s par le Minist\u00e8re.<\/span><\/div>\n<div dir=\"auto\">\u00a0<\/div>\n<\/div>\n<div class=\"x14z9mp xat24cr x1lziwak x1vvkbs xtlvy1s x126k92a\" style=\"text-align: justify;\">\n<div dir=\"auto\"><span style=\"font-family: verdana, geneva, sans-serif;\">Lors de la c\u00e9r\u00e9monie de signature, le Ministre Assahor\u00e9 Konan Jacques a r\u00e9affirm\u00e9 l&#8217;engagement du Gouvernement ivoirien \u00e0 faire de la transition \u00e9cologique un levier strat\u00e9gique de d\u00e9veloppement.<\/span><\/div>\n<div dir=\"auto\"><span style=\"font-family: verdana, geneva, sans-serif;\">\u00ab Nous devons agir avec d\u00e9termination et audace, car notre ambition climatique est de faire de la transition \u00e9cologique une opportunit\u00e9 de d\u00e9veloppement, de cr\u00e9ation d&#8217;emplois verts, de valorisation de notre capital naturel, et de renforcement de la r\u00e9silience de nos communaut\u00e9s \u00bb, a soulign\u00e9 le Ministre en charge de l\u2019Environnement.<\/span><\/div>\n<div dir=\"auto\">\u00a0<\/div>\n<\/div>\n<div class=\"x14z9mp xat24cr x1lziwak x1vvkbs xtlvy1s x126k92a\" style=\"text-align: justify;\">\n<div dir=\"auto\"><span style=\"font-family: verdana, geneva, sans-serif;\">Prenant la parole \u00e0 son tour, le Pr\u00e9sident de la BOAD, M. Serge EKUE, a indiqu\u00e9 l\u2019importance de cette coop\u00e9ration et la vision port\u00e9e par la C\u00f4te d\u2019Ivoire sur la sc\u00e8ne internationale.<\/span><\/div>\n<div dir=\"auto\">\u00a0<\/div>\n<div dir=\"auto\"><span style=\"font-family: verdana, geneva, sans-serif;\">\u00ab Les 300 projets verts pr\u00e9sent\u00e9s \u00e0 la COP29 t\u00e9moignent d\u2019un leadership exemplaire. \u00c0 travers cette convention, nous mettons en place un cadre efficace pour canaliser les financements et concr\u00e9tiser ces ambitions. \u00bb<\/span><\/div>\n<div dir=\"auto\">\u00a0<\/div>\n<\/div>\n<div class=\"x14z9mp xat24cr x1lziwak x1vvkbs xtlvy1s x126k92a\">\n<div dir=\"auto\" style=\"text-align: justify;\"><span style=\"font-family: verdana, geneva, sans-serif;\">Rappelons que le Readiness, un programme de 1,5 million de dollars pr\u00e9vu dans le cadre dudit projet permettra aux institutions ivoiriennes de renforcer leurs capacit\u00e9s et d\u2019acc\u00e9der plus efficacement aux financements multilat\u00e9raux. Par ailleurs, les ressources mobilis\u00e9es devraient servir \u00e0 financer des \u00e9tudes techniques et climatiques via le Fonds d&#8217;\u00c9tudes Climat (FEC) pour garantir la bancabilit\u00e9 des projets.<\/span><\/div>\n<\/div>\n","protected":false},"excerpt":{"rendered":"<p>\u00a0 Ce vendredi 30 mai 2025, dans l\u2019enceinte du Cabinet du Minist\u00e8re de l\u2019Environnement, du D\u00e9veloppement Durable et de la Transition \u00c9cologique, s&#8217;est tenue la signature du M\u00e9morandum d&#8217;Entente entre [&hellip;]<\/p>\n","protected":false},"author":1,"featured_media":6555,"comment_status":"closed","ping_status":"closed","sticky":false,"template":"","format":"standard","meta":{"_lmt_disableupdate":"no","_lmt_disable":"","pgc_sgb_lightbox_settings":""},"categories":[58],"tags":[],"post_folder":[],"modified_by":"MINEDD","_links":{"self":[{"href":"https:\/\/did-dev.net\/mineddte\/wp-json\/wp\/v2\/posts\/6554"}],"collection":[{"href":"https:\/\/did-dev.net\/mineddte\/wp-json\/wp\/v2\/posts"}],"about":[{"href":"https:\/\/did-dev.net\/mineddte\/wp-json\/wp\/v2\/types\/post"}],"author":[{"embeddable":true,"href":"https:\/\/did-dev.net\/mineddte\/wp-json\/wp\/v2\/users\/1"}],"replies":[{"embeddable":true,"href":"https:\/\/did-dev.net\/mineddte\/wp-json\/wp\/v2\/comments?post=6554"}],"version-history":[{"count":1,"href":"https:\/\/did-dev.net\/mineddte\/wp-json\/wp\/v2\/posts\/6554\/revisions"}],"predecessor-version":[{"id":6556,"href":"https:\/\/did-dev.net\/mineddte\/wp-json\/wp\/v2\/posts\/6554\/revisions\/6556"}],"wp:featuredmedia":[{"embeddable":true,"href":"https:\/\/did-dev.net\/mineddte\/wp-json\/wp\/v2\/media\/6555"}],"wp:attachment":[{"href":"https:\/\/did-dev.net\/mineddte\/wp-json\/wp\/v2\/media?parent=6554"}],"wp:term":[{"taxonomy":"category","embeddable":true,"href":"https:\/\/did-dev.net\/mineddte\/wp-json\/wp\/v2\/categories?post=6554"},{"taxonomy":"post_tag","embeddable":true,"href":"https:\/\/did-dev.net\/mineddte\/wp-json\/wp\/v2\/tags?post=6554"},{"taxonomy":"post_folder","embeddable":true,"href":"https:\/\/did-dev.net\/mineddte\/wp-json\/wp\/v2\/post_folder?post=6554"}],"curies":[{"name":"wp","href":"https:\/\/api.w.org\/{rel}","templated":true}]}}