{"id":6551,"date":"2025-05-28T15:51:24","date_gmt":"2025-05-28T15:51:24","guid":{"rendered":"https:\/\/did-dev.net\/mineddte\/?p=6551"},"modified":"2025-07-15T13:57:50","modified_gmt":"2025-07-15T13:57:50","slug":"projet-pre-le-ministere-de-lenvironnement-invite-les-medias-a-renforcer-la-communication-sur-les-actions-du-projet","status":"publish","type":"post","link":"https:\/\/did-dev.net\/mineddte\/projet-pre-le-ministere-de-lenvironnement-invite-les-medias-a-renforcer-la-communication-sur-les-actions-du-projet\/","title":{"rendered":"PROJET PRE : LE MINIST\u00c8RE DE L\u2019ENVIRONNEMENT INVITE LES M\u00c9DIAS \u00c0 RENFORCER LA COMMUNICATION SUR LES ACTIONS DU PROJET"},"content":{"rendered":"<div class=\"xdj266r x14z9mp xat24cr x1lziwak x1vvkbs x126k92a\">\u00a0<\/div>\n<div class=\"x14z9mp xat24cr x1lziwak x1vvkbs xtlvy1s x126k92a\" style=\"text-align: justify;\">\n<div dir=\"auto\"><span style=\"font-family: verdana, geneva, sans-serif;\"><img decoding=\"async\" loading=\"lazy\" class=\"alignnone size-full wp-image-6552\" src=\"https:\/\/did-dev.net\/mineddte\/wp-content\/uploads\/2025\/07\/501057015_1822364055271076_26690809739112738_n-e1752587834330.jpg\" alt=\"\" width=\"2048\" height=\"803\" srcset=\"https:\/\/did-dev.net\/mineddte\/wp-content\/uploads\/2025\/07\/501057015_1822364055271076_26690809739112738_n-e1752587834330.jpg 2048w, https:\/\/did-dev.net\/mineddte\/wp-content\/uploads\/2025\/07\/501057015_1822364055271076_26690809739112738_n-e1752587834330-262x103.jpg 262w, https:\/\/did-dev.net\/mineddte\/wp-content\/uploads\/2025\/07\/501057015_1822364055271076_26690809739112738_n-e1752587834330-847x332.jpg 847w, https:\/\/did-dev.net\/mineddte\/wp-content\/uploads\/2025\/07\/501057015_1822364055271076_26690809739112738_n-e1752587834330-100x39.jpg 100w, https:\/\/did-dev.net\/mineddte\/wp-content\/uploads\/2025\/07\/501057015_1822364055271076_26690809739112738_n-e1752587834330-1536x602.jpg 1536w\" sizes=\"(max-width: 2048px) 100vw, 2048px\" \/>Le Minist\u00e8re de l\u2019Environnement, du D\u00e9veloppement Durable et de la Transition \u00c9cologique (MINEDDTE), \u00e0 travers le Projet de R\u00e9duction des \u00c9missions autour du Parc National de Ta\u00ef (PRE), a organis\u00e9 un atelier de formation \u00e0 l\u2019intention des journalistes, le mercredi 28 mai 2025, \u00e0 Cocody. Cette initiative vise \u00e0 renforcer les capacit\u00e9s des professionnels des m\u00e9dias sur les th\u00e9matiques cl\u00e9s du PRE, afin d\u2019am\u00e9liorer la communication autour du projet et de mieux vulgariser ses actions aupr\u00e8s des populations.<\/span><\/div>\n<div dir=\"auto\">\u00a0<\/div>\n<\/div>\n<div class=\"x14z9mp xat24cr x1lziwak x1vvkbs xtlvy1s x126k92a\" style=\"text-align: justify;\">\n<div dir=\"auto\"><span style=\"font-family: verdana, geneva, sans-serif;\">Mis en \u0153uvre depuis 2020, le Projet PRE, plac\u00e9 sous la tutelle du Minist\u00e8re de l&#8217;Environnement et soutenu par le Fonds Carbone de la Banque Mondiale, vise \u00e0 r\u00e9compenser les efforts de reboisement, d\u2019agroforesterie et de conservation ayant permis de r\u00e9duire les \u00e9missions de gaz \u00e0 effet de serre. Ce projet s\u2019inscrit dans le cadre du m\u00e9canisme international de R\u00e9duction des \u00c9missions dues \u00e0 la D\u00e9forestation et \u00e0 la D\u00e9gradation des for\u00eats (REDD+) auquel la C\u00f4te d\u2019Ivoire a adh\u00e9r\u00e9 depuis 2011.<\/span><\/div>\n<div dir=\"auto\">\u00a0<\/div>\n<\/div>\n<div class=\"x14z9mp xat24cr x1lziwak x1vvkbs xtlvy1s x126k92a\" style=\"text-align: justify;\">\n<div dir=\"auto\"><span style=\"font-family: verdana, geneva, sans-serif;\">Pr\u00e9sidant l\u2019atelier au nom du ministre Assahor\u00e9 Konan Jacques, M. Am\u00e9d\u00e9e Assi, Directeur de la Communication et des Relations Publiques du MINEDDTE, a soulign\u00e9 l\u2019importance de cet engagement et le r\u00f4le strat\u00e9gique que peuvent avoir les journalistes :<\/span><\/div>\n<div dir=\"auto\">\u00a0<\/div>\n<\/div>\n<div class=\"x14z9mp xat24cr x1lziwak x1vvkbs xtlvy1s x126k92a\" style=\"text-align: justify;\">\n<div dir=\"auto\"><span style=\"font-family: verdana, geneva, sans-serif;\">\u00ab La r\u00e9ussite de la mise en \u0153uvre du PRE ne peut \u00eatre garantie sans l\u2019implication de toutes les parties prenantes, et en particulier celle des m\u00e9dias. Les journalistes sont des acteurs cl\u00e9s, des relais d\u2019information essentiels et des voix puissantes pour la sensibilisation. Ils sont \u00e9galement les porte-parole des populations aupr\u00e8s des d\u00e9cideurs, mais aussi la \u201ccaisse de r\u00e9sonance\u201d qui permet \u00e0 nos concitoyens d\u2019\u00eatre inform\u00e9s des actions du gouvernement et de leurs impacts directs sur leur quotidien \u00bb, a-t-il d\u00e9clar\u00e9, en les invitant \u00e0 tirer pleinement profit de cet atelier.<\/span><\/div>\n<div dir=\"auto\">\u00a0<\/div>\n<\/div>\n<div class=\"x14z9mp xat24cr x1lziwak x1vvkbs xtlvy1s x126k92a\" style=\"text-align: justify;\">\n<div dir=\"auto\"><span style=\"font-family: verdana, geneva, sans-serif;\">Dans le cadre de ce projet, il est pr\u00e9vu la vente d\u2019au moins 10 millions de tonnes \u00e9quivalent CO\u2082 (tCO\u2082eq), pour un montant d\u2019environ 50 millions de dollars US. Depuis fin 2024, les premiers paiements li\u00e9s aux r\u00e9ductions d\u2019\u00e9missions sont en cours de redistribution.<\/span><\/div>\n<div dir=\"auto\">\u00a0<\/div>\n<\/div>\n<div class=\"x14z9mp xat24cr x1lziwak x1vvkbs xtlvy1s x126k92a\" style=\"text-align: justify;\">\n<div dir=\"auto\"><span style=\"font-family: verdana, geneva, sans-serif;\">\u00ab Aucun de ces acquis ne saurait r\u00e9ellement porter ses fruits sans l\u2019implication active et \u00e9clair\u00e9e de la presse. \u00bb a rappel\u00e9 M. \u00c9ric Konan, Coordonnateur du Projet PRE.<\/span><\/div>\n<div dir=\"auto\">\u00a0<\/div>\n<\/div>\n<div class=\"x14z9mp xat24cr x1lziwak x1vvkbs xtlvy1s x126k92a\" style=\"text-align: justify;\">\n<div dir=\"auto\"><span style=\"font-family: verdana, geneva, sans-serif;\">Il a ensuite insist\u00e9 sur la complexit\u00e9 de certaines notions, telles que le carbone forestier ou le m\u00e9canisme REDD+, qui n\u00e9cessitent une compr\u00e9hension technique approfondie pour \u00eatre correctement relay\u00e9es au grand public :<\/span><\/div>\n<div dir=\"auto\">\u00a0<\/div>\n<\/div>\n<div class=\"x14z9mp xat24cr x1lziwak x1vvkbs xtlvy1s x126k92a\">\n<div dir=\"auto\" style=\"text-align: justify;\"><span style=\"font-family: verdana, geneva, sans-serif;\">\u00ab Cet atelier est justement con\u00e7u pour vous outiller, pour vous transmettre les \u00e9l\u00e9ments techniques n\u00e9cessaires, afin que vous puissiez pleinement jouer votre r\u00f4le de vecteurs d\u2019information, de sensibilisation et de plaidoyer \u00bb, a-t-il conclu.<\/span><\/div>\n<\/div>\n","protected":false},"excerpt":{"rendered":"<p>\u00a0 Le Minist\u00e8re de l\u2019Environnement, du D\u00e9veloppement Durable et de la Transition \u00c9cologique (MINEDDTE), \u00e0 travers le Projet de R\u00e9duction des \u00c9missions autour du Parc National de Ta\u00ef (PRE), a [&hellip;]<\/p>\n","protected":false},"author":1,"featured_media":6552,"comment_status":"closed","ping_status":"closed","sticky":false,"template":"","format":"standard","meta":{"_lmt_disableupdate":"no","_lmt_disable":"","pgc_sgb_lightbox_settings":""},"categories":[58],"tags":[],"post_folder":[],"modified_by":"MINEDD","_links":{"self":[{"href":"https:\/\/did-dev.net\/mineddte\/wp-json\/wp\/v2\/posts\/6551"}],"collection":[{"href":"https:\/\/did-dev.net\/mineddte\/wp-json\/wp\/v2\/posts"}],"about":[{"href":"https:\/\/did-dev.net\/mineddte\/wp-json\/wp\/v2\/types\/post"}],"author":[{"embeddable":true,"href":"https:\/\/did-dev.net\/mineddte\/wp-json\/wp\/v2\/users\/1"}],"replies":[{"embeddable":true,"href":"https:\/\/did-dev.net\/mineddte\/wp-json\/wp\/v2\/comments?post=6551"}],"version-history":[{"count":1,"href":"https:\/\/did-dev.net\/mineddte\/wp-json\/wp\/v2\/posts\/6551\/revisions"}],"predecessor-version":[{"id":6553,"href":"https:\/\/did-dev.net\/mineddte\/wp-json\/wp\/v2\/posts\/6551\/revisions\/6553"}],"wp:featuredmedia":[{"embeddable":true,"href":"https:\/\/did-dev.net\/mineddte\/wp-json\/wp\/v2\/media\/6552"}],"wp:attachment":[{"href":"https:\/\/did-dev.net\/mineddte\/wp-json\/wp\/v2\/media?parent=6551"}],"wp:term":[{"taxonomy":"category","embeddable":true,"href":"https:\/\/did-dev.net\/mineddte\/wp-json\/wp\/v2\/categories?post=6551"},{"taxonomy":"post_tag","embeddable":true,"href":"https:\/\/did-dev.net\/mineddte\/wp-json\/wp\/v2\/tags?post=6551"},{"taxonomy":"post_folder","embeddable":true,"href":"https:\/\/did-dev.net\/mineddte\/wp-json\/wp\/v2\/post_folder?post=6551"}],"curies":[{"name":"wp","href":"https:\/\/api.w.org\/{rel}","templated":true}]}}