{"id":6548,"date":"2025-05-22T12:32:42","date_gmt":"2025-05-22T12:32:42","guid":{"rendered":"https:\/\/did-dev.net\/mineddte\/?p=6548"},"modified":"2025-07-15T13:42:50","modified_gmt":"2025-07-15T13:42:50","slug":"bondoukou-donnees-climatiques-les-acteurs-regionaux-renforcent-leurs-capacites","status":"publish","type":"post","link":"https:\/\/did-dev.net\/mineddte\/bondoukou-donnees-climatiques-les-acteurs-regionaux-renforcent-leurs-capacites\/","title":{"rendered":"BONDOUKOU \/ DONN\u00c9ES CLIMATIQUES : LES ACTEURS R\u00c9GIONAUX RENFORCENT LEURS CAPACIT\u00c9S"},"content":{"rendered":"<div class=\"xdj266r x14z9mp xat24cr x1lziwak x1vvkbs x126k92a\">\u00a0<\/div>\n<div class=\"x14z9mp xat24cr x1lziwak x1vvkbs xtlvy1s x126k92a\" style=\"text-align: justify;\">\n<div dir=\"auto\"><span style=\"font-family: verdana, geneva, sans-serif;\"><img decoding=\"async\" loading=\"lazy\" class=\"alignnone size-full wp-image-6549\" src=\"https:\/\/did-dev.net\/mineddte\/wp-content\/uploads\/2025\/07\/489927539_1816626532511495_8626872591391465829_n-e1752582947712.jpg\" alt=\"\" width=\"1080\" height=\"423\" srcset=\"https:\/\/did-dev.net\/mineddte\/wp-content\/uploads\/2025\/07\/489927539_1816626532511495_8626872591391465829_n-e1752582947712.jpg 1080w, https:\/\/did-dev.net\/mineddte\/wp-content\/uploads\/2025\/07\/489927539_1816626532511495_8626872591391465829_n-e1752582947712-262x103.jpg 262w, https:\/\/did-dev.net\/mineddte\/wp-content\/uploads\/2025\/07\/489927539_1816626532511495_8626872591391465829_n-e1752582947712-847x332.jpg 847w, https:\/\/did-dev.net\/mineddte\/wp-content\/uploads\/2025\/07\/489927539_1816626532511495_8626872591391465829_n-e1752582947712-100x39.jpg 100w\" sizes=\"(max-width: 1080px) 100vw, 1080px\" \/>Les Directions r\u00e9gionales des minist\u00e8res en charge de l\u2019Environnement, du Transport, des Mines et de l\u2019\u00c9nergie, du Commerce prennent part \u00e0 un atelier de vulgarisation des r\u00e9sultats et de sensibilisation au partage des donn\u00e9es climatiques, qui se tiennent dans la ville de Bondoukou, du 21 au 23 mai 2025.<\/span><\/div>\n<div dir=\"auto\">\u00a0<\/div>\n<\/div>\n<div class=\"x14z9mp xat24cr x1lziwak x1vvkbs xtlvy1s x126k92a\" style=\"text-align: justify;\">\n<div dir=\"auto\"><span style=\"font-family: verdana, geneva, sans-serif;\">L\u2019appropriation du syst\u00e8me de Mesure, Notification et V\u00e9rification (MNV) et la remont\u00e9e des donn\u00e9es dans le secteur de l\u2019\u00e9nergie restent l\u2019enjeu majeur de cette rencontre qui s\u2019inscrit dans le cadre d\u2019une campagne de sensibilisation que pilote le ProFERE II dans diff\u00e9rentes localit\u00e9s de la C\u00f4te d\u2019Ivoire. Ledit projet est financ\u00e9 par la Coop\u00e9ration allemande et l\u2019Union europ\u00e9enne et il vise \u00e0 doter les acteurs r\u00e9gionaux de capacit\u00e9s solides pour acc\u00e9l\u00e9rer la transition \u00e9nerg\u00e9tique \u00e0 travers les \u00e9nergies renouvelables et l\u2019efficacit\u00e9 \u00e9nerg\u00e9tique.<\/span><\/div>\n<div dir=\"auto\">\u00a0<\/div>\n<\/div>\n<div class=\"x14z9mp xat24cr x1lziwak x1vvkbs xtlvy1s x126k92a\" style=\"text-align: justify;\">\n<div dir=\"auto\"><span style=\"font-family: verdana, geneva, sans-serif;\">\u00c0 Bondoukou comme dans les autres villes, l\u2019atelier met un accent particulier sur deux instruments incontournables, notamment LEAP (Long-range Energy Alternatives Planning System) et les lignes directrices de l\u2019IPCC (Intergovernmental Panel on Climate Change). Ces outils permettent de calculer les inventaires de gaz \u00e0 effet de serre (GES) et de mod\u00e9liser des sc\u00e9narios \u00e9nerg\u00e9tiques compatibles avec les objectifs de d\u00e9veloppement durable.<\/span><\/div>\n<div dir=\"auto\">\u00a0<\/div>\n<\/div>\n<div class=\"x14z9mp xat24cr x1lziwak x1vvkbs xtlvy1s x126k92a\" style=\"text-align: justify;\">\n<div dir=\"auto\"><span style=\"font-family: verdana, geneva, sans-serif;\">Leur ma\u00eetrise est d\u00e9sormais un levier important pour les acteurs r\u00e9gionaux et d\u00e9partementaux, dont le r\u00f4le est central dans la collecte, l\u2019analyse et la remont\u00e9e d\u2019informations climatiques de qualit\u00e9, comme l\u2019indique M. Yapo Benjamin, Directeur r\u00e9gional de l\u2019Environnement de l\u2019Ind\u00e9ni\u00e9-Djuablin :<\/span><\/div>\n<div dir=\"auto\">\u00a0<\/div>\n<\/div>\n<div class=\"x14z9mp xat24cr x1lziwak x1vvkbs xtlvy1s x126k92a\" style=\"text-align: justify;\">\n<div dir=\"auto\"><span style=\"font-family: verdana, geneva, sans-serif;\">\u00ab Le calcul des \u00e9missions au niveau local est d\u2019un grand int\u00e9r\u00eat pour tous. J\u2019invite tous ceux qui h\u00e9sitent \u00e0 partager leurs donn\u00e9es \u00e0 s\u2019inscrire dans la dynamique en cours pour une prise de d\u00e9cision \u00e9clair\u00e9e en mati\u00e8re de politique environnementale. \u00bb<\/span><\/div>\n<div dir=\"auto\">\u00a0<\/div>\n<\/div>\n<div class=\"x14z9mp xat24cr x1lziwak x1vvkbs xtlvy1s x126k92a\" style=\"text-align: justify;\">\n<div dir=\"auto\"><span style=\"font-family: verdana, geneva, sans-serif;\">Les autorit\u00e9s administratives pr\u00e9sentes \u00e0 l\u2019ouverture ont \u00e9voqu\u00e9, dans leurs allocutions respectives, l\u2019enjeu de cette formation technique. Pour elles, il s\u2019agit de consolider une culture interminist\u00e9rielle fond\u00e9e sur le partage de donn\u00e9es, afin de mieux orienter les politiques publiques et de contribuer \u00e0 la mobilisation des financements climatiques internationaux. C\u2019est ce qu\u2019a soulign\u00e9 M. Coulibaly Adama, Secr\u00e9taire g\u00e9n\u00e9ral de la Pr\u00e9fecture de Bondoukou, repr\u00e9sentant le Pr\u00e9fet de r\u00e9gion :<\/span><\/div>\n<div dir=\"auto\">\u00a0<\/div>\n<\/div>\n<div class=\"x14z9mp xat24cr x1lziwak x1vvkbs xtlvy1s x126k92a\" style=\"text-align: justify;\">\n<div dir=\"auto\"><span style=\"font-family: verdana, geneva, sans-serif;\">\u00ab Dans un contexte mondial marqu\u00e9 par l&#8217;urgence climatique, notre pays fait le choix de la transparence, de la rigueur et de l\u2019innovation. \u00bb Un choix qui n\u00e9cessite l\u2019engagement de tous les niveaux de l\u2019administration, en particulier des directions r\u00e9gionales, en premi\u00e8re ligne pour accompagner les collectivit\u00e9s et remonter des donn\u00e9es fiables, a-t-il conclu.<\/span><\/div>\n<div dir=\"auto\">\u00a0<\/div>\n<\/div>\n<div class=\"x14z9mp xat24cr x1lziwak x1vvkbs xtlvy1s x126k92a\" style=\"text-align: justify;\">\n<div dir=\"auto\"><span style=\"font-family: verdana, geneva, sans-serif;\">Le MNV est donc un m\u00e9canisme essentiel \u00e0 la mise en \u0153uvre de l\u2019Accord de Paris, permettant non seulement de mesurer l\u2019impact des politiques climatiques nationales, mais aussi de garantir la transparence, la coh\u00e9rence et la pr\u00e9cision des donn\u00e9es climatiques rapport\u00e9es.<\/span><\/div>\n<\/div>\n","protected":false},"excerpt":{"rendered":"<p>\u00a0 Les Directions r\u00e9gionales des minist\u00e8res en charge de l\u2019Environnement, du Transport, des Mines et de l\u2019\u00c9nergie, du Commerce prennent part \u00e0 un atelier de vulgarisation des r\u00e9sultats et de [&hellip;]<\/p>\n","protected":false},"author":1,"featured_media":6549,"comment_status":"closed","ping_status":"closed","sticky":false,"template":"","format":"standard","meta":{"_lmt_disableupdate":"no","_lmt_disable":"","pgc_sgb_lightbox_settings":""},"categories":[58],"tags":[],"post_folder":[],"modified_by":"MINEDD","_links":{"self":[{"href":"https:\/\/did-dev.net\/mineddte\/wp-json\/wp\/v2\/posts\/6548"}],"collection":[{"href":"https:\/\/did-dev.net\/mineddte\/wp-json\/wp\/v2\/posts"}],"about":[{"href":"https:\/\/did-dev.net\/mineddte\/wp-json\/wp\/v2\/types\/post"}],"author":[{"embeddable":true,"href":"https:\/\/did-dev.net\/mineddte\/wp-json\/wp\/v2\/users\/1"}],"replies":[{"embeddable":true,"href":"https:\/\/did-dev.net\/mineddte\/wp-json\/wp\/v2\/comments?post=6548"}],"version-history":[{"count":1,"href":"https:\/\/did-dev.net\/mineddte\/wp-json\/wp\/v2\/posts\/6548\/revisions"}],"predecessor-version":[{"id":6550,"href":"https:\/\/did-dev.net\/mineddte\/wp-json\/wp\/v2\/posts\/6548\/revisions\/6550"}],"wp:featuredmedia":[{"embeddable":true,"href":"https:\/\/did-dev.net\/mineddte\/wp-json\/wp\/v2\/media\/6549"}],"wp:attachment":[{"href":"https:\/\/did-dev.net\/mineddte\/wp-json\/wp\/v2\/media?parent=6548"}],"wp:term":[{"taxonomy":"category","embeddable":true,"href":"https:\/\/did-dev.net\/mineddte\/wp-json\/wp\/v2\/categories?post=6548"},{"taxonomy":"post_tag","embeddable":true,"href":"https:\/\/did-dev.net\/mineddte\/wp-json\/wp\/v2\/tags?post=6548"},{"taxonomy":"post_folder","embeddable":true,"href":"https:\/\/did-dev.net\/mineddte\/wp-json\/wp\/v2\/post_folder?post=6548"}],"curies":[{"name":"wp","href":"https:\/\/api.w.org\/{rel}","templated":true}]}}