{"id":6536,"date":"2025-05-21T16:05:00","date_gmt":"2025-05-21T16:05:00","guid":{"rendered":"https:\/\/did-dev.net\/mineddte\/?p=6536"},"modified":"2025-07-15T12:25:18","modified_gmt":"2025-07-15T12:25:18","slug":"changement-climatique-le-ministere-en-charge-de-lenvironnement-et-les-regions-unissent-leurs-forces","status":"publish","type":"post","link":"https:\/\/did-dev.net\/mineddte\/changement-climatique-le-ministere-en-charge-de-lenvironnement-et-les-regions-unissent-leurs-forces\/","title":{"rendered":"CHANGEMENT CLIMATIQUE : LE MINIST\u00c8RE EN CHARGE DE L\u2019ENVIRONNEMENT ET LES R\u00c9GIONS UNISSENT LEURS FORCES"},"content":{"rendered":"<p style=\"text-align: justify;\"><span style=\"font-family: verdana, geneva, sans-serif;\"><img decoding=\"async\" loading=\"lazy\" class=\"alignnone size-full wp-image-6544\" src=\"https:\/\/did-dev.net\/mineddte\/wp-content\/uploads\/2025\/05\/500100602_1815754259265389_1975020190144166093_n-e1752582159644.jpg\" alt=\"\" width=\"1600\" height=\"628\" srcset=\"https:\/\/did-dev.net\/mineddte\/wp-content\/uploads\/2025\/05\/500100602_1815754259265389_1975020190144166093_n-e1752582159644.jpg 1600w, https:\/\/did-dev.net\/mineddte\/wp-content\/uploads\/2025\/05\/500100602_1815754259265389_1975020190144166093_n-e1752582159644-262x103.jpg 262w, https:\/\/did-dev.net\/mineddte\/wp-content\/uploads\/2025\/05\/500100602_1815754259265389_1975020190144166093_n-e1752582159644-847x332.jpg 847w, https:\/\/did-dev.net\/mineddte\/wp-content\/uploads\/2025\/05\/500100602_1815754259265389_1975020190144166093_n-e1752582159644-100x39.jpg 100w, https:\/\/did-dev.net\/mineddte\/wp-content\/uploads\/2025\/05\/500100602_1815754259265389_1975020190144166093_n-e1752582159644-1536x603.jpg 1536w\" sizes=\"(max-width: 1600px) 100vw, 1600px\" \/><\/span><\/p>\n<div class=\"xdj266r x14z9mp xat24cr x1lziwak x1vvkbs x126k92a\" style=\"text-align: justify;\">\n<div dir=\"auto\"><span style=\"font-family: verdana, geneva, sans-serif;\">Pour faire face aux enjeux climatiques \u00e0 l\u2019\u00e9chelle territoriale, le Ministre de l\u2019Environnement, du D\u00e9veloppement Durable et de la Transition \u00c9cologique, Monsieur Assahor\u00e9 Konan Jacques, a sign\u00e9 ce mercredi 21 mai 2025, une convention cadre de partenariat avec l\u2019Assembl\u00e9e des R\u00e9gions et Districts de C\u00f4te d\u2019Ivoire (ARDCI). La c\u00e9r\u00e9monie s\u2019est d\u00e9roul\u00e9e au si\u00e8ge de l\u2019institution \u00e0 Cocody, II Plateaux, en pr\u00e9sence de son pr\u00e9sident, Monsieur Eug\u00e8ne Aka Aou\u00e9l\u00e9, par ailleurs Pr\u00e9sident du Conseil Economique, Social, Environnemental et Culturel (CESEC).<\/span><\/div>\n<div dir=\"auto\">\u00a0<\/div>\n<\/div>\n<div class=\"x14z9mp xat24cr x1lziwak x1vvkbs xtlvy1s x126k92a\" style=\"text-align: justify;\">\n<div dir=\"auto\"><span style=\"font-family: verdana, geneva, sans-serif;\">Cette convention marque une avanc\u00e9e significative dans la volont\u00e9 du Gouvernement de d\u00e9centraliser l\u2019action environnementale, avec pour objectif de renforcer l\u2019implication des autorit\u00e9s locales dans l\u2019application des politiques nationales en mati\u00e8re de d\u00e9veloppement durable.<\/span><\/div>\n<div dir=\"auto\">\u00a0<\/div>\n<\/div>\n<div class=\"x14z9mp xat24cr x1lziwak x1vvkbs xtlvy1s x126k92a\" style=\"text-align: justify;\">\n<div dir=\"auto\"><span style=\"font-family: verdana, geneva, sans-serif;\">Saluant la port\u00e9e de cette initiative, le Ministre Assahor\u00e9 a appel\u00e9 \u00e0 une synergie d\u2019actions renforc\u00e9es entre le Minist\u00e8re et l\u2019ARDCI pour une participation accrue aux forums et sommets environnementaux nationaux et internationaux.<\/span><\/div>\n<div dir=\"auto\">\u00a0<\/div>\n<\/div>\n<div class=\"x14z9mp xat24cr x1lziwak x1vvkbs xtlvy1s x126k92a\" style=\"text-align: justify;\">\n<div dir=\"auto\"><span style=\"font-family: verdana, geneva, sans-serif;\">\u00c0 travers cette plateforme, le Ministre entend mettre en place des plans climats r\u00e9gionaux, \u00e9laborer un portefeuille de projets bancables avec un r\u00e9seau d\u2019acteurs engag\u00e9s pour un d\u00e9veloppement r\u00e9silient et inclusif.<\/span><\/div>\n<div dir=\"auto\">\u00a0<\/div>\n<\/div>\n<div class=\"x14z9mp xat24cr x1lziwak x1vvkbs xtlvy1s x126k92a\" style=\"text-align: justify;\">\n<div dir=\"auto\"><span style=\"font-family: verdana, geneva, sans-serif;\">\u00ab Vous \u00eates des partenaires cl\u00e9s, sur lesquels je compte, pour apporter avec vous des solutions durables aux d\u00e9fis environnementaux auxquels nous faisons face. \u00bb, a-t-il soulign\u00e9.<\/span><\/div>\n<\/div>\n<div class=\"x14z9mp xat24cr x1lziwak x1vvkbs xtlvy1s x126k92a\" style=\"text-align: justify;\">\n<div dir=\"auto\"><span style=\"font-family: verdana, geneva, sans-serif;\">De son c\u00f4t\u00e9, Monsieur Eug\u00e8ne Aka Aou\u00e9l\u00e9 a salu\u00e9 une opportunit\u00e9 strat\u00e9gique pour les r\u00e9gions et districts. Il a insist\u00e9 sur la n\u00e9cessit\u00e9 d\u2019identifier les d\u00e9fis locaux, de valoriser les initiatives innovantes des collectivit\u00e9s et de renforcer les capacit\u00e9s des \u00e9lus.<\/span><\/div>\n<div dir=\"auto\">\u00a0<\/div>\n<\/div>\n<div class=\"x14z9mp xat24cr x1lziwak x1vvkbs xtlvy1s x126k92a\" style=\"text-align: justify;\">\n<div dir=\"auto\"><span style=\"font-family: verdana, geneva, sans-serif;\">Il a \u00e9galement plaid\u00e9 pour un cadre institutionnel transparent et coh\u00e9rent, garant d\u2019une meilleure mobilisation des ressources et d\u2019une repr\u00e9sentation accrue des collectivit\u00e9s dans les politiques environnementales.<\/span><\/div>\n<div dir=\"auto\">\u00a0<\/div>\n<\/div>\n<div class=\"x14z9mp xat24cr x1lziwak x1vvkbs xtlvy1s x126k92a\">\n<div dir=\"auto\" style=\"text-align: justify;\"><span style=\"font-family: verdana, geneva, sans-serif;\">Cette convention s\u2019inscrit dans une dynamique nationale de transition \u00e9cologique inclusive, pla\u00e7ant les territoires au c\u0153ur de l\u2019action climatique.<\/span><\/div>\n<\/div>\n","protected":false},"excerpt":{"rendered":"<p>Pour faire face aux enjeux climatiques \u00e0 l\u2019\u00e9chelle territoriale, le Ministre de l\u2019Environnement, du D\u00e9veloppement Durable et de la Transition \u00c9cologique, Monsieur Assahor\u00e9 Konan Jacques, a sign\u00e9 ce mercredi 21 [&hellip;]<\/p>\n","protected":false},"author":1,"featured_media":6544,"comment_status":"closed","ping_status":"closed","sticky":false,"template":"","format":"standard","meta":{"_lmt_disableupdate":"no","_lmt_disable":"","pgc_sgb_lightbox_settings":""},"categories":[58],"tags":[],"post_folder":[],"modified_by":"MINEDD","_links":{"self":[{"href":"https:\/\/did-dev.net\/mineddte\/wp-json\/wp\/v2\/posts\/6536"}],"collection":[{"href":"https:\/\/did-dev.net\/mineddte\/wp-json\/wp\/v2\/posts"}],"about":[{"href":"https:\/\/did-dev.net\/mineddte\/wp-json\/wp\/v2\/types\/post"}],"author":[{"embeddable":true,"href":"https:\/\/did-dev.net\/mineddte\/wp-json\/wp\/v2\/users\/1"}],"replies":[{"embeddable":true,"href":"https:\/\/did-dev.net\/mineddte\/wp-json\/wp\/v2\/comments?post=6536"}],"version-history":[{"count":3,"href":"https:\/\/did-dev.net\/mineddte\/wp-json\/wp\/v2\/posts\/6536\/revisions"}],"predecessor-version":[{"id":6545,"href":"https:\/\/did-dev.net\/mineddte\/wp-json\/wp\/v2\/posts\/6536\/revisions\/6545"}],"wp:featuredmedia":[{"embeddable":true,"href":"https:\/\/did-dev.net\/mineddte\/wp-json\/wp\/v2\/media\/6544"}],"wp:attachment":[{"href":"https:\/\/did-dev.net\/mineddte\/wp-json\/wp\/v2\/media?parent=6536"}],"wp:term":[{"taxonomy":"category","embeddable":true,"href":"https:\/\/did-dev.net\/mineddte\/wp-json\/wp\/v2\/categories?post=6536"},{"taxonomy":"post_tag","embeddable":true,"href":"https:\/\/did-dev.net\/mineddte\/wp-json\/wp\/v2\/tags?post=6536"},{"taxonomy":"post_folder","embeddable":true,"href":"https:\/\/did-dev.net\/mineddte\/wp-json\/wp\/v2\/post_folder?post=6536"}],"curies":[{"name":"wp","href":"https:\/\/api.w.org\/{rel}","templated":true}]}}