{"id":6532,"date":"2025-05-15T16:44:24","date_gmt":"2025-05-15T16:44:24","guid":{"rendered":"https:\/\/did-dev.net\/mineddte\/?p=6532"},"modified":"2025-07-15T12:01:35","modified_gmt":"2025-07-15T12:01:35","slug":"climat-et-innovation-le-ministre-assahore-annonce-une-importante-rencontre-a-abidjan","status":"publish","type":"post","link":"https:\/\/did-dev.net\/mineddte\/climat-et-innovation-le-ministre-assahore-annonce-une-importante-rencontre-a-abidjan\/","title":{"rendered":"CLIMAT ET INNOVATION : LE MINISTRE ASSAHOR\u00c9 ANNONCE UNE IMPORTANTE RENCONTRE \u00c0 ABIDJAN"},"content":{"rendered":"<div class=\"xdj266r x14z9mp xat24cr x1lziwak x1vvkbs x126k92a\">\u00a0<\/div>\n<div class=\"x14z9mp xat24cr x1lziwak x1vvkbs xtlvy1s x126k92a\">\n<div dir=\"auto\"><span style=\"font-family: verdana, geneva, sans-serif;\"><img decoding=\"async\" loading=\"lazy\" class=\"alignnone size-full wp-image-6534\" src=\"https:\/\/did-dev.net\/mineddte\/wp-content\/uploads\/2025\/07\/497517648_1810708813103267_669012917477311966_n.jpg\" alt=\"\" width=\"2048\" height=\"1193\" \/>Le Ministre de l\u2019Environnement, du D\u00e9veloppement Durable et de la Transition \u00c9cologique, M. Assahor\u00e9 Konan Jacques, et l\u2019Ambassadeur d\u2019Allemagne en C\u00f4te d\u2019Ivoire, S.E.M Matthias Veltin, ont annonc\u00e9, le jeudi 15 mai 2025, \u00e0 l\u2019occasion d\u2019un point de presse, la tenue d\u2019une conf\u00e9rence de haut niveau \u00ab Climat et Innovation \u2013 partageons les solutions \u00bb, pr\u00e9vue pour les 12 et 13 juin 2025 prochains dans la capitale \u00e9conomique ivoirienne.<\/span><\/div>\n<div dir=\"auto\">\u00a0<\/div>\n<\/div>\n<div class=\"x14z9mp xat24cr x1lziwak x1vvkbs xtlvy1s x126k92a\">\n<div dir=\"auto\"><span style=\"font-family: verdana, geneva, sans-serif;\">Organis\u00e9 dans le cadre du Partenariat pour le Climat et le D\u00e9veloppement (P+), sign\u00e9 entre la C\u00f4te d\u2019Ivoire et l\u2019Allemagne en novembre 2023, cet \u00e9v\u00e9nement vise \u00e0 renforcer la r\u00e9silience du pays face aux effets du changement climatique et \u00e0 promouvoir des solutions concr\u00e8tes, locales et durables. Il rassemblera des d\u00e9cideurs politiques, chercheurs, entrepreneurs, repr\u00e9sentants du secteur priv\u00e9 et de la soci\u00e9t\u00e9 civile et mettra l\u2019accent sur le partage d\u2019exp\u00e9riences, le dialogue multipartite et la valorisation des initiatives innovantes.<\/span><\/div>\n<div dir=\"auto\">\u00a0<\/div>\n<\/div>\n<div class=\"x14z9mp xat24cr x1lziwak x1vvkbs xtlvy1s x126k92a\">\n<div dir=\"auto\"><span style=\"font-family: verdana, geneva, sans-serif;\">Dans son intervention, le Ministre Assahor\u00e9 a soulign\u00e9 l\u2019importance de cet \u00e9v\u00e9nement dans le contexte de la mise en \u0153uvre des Contributions D\u00e9termin\u00e9es au niveau National (CDN) de la C\u00f4te d\u2019Ivoire, conform\u00e9ment \u00e0 l\u2019Accord de Paris. Il a insist\u00e9 sur la n\u00e9cessit\u00e9 de promouvoir des solutions locales, inspirantes et reproductibles pour faire face aux enjeux climatiques.<\/span><\/div>\n<div dir=\"auto\">\u00a0<\/div>\n<\/div>\n<div class=\"x14z9mp xat24cr x1lziwak x1vvkbs xtlvy1s x126k92a\">\n<div dir=\"auto\"><span style=\"font-family: verdana, geneva, sans-serif;\">\u00ab Face \u00e0 l\u2019urgence climatique, nous devons collectivement acc\u00e9l\u00e9rer la transformation de nos mod\u00e8les \u00bb, a-t-il d\u00e9clar\u00e9, appelant \u00e0 une forte mobilisation de tous les acteurs, y compris les m\u00e9dias et la soci\u00e9t\u00e9 civile.<\/span><\/div>\n<div dir=\"auto\">\u00a0<\/div>\n<\/div>\n<div class=\"x14z9mp xat24cr x1lziwak x1vvkbs xtlvy1s x126k92a\">\n<div dir=\"auto\"><span style=\"font-family: verdana, geneva, sans-serif;\">L\u2019ambassadeur d\u2019Allemagne en C\u00f4te d\u2019Ivoire a, pour sa part, mis en avant le r\u00f4le central de l\u2019innovation technologique et sociale dans la transition climatique. Il a cit\u00e9 plusieurs initiatives telles que l\u2019utilisation de drones pour le suivi environnemental ou encore la production de biocharbon \u00e0 partir de d\u00e9chets agricoles.<\/span><\/div>\n<div dir=\"auto\">\u00a0<\/div>\n<\/div>\n<div class=\"x14z9mp xat24cr x1lziwak x1vvkbs xtlvy1s x126k92a\">\n<div dir=\"auto\"><span style=\"font-family: verdana, geneva, sans-serif;\">Il a invit\u00e9 les participants \u00e0 venir s\u2019inspirer des projets, technologies et d\u00e9marches qui seront pr\u00e9sent\u00e9s lors de la conf\u00e9rence, notamment au Salon de l\u2019innovation climatique, le 13 juin, o\u00f9 48 entreprises exposeront leurs solutions vertes.<\/span><\/div>\n<div dir=\"auto\">\u00a0<\/div>\n<\/div>\n<div class=\"x14z9mp xat24cr x1lziwak x1vvkbs xtlvy1s x126k92a\">\n<div dir=\"auto\"><span style=\"font-family: verdana, geneva, sans-serif;\">Plac\u00e9e sous le haut patronage du Premier Ministre, Chef du gouvernement, Ministre des Sports et du Cadre de vie, SEM. Robert Beugre Mamb\u00e9, cette conf\u00e9rence r\u00e9unira environ 250 participants venus de la C\u00f4te d\u2019Ivoire, de la sous-r\u00e9gion ouest-africaine et d\u2019Europe. Elle se veut, selon les organisateurs, un carrefour de dialogue, de partage d\u2019exp\u00e9riences et de coop\u00e9ration r\u00e9gionale, dans un contexte o\u00f9 les enjeux climatiques appellent \u00e0 des r\u00e9ponses concert\u00e9es et adapt\u00e9es.<\/span><\/div>\n<div dir=\"auto\">\u00a0<\/div>\n<\/div>\n<div class=\"x14z9mp xat24cr x1lziwak x1vvkbs xtlvy1s x126k92a\">\n<div dir=\"auto\"><span style=\"font-family: verdana, geneva, sans-serif;\">La gestion durable des for\u00eats, la pr\u00e9servation de la biodiversit\u00e9 et la transition \u00e9nerg\u00e9tique, sont les trois th\u00e9matiques principales qui seront au c\u0153ur de ces deux jours d\u2019\u00e9changes.<\/span><\/div>\n<\/div>\n","protected":false},"excerpt":{"rendered":"<p>\u00a0 Le Ministre de l\u2019Environnement, du D\u00e9veloppement Durable et de la Transition \u00c9cologique, M. Assahor\u00e9 Konan Jacques, et l\u2019Ambassadeur d\u2019Allemagne en C\u00f4te d\u2019Ivoire, S.E.M Matthias Veltin, ont annonc\u00e9, le jeudi [&hellip;]<\/p>\n","protected":false},"author":1,"featured_media":6534,"comment_status":"closed","ping_status":"closed","sticky":false,"template":"","format":"standard","meta":{"_lmt_disableupdate":"no","_lmt_disable":"","pgc_sgb_lightbox_settings":""},"categories":[58],"tags":[],"post_folder":[],"modified_by":"MINEDD","_links":{"self":[{"href":"https:\/\/did-dev.net\/mineddte\/wp-json\/wp\/v2\/posts\/6532"}],"collection":[{"href":"https:\/\/did-dev.net\/mineddte\/wp-json\/wp\/v2\/posts"}],"about":[{"href":"https:\/\/did-dev.net\/mineddte\/wp-json\/wp\/v2\/types\/post"}],"author":[{"embeddable":true,"href":"https:\/\/did-dev.net\/mineddte\/wp-json\/wp\/v2\/users\/1"}],"replies":[{"embeddable":true,"href":"https:\/\/did-dev.net\/mineddte\/wp-json\/wp\/v2\/comments?post=6532"}],"version-history":[{"count":1,"href":"https:\/\/did-dev.net\/mineddte\/wp-json\/wp\/v2\/posts\/6532\/revisions"}],"predecessor-version":[{"id":6535,"href":"https:\/\/did-dev.net\/mineddte\/wp-json\/wp\/v2\/posts\/6532\/revisions\/6535"}],"wp:featuredmedia":[{"embeddable":true,"href":"https:\/\/did-dev.net\/mineddte\/wp-json\/wp\/v2\/media\/6534"}],"wp:attachment":[{"href":"https:\/\/did-dev.net\/mineddte\/wp-json\/wp\/v2\/media?parent=6532"}],"wp:term":[{"taxonomy":"category","embeddable":true,"href":"https:\/\/did-dev.net\/mineddte\/wp-json\/wp\/v2\/categories?post=6532"},{"taxonomy":"post_tag","embeddable":true,"href":"https:\/\/did-dev.net\/mineddte\/wp-json\/wp\/v2\/tags?post=6532"},{"taxonomy":"post_folder","embeddable":true,"href":"https:\/\/did-dev.net\/mineddte\/wp-json\/wp\/v2\/post_folder?post=6532"}],"curies":[{"name":"wp","href":"https:\/\/api.w.org\/{rel}","templated":true}]}}