{"id":6529,"date":"2025-05-13T16:34:00","date_gmt":"2025-05-13T16:34:00","guid":{"rendered":"https:\/\/did-dev.net\/mineddte\/?p=6529"},"modified":"2025-07-15T11:41:57","modified_gmt":"2025-07-15T11:41:57","slug":"gestion-des-dechets-maritimes-53-structures-agreees-par-le-ministere-pour-intervenir-dans-les-ports","status":"publish","type":"post","link":"https:\/\/did-dev.net\/mineddte\/gestion-des-dechets-maritimes-53-structures-agreees-par-le-ministere-pour-intervenir-dans-les-ports\/","title":{"rendered":"GESTION DES D\u00c9CHETS MARITIMES : 53 STRUCTURES AGR\u00c9\u00c9ES PAR LE MINIST\u00c8RE POUR INTERVENIR DANS LES PORTS"},"content":{"rendered":"<div class=\"xdj266r x14z9mp xat24cr x1lziwak x1vvkbs x126k92a\">\n<div dir=\"auto\" style=\"text-align: justify;\"><span style=\"font-family: verdana, geneva, sans-serif;\"><img decoding=\"async\" loading=\"lazy\" class=\"alignnone size-full wp-image-6530\" src=\"https:\/\/did-dev.net\/mineddte\/wp-content\/uploads\/2025\/07\/497596822_1809102093263939_6952589782065568028_n-e1752579590627.jpg\" alt=\"\" width=\"2048\" height=\"803\" srcset=\"https:\/\/did-dev.net\/mineddte\/wp-content\/uploads\/2025\/07\/497596822_1809102093263939_6952589782065568028_n-e1752579590627.jpg 2048w, https:\/\/did-dev.net\/mineddte\/wp-content\/uploads\/2025\/07\/497596822_1809102093263939_6952589782065568028_n-e1752579590627-262x103.jpg 262w, https:\/\/did-dev.net\/mineddte\/wp-content\/uploads\/2025\/07\/497596822_1809102093263939_6952589782065568028_n-e1752579590627-847x332.jpg 847w, https:\/\/did-dev.net\/mineddte\/wp-content\/uploads\/2025\/07\/497596822_1809102093263939_6952589782065568028_n-e1752579590627-100x39.jpg 100w, https:\/\/did-dev.net\/mineddte\/wp-content\/uploads\/2025\/07\/497596822_1809102093263939_6952589782065568028_n-e1752579590627-1536x602.jpg 1536w\" sizes=\"(max-width: 2048px) 100vw, 2048px\" \/><\/span><\/div>\n<div dir=\"auto\">\n<div class=\"xdj266r x14z9mp xat24cr x1lziwak x1vvkbs x126k92a\" style=\"text-align: justify;\">\n<div dir=\"auto\">\u00a0<\/div>\n<\/div>\n<div class=\"x14z9mp xat24cr x1lziwak x1vvkbs xtlvy1s x126k92a\" style=\"text-align: justify;\">\n<div dir=\"auto\"><span style=\"font-family: verdana, geneva, sans-serif;\">Le Minist\u00e8re de l\u2019Environnement, du D\u00e9veloppement Durable et de la Transition \u00c9cologique (MINEDDTE) a officiellement remis les agr\u00e9ments 2025 \u00e0 53 structures autoris\u00e9es \u00e0 assurer l\u2019enl\u00e8vement des ordures m\u00e9nag\u00e8res et assimil\u00e9es \u00e0 bord des navires (Garbage) dans les deux principaux ports du pays : le Port Autonome d\u2019Abidjan (PAA) et le Port Autonome de San Pedro (PASP), le mardi 13 mai 2025.<\/span><\/div>\n<div dir=\"auto\">\u00a0<\/div>\n<\/div>\n<div class=\"x14z9mp xat24cr x1lziwak x1vvkbs xtlvy1s x126k92a\" style=\"text-align: justify;\">\n<div dir=\"auto\"><span style=\"font-family: verdana, geneva, sans-serif;\">La c\u00e9r\u00e9monie s\u2019est tenue \u00e0 la Chambre de Commerce et d\u2019Industrie de C\u00f4te d\u2019Ivoire, au Plateau, en pr\u00e9sence du Conseiller Technique M. Dadi\u00e9 Anoma, repr\u00e9sentant le Ministre de l&#8217;Environnement, du D\u00e9veloppement Durable et de la Transition \u00c9cologique.<\/span><\/div>\n<div dir=\"auto\">\u00a0<\/div>\n<\/div>\n<div class=\"x14z9mp xat24cr x1lziwak x1vvkbs xtlvy1s x126k92a\" style=\"text-align: justify;\">\n<div dir=\"auto\"><span style=\"font-family: verdana, geneva, sans-serif;\">Elle s\u2019inscrit dans le cadre de la mise en \u0153uvre des engagements pris par la C\u00f4te d\u2019Ivoire au titre de la Convention internationale MARPOL, qui encadre la pr\u00e9vention de la pollution marine par les navires.<\/span><\/div>\n<\/div>\n<div class=\"x14z9mp xat24cr x1lziwak x1vvkbs xtlvy1s x126k92a\" style=\"text-align: justify;\">\n<div dir=\"auto\"><span style=\"font-family: verdana, geneva, sans-serif;\">Chaque ann\u00e9e, ces agr\u00e9ments d&#8217;une dur\u00e9e de 01 an, sont accord\u00e9s \u00e0 des op\u00e9rateurs ayant satisfait \u00e0 des exigences strictes en mati\u00e8re de capacit\u00e9s techniques et humaines. <\/span><\/div>\n<div dir=\"auto\">\u00a0<\/div>\n<div dir=\"auto\"><span style=\"font-family: verdana, geneva, sans-serif;\">Leur mission : collecter et traiter les d\u00e9chets produits par les navires, qu\u2019il s\u2019agisse d\u2019ordures m\u00e9nag\u00e8res, de r\u00e9sidus de cargaison ou de d\u00e9chets d\u2019exploitation. Ces d\u00e9chets, s\u2019ils ne sont pas correctement pris en charge, repr\u00e9sentent une menace pour l\u2019environnement marin et la sant\u00e9 publique.<\/span><\/div>\n<div dir=\"auto\">\u00a0<\/div>\n<\/div>\n<div class=\"x14z9mp xat24cr x1lziwak x1vvkbs xtlvy1s x126k92a\" style=\"text-align: justify;\">\n<div dir=\"auto\"><span style=\"font-family: verdana, geneva, sans-serif;\">Dans son adresse, M. Dadi\u00e9 Anoma a rappel\u00e9 que cette d\u00e9marche s\u2019inscrit dans la volont\u00e9 du Gouvernement de garantir un cadre de vie \u00e9cologiquement sain et \u00e9quilibr\u00e9, tout en assurant le respect strict des normes internationales.<\/span><\/div>\n<div dir=\"auto\">\u00a0<\/div>\n<div dir=\"auto\"><span style=\"font-family: verdana, geneva, sans-serif;\">Il a soulign\u00e9 que ces agr\u00e9ments ne doivent pas \u00eatre per\u00e7us uniquement comme un avantage \u00e9conomique, mais comme un engagement ferme en faveur de l\u2019excellence environnementale.<\/span><\/div>\n<\/div>\n<div class=\"x14z9mp xat24cr x1lziwak x1vvkbs xtlvy1s x126k92a\" style=\"text-align: justify;\">\n<div dir=\"auto\"><span style=\"font-family: verdana, geneva, sans-serif;\">Il a \u00e9galement appel\u00e9 les b\u00e9n\u00e9ficiaires \u00e0 se montrer exemplaires dans leurs prestations et \u00e0 adopter un comportement \u00e9co-citoyen.<\/span><\/div>\n<div dir=\"auto\">\u00a0<\/div>\n<\/div>\n<div class=\"x14z9mp xat24cr x1lziwak x1vvkbs xtlvy1s x126k92a\" style=\"text-align: justify;\">\n<div dir=\"auto\"><span style=\"font-family: verdana, geneva, sans-serif;\">Prenant la parole, la Directrice G\u00e9n\u00e9rale de l\u2019Environnement, Dr N&#8217;tain Jeanne, a pr\u00e9cis\u00e9 que sur les 53 dossiers agr\u00e9\u00e9s cette ann\u00e9e, 45 sont des renouvellements et 08 concernent de nouveaux op\u00e9rateurs.<\/span><\/div>\n<div dir=\"auto\">\u00a0<\/div>\n<\/div>\n<div class=\"x14z9mp xat24cr x1lziwak x1vvkbs xtlvy1s x126k92a\" style=\"text-align: justify;\">\n<div dir=\"auto\"><span style=\"font-family: verdana, geneva, sans-serif;\">Tous ont \u00e9t\u00e9 \u00e9valu\u00e9s selon les crit\u00e8res \u00e9tablis, notamment la capacit\u00e9 op\u00e9rationnelle et la conformit\u00e9 des documents requis.<\/span><\/div>\n<div dir=\"auto\">\u00a0<\/div>\n<\/div>\n<div class=\"x14z9mp xat24cr x1lziwak x1vvkbs xtlvy1s x126k92a\">\n<div dir=\"auto\" style=\"text-align: justify;\"><span style=\"font-family: verdana, geneva, sans-serif;\">Ces initiatives visent \u00e0 renforcer le contr\u00f4le de la gestion des d\u00e9chets portuaires, \u00e0 r\u00e9duire l\u2019impact environnemental des activit\u00e9s maritimes et \u00e0 consolider les efforts de la C\u00f4te d\u2019Ivoire pour une \u00e9conomie bleue durable.<\/span><\/div>\n<\/div>\n<\/div>\n<\/div>\n","protected":false},"excerpt":{"rendered":"<p>\u00a0 Le Minist\u00e8re de l\u2019Environnement, du D\u00e9veloppement Durable et de la Transition \u00c9cologique (MINEDDTE) a officiellement remis les agr\u00e9ments 2025 \u00e0 53 structures autoris\u00e9es \u00e0 assurer l\u2019enl\u00e8vement des ordures m\u00e9nag\u00e8res [&hellip;]<\/p>\n","protected":false},"author":1,"featured_media":6527,"comment_status":"closed","ping_status":"closed","sticky":false,"template":"","format":"standard","meta":{"_lmt_disableupdate":"no","_lmt_disable":"","pgc_sgb_lightbox_settings":""},"categories":[58],"tags":[],"post_folder":[],"modified_by":"MINEDD","_links":{"self":[{"href":"https:\/\/did-dev.net\/mineddte\/wp-json\/wp\/v2\/posts\/6529"}],"collection":[{"href":"https:\/\/did-dev.net\/mineddte\/wp-json\/wp\/v2\/posts"}],"about":[{"href":"https:\/\/did-dev.net\/mineddte\/wp-json\/wp\/v2\/types\/post"}],"author":[{"embeddable":true,"href":"https:\/\/did-dev.net\/mineddte\/wp-json\/wp\/v2\/users\/1"}],"replies":[{"embeddable":true,"href":"https:\/\/did-dev.net\/mineddte\/wp-json\/wp\/v2\/comments?post=6529"}],"version-history":[{"count":1,"href":"https:\/\/did-dev.net\/mineddte\/wp-json\/wp\/v2\/posts\/6529\/revisions"}],"predecessor-version":[{"id":6531,"href":"https:\/\/did-dev.net\/mineddte\/wp-json\/wp\/v2\/posts\/6529\/revisions\/6531"}],"wp:featuredmedia":[{"embeddable":true,"href":"https:\/\/did-dev.net\/mineddte\/wp-json\/wp\/v2\/media\/6527"}],"wp:attachment":[{"href":"https:\/\/did-dev.net\/mineddte\/wp-json\/wp\/v2\/media?parent=6529"}],"wp:term":[{"taxonomy":"category","embeddable":true,"href":"https:\/\/did-dev.net\/mineddte\/wp-json\/wp\/v2\/categories?post=6529"},{"taxonomy":"post_tag","embeddable":true,"href":"https:\/\/did-dev.net\/mineddte\/wp-json\/wp\/v2\/tags?post=6529"},{"taxonomy":"post_folder","embeddable":true,"href":"https:\/\/did-dev.net\/mineddte\/wp-json\/wp\/v2\/post_folder?post=6529"}],"curies":[{"name":"wp","href":"https:\/\/api.w.org\/{rel}","templated":true}]}}