{"id":6526,"date":"2025-05-09T20:25:43","date_gmt":"2025-05-09T20:25:43","guid":{"rendered":"https:\/\/did-dev.net\/mineddte\/?p=6526"},"modified":"2025-07-15T11:31:46","modified_gmt":"2025-07-15T11:31:46","slug":"korhogo-gouvernance-des-donnees-energetiques-les-acteurs-regionaux-restent-mobilises","status":"publish","type":"post","link":"https:\/\/did-dev.net\/mineddte\/korhogo-gouvernance-des-donnees-energetiques-les-acteurs-regionaux-restent-mobilises\/","title":{"rendered":"KORHOGO \/ GOUVERNANCE DES DONN\u00c9ES \u00c9NERG\u00c9TIQUES : LES ACTEURS R\u00c9GIONAUX RESTENT MOBILIS\u00c9S"},"content":{"rendered":"<div class=\"xdj266r x14z9mp xat24cr x1lziwak x1vvkbs x126k92a\">\u00a0<\/div>\n<div class=\"x14z9mp xat24cr x1lziwak x1vvkbs xtlvy1s x126k92a\" style=\"text-align: justify;\">\n<div dir=\"auto\"><span style=\"font-family: verdana, geneva, sans-serif;\"><img decoding=\"async\" loading=\"lazy\" class=\"alignnone size-full wp-image-6527\" src=\"https:\/\/did-dev.net\/mineddte\/wp-content\/uploads\/2025\/07\/496968987_1809031793270969_827119828545229530_n-e1752579037833.jpg\" alt=\"\" width=\"1080\" height=\"423\" srcset=\"https:\/\/did-dev.net\/mineddte\/wp-content\/uploads\/2025\/07\/496968987_1809031793270969_827119828545229530_n-e1752579037833.jpg 1080w, https:\/\/did-dev.net\/mineddte\/wp-content\/uploads\/2025\/07\/496968987_1809031793270969_827119828545229530_n-e1752579037833-262x103.jpg 262w, https:\/\/did-dev.net\/mineddte\/wp-content\/uploads\/2025\/07\/496968987_1809031793270969_827119828545229530_n-e1752579037833-847x332.jpg 847w, https:\/\/did-dev.net\/mineddte\/wp-content\/uploads\/2025\/07\/496968987_1809031793270969_827119828545229530_n-e1752579037833-100x39.jpg 100w\" sizes=\"(max-width: 1080px) 100vw, 1080px\" \/>La ville de Korhogo a accueilli du 07 au 09 mai 2025 un important atelier sur la gouvernance des donn\u00e9es \u00e9nerg\u00e9tiques. Organis\u00e9e dans le cadre du projet ProFERE II, cette rencontre s\u2019inscrit dans le programme national de renforcement des capacit\u00e9s des r\u00e9gions en mati\u00e8re de suivi et de planification \u00e9nerg\u00e9tique.<\/span><\/div>\n<div dir=\"auto\">\u00a0<\/div>\n<\/div>\n<div class=\"x14z9mp xat24cr x1lziwak x1vvkbs xtlvy1s x126k92a\" style=\"text-align: justify;\">\n<div dir=\"auto\"><span style=\"font-family: verdana, geneva, sans-serif;\">Plusieurs Directions r\u00e9gionales du Minist\u00e8re de l\u2019Environnement ont activement pris part \u00e0 cette session r\u00e9gionale, initi\u00e9e par l\u2019agence de coop\u00e9ration internationale allemande (GIZ) en partenariat avec le Minist\u00e8re des Mines, du P\u00e9trole et de l\u2019\u00c9nergie (MMPE).<\/span><\/div>\n<\/div>\n<div class=\"x14z9mp xat24cr x1lziwak x1vvkbs xtlvy1s x126k92a\" style=\"text-align: justify;\">\n<div dir=\"auto\"><span style=\"font-family: verdana, geneva, sans-serif;\">Apr\u00e8s San Pedro en mars et Yamoussoukro en avril dernier, c\u2019\u00e9tait au tour de Korhogo d\u2019accueillir la troisi\u00e8me \u00e9tape de cette formation essentielle pour l\u2019avenir \u00e9nerg\u00e9tique de la C\u00f4te d\u2019Ivoire qui sera d\u00e9ploy\u00e9 \u00e0 travers sept (7) grandes villes du pays.<\/span><\/div>\n<div dir=\"auto\">\u00a0<\/div>\n<\/div>\n<div class=\"x14z9mp xat24cr x1lziwak x1vvkbs xtlvy1s x126k92a\" style=\"text-align: justify;\">\n<div dir=\"auto\"><span style=\"font-family: verdana, geneva, sans-serif;\">Au c\u0153ur des \u00e9changes, M. Jean-Jacques KOUAME qui repr\u00e9sentait la GIZ a fait conna\u00eetre les r\u00e9sultats du syst\u00e8me MNV (Mesure, Notification et V\u00e9rification) pour les ann\u00e9es 2022-2023 du secteur de l\u2019\u00e9nergie, tout en sensibilisant les participants \u00e0 leur r\u00f4le dans la lutte contre les changements climatiques.<\/span><\/div>\n<\/div>\n<div class=\"x14z9mp xat24cr x1lziwak x1vvkbs xtlvy1s x126k92a\" style=\"text-align: justify;\">\n<div dir=\"auto\"><span style=\"font-family: verdana, geneva, sans-serif;\">\u00ab Les outils, aussi performants soient-ils, n&#8217;ont de valeur que s\u2019ils sont compris, utilis\u00e9s et partag\u00e9s. Chaque participant ici a un r\u00f4le cl\u00e9 \u00e0 jouer : \u00eatre un passeur d\u2019information, un porteur de solutions, un acteur du changement dans sa r\u00e9gion. \u00bb a-t-il d\u00e9clar\u00e9.<\/span><\/div>\n<\/div>\n<div class=\"x14z9mp xat24cr x1lziwak x1vvkbs xtlvy1s x126k92a\" style=\"text-align: justify;\">\n<div dir=\"auto\"><span style=\"font-family: verdana, geneva, sans-serif;\">Venus de l\u2019administration publique, du secteur priv\u00e9, de la soci\u00e9t\u00e9 civile et des m\u00e9dias, lesdits participants se sont familiaris\u00e9s \u00e0 l\u2019outil IPCC, utilis\u00e9 pour les inventaires de gaz \u00e0 effet de serre et \u00e0 l\u2019outil LEAP, qui sert \u00e0 mod\u00e9liser la demande et l\u2019offre d\u2019\u00e9nergie, et \u00e0 concevoir diff\u00e9rents sc\u00e9narios pour l\u2019avenir. Ces formations ont \u00e9t\u00e9 enrichies par des \u00e9tudes de cas, des \u00e9changes d\u2019exp\u00e9rience, et des discussions ouvertes sur les d\u00e9fis concrets rencontr\u00e9s dans la collecte de donn\u00e9es r\u00e9gionales, souvent confront\u00e9es \u00e0 des manques de moyens ou \u00e0 des difficult\u00e9s d\u2019acc\u00e8s \u00e0 l\u2019information.<\/span><\/div>\n<\/div>\n<div class=\"x14z9mp xat24cr x1lziwak x1vvkbs xtlvy1s x126k92a\" style=\"text-align: justify;\">\n<div dir=\"auto\"><span style=\"font-family: verdana, geneva, sans-serif;\">L\u2019ouverture et la cl\u00f4ture de l\u2019activit\u00e9 ont \u00e9t\u00e9 pr\u00e9sid\u00e9es par Monsieur Assoumou Andr\u00e9, Pr\u00e9fet de la r\u00e9gion du Poro, pr\u00e9fet du d\u00e9partement de Korhogo. Dans ses propos, il a rappel\u00e9 l\u2019importance de l\u2019ancrage local pour r\u00e9ussir la transition \u00e9nerg\u00e9tique au niveau national.<\/span><\/div>\n<\/div>\n<div class=\"x14z9mp xat24cr x1lziwak x1vvkbs xtlvy1s x126k92a\">\n<div dir=\"auto\" style=\"text-align: justify;\"><span style=\"font-family: verdana, geneva, sans-serif;\">\u00ab Gr\u00e2ce aux pr\u00e9sentations et aux \u00e9changes, nous avons tous pu mieux comprendre le r\u00f4le des collectivit\u00e9s et des acteurs locaux dans la mise en \u0153uvre des politiques \u00e9nerg\u00e9tiques et climatiques. Car, les d\u00e9cisions nationales prennent tout leur sens lorsqu\u2019elles sont appliqu\u00e9es concr\u00e8tement sur le terrain \u00bb, a-t-il soulign\u00e9 dans son message de cl\u00f4ture.<\/span><\/div>\n<\/div>\n","protected":false},"excerpt":{"rendered":"<p>\u00a0 La ville de Korhogo a accueilli du 07 au 09 mai 2025 un important atelier sur la gouvernance des donn\u00e9es \u00e9nerg\u00e9tiques. Organis\u00e9e dans le cadre du projet ProFERE II, [&hellip;]<\/p>\n","protected":false},"author":1,"featured_media":6527,"comment_status":"closed","ping_status":"closed","sticky":false,"template":"","format":"standard","meta":{"_lmt_disableupdate":"no","_lmt_disable":"","pgc_sgb_lightbox_settings":""},"categories":[58],"tags":[],"post_folder":[],"modified_by":"MINEDD","_links":{"self":[{"href":"https:\/\/did-dev.net\/mineddte\/wp-json\/wp\/v2\/posts\/6526"}],"collection":[{"href":"https:\/\/did-dev.net\/mineddte\/wp-json\/wp\/v2\/posts"}],"about":[{"href":"https:\/\/did-dev.net\/mineddte\/wp-json\/wp\/v2\/types\/post"}],"author":[{"embeddable":true,"href":"https:\/\/did-dev.net\/mineddte\/wp-json\/wp\/v2\/users\/1"}],"replies":[{"embeddable":true,"href":"https:\/\/did-dev.net\/mineddte\/wp-json\/wp\/v2\/comments?post=6526"}],"version-history":[{"count":1,"href":"https:\/\/did-dev.net\/mineddte\/wp-json\/wp\/v2\/posts\/6526\/revisions"}],"predecessor-version":[{"id":6528,"href":"https:\/\/did-dev.net\/mineddte\/wp-json\/wp\/v2\/posts\/6526\/revisions\/6528"}],"wp:featuredmedia":[{"embeddable":true,"href":"https:\/\/did-dev.net\/mineddte\/wp-json\/wp\/v2\/media\/6527"}],"wp:attachment":[{"href":"https:\/\/did-dev.net\/mineddte\/wp-json\/wp\/v2\/media?parent=6526"}],"wp:term":[{"taxonomy":"category","embeddable":true,"href":"https:\/\/did-dev.net\/mineddte\/wp-json\/wp\/v2\/categories?post=6526"},{"taxonomy":"post_tag","embeddable":true,"href":"https:\/\/did-dev.net\/mineddte\/wp-json\/wp\/v2\/tags?post=6526"},{"taxonomy":"post_folder","embeddable":true,"href":"https:\/\/did-dev.net\/mineddte\/wp-json\/wp\/v2\/post_folder?post=6526"}],"curies":[{"name":"wp","href":"https:\/\/api.w.org\/{rel}","templated":true}]}}