{"id":6523,"date":"2025-05-12T16:17:43","date_gmt":"2025-05-12T16:17:43","guid":{"rendered":"https:\/\/did-dev.net\/mineddte\/?p=6523"},"modified":"2025-07-15T11:23:00","modified_gmt":"2025-07-15T11:23:00","slug":"biodiversite-la-cote-divoire-poursuit-lactualisation-de-sa-strategie-nationale","status":"publish","type":"post","link":"https:\/\/did-dev.net\/mineddte\/biodiversite-la-cote-divoire-poursuit-lactualisation-de-sa-strategie-nationale\/","title":{"rendered":"BIODIVERSIT\u00c9 : LA C\u00d4TE D\u2019IVOIRE POURSUIT L\u2019ACTUALISATION DE SA STRAT\u00c9GIE NATIONALE"},"content":{"rendered":"<p style=\"text-align: justify;\"><span style=\"font-family: verdana, geneva, sans-serif;\"><img decoding=\"async\" loading=\"lazy\" class=\"alignnone size-full wp-image-6524\" src=\"https:\/\/did-dev.net\/mineddte\/wp-content\/uploads\/2025\/07\/496708059_1808296380011177_8665702996822199141_n-1-e1752578520600.jpg\" alt=\"\" width=\"2468\" height=\"968\" srcset=\"https:\/\/did-dev.net\/mineddte\/wp-content\/uploads\/2025\/07\/496708059_1808296380011177_8665702996822199141_n-1-e1752578520600.jpg 2468w, https:\/\/did-dev.net\/mineddte\/wp-content\/uploads\/2025\/07\/496708059_1808296380011177_8665702996822199141_n-1-e1752578520600-262x103.jpg 262w, https:\/\/did-dev.net\/mineddte\/wp-content\/uploads\/2025\/07\/496708059_1808296380011177_8665702996822199141_n-1-e1752578520600-847x332.jpg 847w, https:\/\/did-dev.net\/mineddte\/wp-content\/uploads\/2025\/07\/496708059_1808296380011177_8665702996822199141_n-1-e1752578520600-100x39.jpg 100w, https:\/\/did-dev.net\/mineddte\/wp-content\/uploads\/2025\/07\/496708059_1808296380011177_8665702996822199141_n-1-e1752578520600-1536x602.jpg 1536w, https:\/\/did-dev.net\/mineddte\/wp-content\/uploads\/2025\/07\/496708059_1808296380011177_8665702996822199141_n-1-e1752578520600-2048x803.jpg 2048w\" sizes=\"(max-width: 2468px) 100vw, 2468px\" \/>Face aux d\u00e9r\u00e8glements climatiques et la perte de biodiversit\u00e9, la C\u00f4te d\u2019Ivoire r\u00e9affirme sa volont\u00e9 de b\u00e2tir un avenir en harmonie avec la nature. C\u2019est dans cette dynamique que le Minist\u00e8re de l\u2019Environnement, du D\u00e9veloppement Durable et de la Transition \u00c9cologique a engag\u00e9, ce lundi 12 mai 2025, \u00e0 Abidjan, un atelier de consultation d\u00e9di\u00e9 aux collectivit\u00e9s territoriales et aux communaut\u00e9s locales en vue de l\u2019actualisation de la Strat\u00e9gie et du Plan d\u2019Actions Nationaux pour la Biodiversit\u00e9 (SPANB).<\/span><\/p>\n<div class=\"x14z9mp xat24cr x1lziwak x1vvkbs xtlvy1s x126k92a\" style=\"text-align: justify;\">\n<div dir=\"auto\"><span style=\"font-family: verdana, geneva, sans-serif;\">\u00ab Notre plan\u00e8te est le th\u00e9\u00e2tre de l\u2019impact croissant de catastrophes r\u00e9sultant de la combinaison d\u2019al\u00e9as naturels ou technologiques et de facteurs de vuln\u00e9rabilit\u00e9 \u00e9cologique extr\u00eames \u00bb, a rappel\u00e9 Monsieur Adolphe SARAKA, Conseiller Technique, repr\u00e9sentant le Ministre ASSAHORE Konan Jacques, lors de l\u2019ouverture de la rencontre.<\/span><\/div>\n<div dir=\"auto\">\u00a0<\/div>\n<\/div>\n<div class=\"x14z9mp xat24cr x1lziwak x1vvkbs xtlvy1s x126k92a\" style=\"text-align: justify;\">\n<div dir=\"auto\"><span style=\"font-family: verdana, geneva, sans-serif;\">La C\u00f4te d\u2019Ivoire, engag\u00e9e aux c\u00f4t\u00e9s des autres \u00c9tats Parties \u00e0 la Convention sur la Diversit\u00e9 Biologique, a d\u00e9j\u00e0 franchi plusieurs \u00e9tapes dans l\u2019\u00e9laboration de sa nouvelle strat\u00e9gie. Un premier draft a \u00e9t\u00e9 produit \u00e0 l\u2019issue d\u2019un important travail de diagnostic r\u00e9alis\u00e9 par des consultants, et enrichi lors de deux vagues de validation en octobre 2024, puis en f\u00e9vrier et avril 2025.<\/span><\/div>\n<div dir=\"auto\">\u00a0<\/div>\n<\/div>\n<div class=\"x14z9mp xat24cr x1lziwak x1vvkbs xtlvy1s x126k92a\" style=\"text-align: justify;\">\n<div dir=\"auto\"><span style=\"font-family: verdana, geneva, sans-serif;\">L\u2019objectif de cette nouvelle \u00e9tape est de prendre en compte les pr\u00e9occupations, priorit\u00e9s et expertises des territoires et des populations locales, premiers gestionnaires et t\u00e9moins de la biodiversit\u00e9 au quotidien.<\/span><\/div>\n<div dir=\"auto\">\u00a0<\/div>\n<\/div>\n<div class=\"x14z9mp xat24cr x1lziwak x1vvkbs xtlvy1s x126k92a\" style=\"text-align: justify;\">\n<div dir=\"auto\"><span style=\"font-family: verdana, geneva, sans-serif;\">Le Conseiller technique a donc exhort\u00e9 les participants \u00e0 formuler des recommandations concr\u00e8tes, \u00e0 identifier les structures responsables de la mise en \u0153uvre des actions, et \u00e0 contribuer \u00e0 la d\u00e9finition de fiches-projets pertinentes et r\u00e9alisables.<\/span><\/div>\n<div dir=\"auto\">\u00a0<\/div>\n<\/div>\n<div class=\"x14z9mp xat24cr x1lziwak x1vvkbs xtlvy1s x126k92a\" style=\"text-align: justify;\">\n<div dir=\"auto\"><span style=\"font-family: verdana, geneva, sans-serif;\">Depuis la COP15 de d\u00e9cembre 2022, les Parties \u00e0 la Convention sur la Diversit\u00e9 Biologique ont adopt\u00e9 le Cadre Mondial de la Biodiversit\u00e9 de Kunming \u2013 Montr\u00e9al dont l\u2019objectif est d\u2019enrayer et d\u2019inverser le d\u00e9clin de la biodiversit\u00e9, afin de contribuer \u00e0 la \u00ab vision 2050 de vivre en harmonie avec la nature \u00bb.<\/span><\/div>\n<\/div>\n<div class=\"x14z9mp xat24cr x1lziwak x1vvkbs xtlvy1s x126k92a\" style=\"text-align: justify;\">\n<div dir=\"auto\"><span style=\"font-family: verdana, geneva, sans-serif;\">Les experts s\u2019accordent pour dire qu\u2019en C\u00f4te d\u2019Ivoire, plus de 62 % de la population d\u00e9pend directement des services de la nature dans les zones rurales, tandis que la population urbaine et p\u00e9riurbaine, ce sont les revenus et une partie des besoins en \u00e9nergie, en m\u00e9dicaments et autres \u00e9l\u00e9ments essentiels qui sont am\u00e9lior\u00e9s gr\u00e2ce aux ressources biologiques.<\/span><\/div>\n<div dir=\"auto\">\u00a0<\/div>\n<\/div>\n<div class=\"x14z9mp xat24cr x1lziwak x1vvkbs xtlvy1s x126k92a\" style=\"text-align: justify;\">\n<div dir=\"auto\"><span style=\"font-family: verdana, geneva, sans-serif;\">Au niveau mondial, les poissons assureraient 20 % de l\u2019apport prot\u00e9ique \u00e0 environ trois milliards de personnes pendant que 80 % de l\u2019alimentation des \u00eatres humains serait assur\u00e9e par des plantes. De m\u00eame, pr\u00e8s de 80 % des habitants des zones rurales des pays en d\u00e9veloppement aurait recours aux m\u00e9dicaments traditionnels \u00e0 base de plantes pour les soins.<\/span><\/div>\n<div dir=\"auto\">\u00a0<\/div>\n<\/div>\n<div class=\"x14z9mp xat24cr x1lziwak x1vvkbs xtlvy1s x126k92a\">\n<div dir=\"auto\" style=\"text-align: justify;\"><span style=\"font-family: verdana, geneva, sans-serif;\">\u00ab Face \u00e0 de tels d\u00e9fis, nous f\u00e9licitons le Minist\u00e8re en charge de l\u2019Environnement pour l\u2019adoption de cette d\u00e9marche qui est inclusive, ancr\u00e9e dans les r\u00e9alit\u00e9s locales, et tourn\u00e9e vers un d\u00e9veloppement durable et \u00e9quitable \u00bb a d\u00e9clar\u00e9 M. SOHOU Andr\u00e9, repr\u00e9sentant de l\u2019Assembl\u00e9e des R\u00e9gions et Districts de C\u00f4te d\u2019Ivoire (ARDCI).<\/span><\/div>\n<\/div>\n","protected":false},"excerpt":{"rendered":"<p>Face aux d\u00e9r\u00e8glements climatiques et la perte de biodiversit\u00e9, la C\u00f4te d\u2019Ivoire r\u00e9affirme sa volont\u00e9 de b\u00e2tir un avenir en harmonie avec la nature. C\u2019est dans cette dynamique que le [&hellip;]<\/p>\n","protected":false},"author":1,"featured_media":6524,"comment_status":"closed","ping_status":"closed","sticky":false,"template":"","format":"standard","meta":{"_lmt_disableupdate":"no","_lmt_disable":"","pgc_sgb_lightbox_settings":""},"categories":[58],"tags":[],"post_folder":[],"modified_by":"MINEDD","_links":{"self":[{"href":"https:\/\/did-dev.net\/mineddte\/wp-json\/wp\/v2\/posts\/6523"}],"collection":[{"href":"https:\/\/did-dev.net\/mineddte\/wp-json\/wp\/v2\/posts"}],"about":[{"href":"https:\/\/did-dev.net\/mineddte\/wp-json\/wp\/v2\/types\/post"}],"author":[{"embeddable":true,"href":"https:\/\/did-dev.net\/mineddte\/wp-json\/wp\/v2\/users\/1"}],"replies":[{"embeddable":true,"href":"https:\/\/did-dev.net\/mineddte\/wp-json\/wp\/v2\/comments?post=6523"}],"version-history":[{"count":1,"href":"https:\/\/did-dev.net\/mineddte\/wp-json\/wp\/v2\/posts\/6523\/revisions"}],"predecessor-version":[{"id":6525,"href":"https:\/\/did-dev.net\/mineddte\/wp-json\/wp\/v2\/posts\/6523\/revisions\/6525"}],"wp:featuredmedia":[{"embeddable":true,"href":"https:\/\/did-dev.net\/mineddte\/wp-json\/wp\/v2\/media\/6524"}],"wp:attachment":[{"href":"https:\/\/did-dev.net\/mineddte\/wp-json\/wp\/v2\/media?parent=6523"}],"wp:term":[{"taxonomy":"category","embeddable":true,"href":"https:\/\/did-dev.net\/mineddte\/wp-json\/wp\/v2\/categories?post=6523"},{"taxonomy":"post_tag","embeddable":true,"href":"https:\/\/did-dev.net\/mineddte\/wp-json\/wp\/v2\/tags?post=6523"},{"taxonomy":"post_folder","embeddable":true,"href":"https:\/\/did-dev.net\/mineddte\/wp-json\/wp\/v2\/post_folder?post=6523"}],"curies":[{"name":"wp","href":"https:\/\/api.w.org\/{rel}","templated":true}]}}