{"id":6520,"date":"2025-05-09T17:02:55","date_gmt":"2025-05-09T17:02:55","guid":{"rendered":"https:\/\/did-dev.net\/mineddte\/?p=6520"},"modified":"2025-07-15T11:13:18","modified_gmt":"2025-07-15T11:13:18","slug":"africa-qshe-forum-2025-le-ministre-assahore-prime-pour-son-leadership-ecologique","status":"publish","type":"post","link":"https:\/\/did-dev.net\/mineddte\/africa-qshe-forum-2025-le-ministre-assahore-prime-pour-son-leadership-ecologique\/","title":{"rendered":"AFRICA QSHE FORUM 2025 : LE MINISTRE ASSAHOR\u00c9 PRIM\u00c9 POUR SON LEADERSHIP \u00c9COLOGIQUE"},"content":{"rendered":"<div class=\"xdj266r x14z9mp xat24cr x1lziwak x1vvkbs x126k92a\">\u00a0<\/div>\n<div class=\"x14z9mp xat24cr x1lziwak x1vvkbs xtlvy1s x126k92a\" style=\"text-align: justify;\">\n<div dir=\"auto\"><span style=\"font-family: verdana, geneva, sans-serif;\"><img decoding=\"async\" loading=\"lazy\" class=\"alignnone size-full wp-image-6521\" src=\"https:\/\/did-dev.net\/mineddte\/wp-content\/uploads\/2025\/07\/495964342_1808267513347397_4078446132119140069_n-e1752577635482.jpg\" alt=\"\" width=\"2017\" height=\"793\" srcset=\"https:\/\/did-dev.net\/mineddte\/wp-content\/uploads\/2025\/07\/495964342_1808267513347397_4078446132119140069_n-e1752577635482.jpg 2017w, https:\/\/did-dev.net\/mineddte\/wp-content\/uploads\/2025\/07\/495964342_1808267513347397_4078446132119140069_n-e1752577635482-262x103.jpg 262w, https:\/\/did-dev.net\/mineddte\/wp-content\/uploads\/2025\/07\/495964342_1808267513347397_4078446132119140069_n-e1752577635482-844x332.jpg 844w, https:\/\/did-dev.net\/mineddte\/wp-content\/uploads\/2025\/07\/495964342_1808267513347397_4078446132119140069_n-e1752577635482-100x39.jpg 100w, https:\/\/did-dev.net\/mineddte\/wp-content\/uploads\/2025\/07\/495964342_1808267513347397_4078446132119140069_n-e1752577635482-1536x604.jpg 1536w\" sizes=\"(max-width: 2017px) 100vw, 2017px\" \/>\u00c0 l\u2019occasion du lancement de la 3\u1d49 \u00e9dition du Africa QSHE Forum, le Ministre de l\u2019Environnement, du D\u00e9veloppement Durable et de la Transition \u00c9cologique, Monsieur Assahor\u00e9 Konan Jacques, a \u00e9t\u00e9 honor\u00e9 du prestigieux Prix \u00ab Vision verte et leadership pour la transition \u00e9cologique \u00bb, d\u00e9cern\u00e9 lors des Africa Business Awards for Land Restoration, le jeudi 8 mai 2025, \u00e0 l\u2019Espace Latrille Event.<\/span><\/div>\n<div dir=\"auto\">\u00a0<\/div>\n<\/div>\n<div class=\"x14z9mp xat24cr x1lziwak x1vvkbs xtlvy1s x126k92a\" style=\"text-align: justify;\">\n<div dir=\"auto\"><span style=\"font-family: verdana, geneva, sans-serif;\">Ce prix vient saluer une s\u00e9rie d\u2019initiatives fortes et strat\u00e9giques men\u00e9es par le Ministre, notamment le lancement du nouveau Code de l\u2019environnement, outil juridique central de la politique environnementale nationale ; la mobilisation active des r\u00e9gions et districts pour la protection durable des \u00e9cosyst\u00e8mes ; l\u2019appel \u00e0 l\u2019action contre le changement climatique, port\u00e9 \u00e0 l\u2019\u00e9chelle nationale et internationale ; sa participation \u00e0 des forums internationaux, renfor\u00e7ant la voix de la C\u00f4te d\u2019Ivoire sur les enjeux de transition \u00e9cologique ; le renforcement de la coordination administrative, incluant l\u2019implication des 33 pr\u00e9fets de r\u00e9gion dans la mise en \u0153uvre du Code de l\u2019environnement, soulignant l\u2019importance de l\u2019action territoriale pour atteindre les objectifs environnementaux du pays.<\/span><\/div>\n<div dir=\"auto\">\u00a0<\/div>\n<\/div>\n<div class=\"x14z9mp xat24cr x1lziwak x1vvkbs xtlvy1s x126k92a\">\n<div dir=\"auto\" style=\"text-align: justify;\"><span style=\"font-family: verdana, geneva, sans-serif;\">Remis lors de l\u2019\u00e9v\u00e9nement organis\u00e9 par Qualitas CI SA, ce prix traduit la reconnaissance croissante du leadership du Ministre Assahor\u00e9 dans la lutte contre le changement climatique et dans la promotion d\u2019une transition \u00e9cologique inclusive et efficace.<\/span><\/div>\n<\/div>\n","protected":false},"excerpt":{"rendered":"<p>\u00a0 \u00c0 l\u2019occasion du lancement de la 3\u1d49 \u00e9dition du Africa QSHE Forum, le Ministre de l\u2019Environnement, du D\u00e9veloppement Durable et de la Transition \u00c9cologique, Monsieur Assahor\u00e9 Konan Jacques, a [&hellip;]<\/p>\n","protected":false},"author":1,"featured_media":6521,"comment_status":"closed","ping_status":"closed","sticky":false,"template":"","format":"standard","meta":{"_lmt_disableupdate":"no","_lmt_disable":"","pgc_sgb_lightbox_settings":""},"categories":[58],"tags":[],"post_folder":[],"modified_by":"MINEDD","_links":{"self":[{"href":"https:\/\/did-dev.net\/mineddte\/wp-json\/wp\/v2\/posts\/6520"}],"collection":[{"href":"https:\/\/did-dev.net\/mineddte\/wp-json\/wp\/v2\/posts"}],"about":[{"href":"https:\/\/did-dev.net\/mineddte\/wp-json\/wp\/v2\/types\/post"}],"author":[{"embeddable":true,"href":"https:\/\/did-dev.net\/mineddte\/wp-json\/wp\/v2\/users\/1"}],"replies":[{"embeddable":true,"href":"https:\/\/did-dev.net\/mineddte\/wp-json\/wp\/v2\/comments?post=6520"}],"version-history":[{"count":1,"href":"https:\/\/did-dev.net\/mineddte\/wp-json\/wp\/v2\/posts\/6520\/revisions"}],"predecessor-version":[{"id":6522,"href":"https:\/\/did-dev.net\/mineddte\/wp-json\/wp\/v2\/posts\/6520\/revisions\/6522"}],"wp:featuredmedia":[{"embeddable":true,"href":"https:\/\/did-dev.net\/mineddte\/wp-json\/wp\/v2\/media\/6521"}],"wp:attachment":[{"href":"https:\/\/did-dev.net\/mineddte\/wp-json\/wp\/v2\/media?parent=6520"}],"wp:term":[{"taxonomy":"category","embeddable":true,"href":"https:\/\/did-dev.net\/mineddte\/wp-json\/wp\/v2\/categories?post=6520"},{"taxonomy":"post_tag","embeddable":true,"href":"https:\/\/did-dev.net\/mineddte\/wp-json\/wp\/v2\/tags?post=6520"},{"taxonomy":"post_folder","embeddable":true,"href":"https:\/\/did-dev.net\/mineddte\/wp-json\/wp\/v2\/post_folder?post=6520"}],"curies":[{"name":"wp","href":"https:\/\/api.w.org\/{rel}","templated":true}]}}