{"id":6517,"date":"2025-07-08T18:48:55","date_gmt":"2025-07-08T18:48:55","guid":{"rendered":"https:\/\/did-dev.net\/mineddte\/?p=6517"},"modified":"2025-07-15T10:57:11","modified_gmt":"2025-07-15T10:57:11","slug":"cop30-sur-le-climat-la-cote-divoire-prepare-sa-participation-2","status":"publish","type":"post","link":"https:\/\/did-dev.net\/mineddte\/cop30-sur-le-climat-la-cote-divoire-prepare-sa-participation-2\/","title":{"rendered":"COP30 SUR LE CLIMAT : LA C\u00d4TE D\u2019IVOIRE PR\u00c9PARE SA PARTICIPATION"},"content":{"rendered":"<div class=\"xdj266r x14z9mp xat24cr x1lziwak x1vvkbs x126k92a\">\u00a0<\/div>\n<div class=\"x14z9mp xat24cr x1lziwak x1vvkbs xtlvy1s x126k92a\">\n<div dir=\"auto\"><img decoding=\"async\" loading=\"lazy\" class=\"alignnone size-full wp-image-6505\" src=\"https:\/\/did-dev.net\/mineddte\/wp-content\/uploads\/2025\/05\/cop30-01-scaled.jpg\" alt=\"\" width=\"2560\" height=\"1003\" srcset=\"https:\/\/did-dev.net\/mineddte\/wp-content\/uploads\/2025\/05\/cop30-01-scaled.jpg 2560w, https:\/\/did-dev.net\/mineddte\/wp-content\/uploads\/2025\/05\/cop30-01-262x103.jpg 262w, https:\/\/did-dev.net\/mineddte\/wp-content\/uploads\/2025\/05\/cop30-01-847x332.jpg 847w, https:\/\/did-dev.net\/mineddte\/wp-content\/uploads\/2025\/05\/cop30-01-100x39.jpg 100w, https:\/\/did-dev.net\/mineddte\/wp-content\/uploads\/2025\/05\/cop30-01-1536x602.jpg 1536w, https:\/\/did-dev.net\/mineddte\/wp-content\/uploads\/2025\/05\/cop30-01-2048x803.jpg 2048w\" sizes=\"(max-width: 2560px) 100vw, 2560px\" \/><\/div>\n<div dir=\"auto\" style=\"text-align: justify;\"><span style=\"font-family: verdana, geneva, sans-serif;\">La C\u00f4te d\u2019Ivoire se mobilise pour une participation efficace \u00e0 la 30\u1d49 Conf\u00e9rence des Parties sur les changements climatiques (COP30), pr\u00e9vue du 10 au 21 novembre 2025 \u00e0 Bel\u00e9m, au Br\u00e9sil.<\/span><\/div>\n<div dir=\"auto\">\u00a0<\/div>\n<div dir=\"auto\" style=\"text-align: justify;\"><span style=\"font-family: verdana, geneva, sans-serif;\">Un atelier d\u2019information a \u00e9t\u00e9 organis\u00e9 ce jeudi 8 mai 2025 \u00e0 Abidjan, sous la pr\u00e9sidence de M. Lagaud Alex Mayeul, Conseiller Technique qui repr\u00e9sentait le Ministre de l\u2019Environnement, du D\u00e9veloppement Durable et de la Transition \u00c9cologique.<\/span><\/div>\n<div dir=\"auto\">\u00a0<\/div>\n<div dir=\"auto\" style=\"text-align: justify;\"><span style=\"font-family: verdana, geneva, sans-serif;\">Il a rappel\u00e9 dans son mot d\u2019ouverture, l\u2019importance de l\u2019\u00e9v\u00e9nement et la n\u00e9cessit\u00e9 d\u2019une pr\u00e9paration rigoureuse pour assurer la visibilit\u00e9 et l\u2019impact des actions ivoiriennes en mati\u00e8re de lutte contre le changement climatique.<\/span><\/div>\n<div dir=\"auto\">\u00a0<\/div>\n<div dir=\"auto\" style=\"text-align: justify;\"><span style=\"font-family: verdana, geneva, sans-serif;\">\u00ab Il s\u2019agit pour la C\u00f4te d\u2019Ivoire de faire entendre sa voix sur toutes les activit\u00e9s qui se d\u00e9rouleront lors de ces rencontres. C\u2019est pourquoi, il est important de vous informer sur les diff\u00e9rents \u00bb, a-t-il d\u00e9clar\u00e9.<\/span><\/div>\n<div dir=\"auto\" style=\"text-align: justify;\"><span style=\"font-family: verdana, geneva, sans-serif;\">En effet, la COP30 constitue une opportunit\u00e9 pour le pays de r\u00e9affirmer son engagement en faveur du climat et de renforcer sa coop\u00e9ration avec les partenaires internationaux. Pour garantir cette approche, le comit\u00e9 d\u2019organisation m\u00e8ne un travail minutieux pour r\u00e9ussir les \u00e9tapes suivantes : accr\u00e9ditation des d\u00e9l\u00e9gu\u00e9s, organisation logistique, structuration des interventions et mise en place d\u2019une coordination efficace des activit\u00e9s et agendas des parties prenantes.<\/span><\/div>\n<div dir=\"auto\">\u00a0<\/div>\n<div dir=\"auto\" style=\"text-align: justify;\"><span style=\"font-family: verdana, geneva, sans-serif;\">Par ailleurs, le Minist\u00e8re mobilise un Pavillon de 180 m2 incluant des bureaux, une salle de conf\u00e9rence, deux pr\u00e9sentoirs, un espace B&amp;B, un secr\u00e9tariat et une salle VIP. Afin de centraliser les actions sur le terrain, chaque participant a \u00e9t\u00e9 invit\u00e9 \u00e0 fournir ses activit\u00e9s pr\u00e9visionnelles. Des sessions de formations des n\u00e9gociateurs ivoiriens sont pr\u00e9vues pour les pr\u00e9paratifs.<\/span><\/div>\n<div dir=\"auto\">\u00a0<\/div>\n<div dir=\"auto\" style=\"text-align: justify;\"><span style=\"font-family: verdana, geneva, sans-serif;\">Il faut rappeler qu\u2019une mission pr\u00e9liminaire a \u00e9t\u00e9 r\u00e9alis\u00e9e au Br\u00e9sil en vue d\u2019anticiper sur les d\u00e9fis logistiques li\u00e9s \u00e0 l\u2019h\u00e9bergement et au transport. La d\u00e9l\u00e9gation en mission a eu des \u00e9changes avec les organisateurs br\u00e9siliens et les ambassades. Ceux-ci ont permis d\u2019obtenir des clarifications sur les modalit\u00e9s de participation et d\u2019accueillir la d\u00e9l\u00e9gation ivoirienne dans des conditions optimales, \u00e0 en croire l\u2019un des acteurs de la mission, Monsieur Assamoi Eric-Michel, Directeur de la Lutte contre le Changement Climatique.<\/span><\/div>\n<\/div>\n","protected":false},"excerpt":{"rendered":"<p>\u00a0 La C\u00f4te d\u2019Ivoire se mobilise pour une participation efficace \u00e0 la 30\u1d49 Conf\u00e9rence des Parties sur les changements climatiques (COP30), pr\u00e9vue du 10 au 21 novembre 2025 \u00e0 Bel\u00e9m, [&hellip;]<\/p>\n","protected":false},"author":1,"featured_media":6505,"comment_status":"closed","ping_status":"closed","sticky":false,"template":"","format":"standard","meta":{"_lmt_disableupdate":"no","_lmt_disable":"","pgc_sgb_lightbox_settings":""},"categories":[58],"tags":[],"post_folder":[],"modified_by":"MINEDD","_links":{"self":[{"href":"https:\/\/did-dev.net\/mineddte\/wp-json\/wp\/v2\/posts\/6517"}],"collection":[{"href":"https:\/\/did-dev.net\/mineddte\/wp-json\/wp\/v2\/posts"}],"about":[{"href":"https:\/\/did-dev.net\/mineddte\/wp-json\/wp\/v2\/types\/post"}],"author":[{"embeddable":true,"href":"https:\/\/did-dev.net\/mineddte\/wp-json\/wp\/v2\/users\/1"}],"replies":[{"embeddable":true,"href":"https:\/\/did-dev.net\/mineddte\/wp-json\/wp\/v2\/comments?post=6517"}],"version-history":[{"count":1,"href":"https:\/\/did-dev.net\/mineddte\/wp-json\/wp\/v2\/posts\/6517\/revisions"}],"predecessor-version":[{"id":6519,"href":"https:\/\/did-dev.net\/mineddte\/wp-json\/wp\/v2\/posts\/6517\/revisions\/6519"}],"wp:featuredmedia":[{"embeddable":true,"href":"https:\/\/did-dev.net\/mineddte\/wp-json\/wp\/v2\/media\/6505"}],"wp:attachment":[{"href":"https:\/\/did-dev.net\/mineddte\/wp-json\/wp\/v2\/media?parent=6517"}],"wp:term":[{"taxonomy":"category","embeddable":true,"href":"https:\/\/did-dev.net\/mineddte\/wp-json\/wp\/v2\/categories?post=6517"},{"taxonomy":"post_tag","embeddable":true,"href":"https:\/\/did-dev.net\/mineddte\/wp-json\/wp\/v2\/tags?post=6517"},{"taxonomy":"post_folder","embeddable":true,"href":"https:\/\/did-dev.net\/mineddte\/wp-json\/wp\/v2\/post_folder?post=6517"}],"curies":[{"name":"wp","href":"https:\/\/api.w.org\/{rel}","templated":true}]}}