{"id":6504,"date":"2025-05-07T15:16:59","date_gmt":"2025-05-07T15:16:59","guid":{"rendered":"https:\/\/did-dev.net\/mineddte\/?p=6504"},"modified":"2025-05-09T15:23:26","modified_gmt":"2025-05-09T15:23:26","slug":"secteur-anacarde-et-manioc-une-etude-sur-lengagement-du-secteur-prive-dans-la-mise-en-oeuvre-dinitiatives-climatiques-au-coeur-dun-atelier","status":"publish","type":"post","link":"https:\/\/did-dev.net\/mineddte\/secteur-anacarde-et-manioc-une-etude-sur-lengagement-du-secteur-prive-dans-la-mise-en-oeuvre-dinitiatives-climatiques-au-coeur-dun-atelier\/","title":{"rendered":"SECTEUR ANACARDE ET MANIOC\u00a0: UNE ETUDE SUR L\u2019ENGAGEMENT DU SECTEUR PRIVE DANS LA MISE EN \u0152UVRE D\u2019INITIATIVES CLIMATIQUES AU C\u0152UR D\u2019UN ATELIER"},"content":{"rendered":"<div class=\"xdj266r x11i5rnm xat24cr x1mh8g0r x1vvkbs x126k92a\">\n<div dir=\"auto\" style=\"text-align: justify;\">\n<div class=\"xdj266r x11i5rnm xat24cr x1mh8g0r x1vvkbs x126k92a\">\n<div dir=\"auto\">\n<p style=\"text-align: justify;\"><span style=\"font-family: verdana, geneva, sans-serif;\">Un atelier a r\u00e9uni plusieurs acteurs du secteur priv\u00e9\u00a0 sur leur contribution au financement des actions de lutte contre le changement climatique dans les fili\u00e8res manioc et anacarde le mardi 06 mai 2025, \u00e0 l\u2019h\u00f4tel Tiama au Plateau.<\/span><\/p>\n<p style=\"text-align: justify;\"><span style=\"font-family: verdana, geneva, sans-serif;\">\u00a0La rencontre a \u00e9t\u00e9 pr\u00e9sid\u00e9e par Monsieur N\u2019Guessan Rodrigue, Directeur du D\u00e9veloppement rural \u00a0au Minist\u00e8re d\u2019Etat, Minist\u00e8re de l\u2019Agriculture, du D\u00e9veloppement rural et des Productions vivri\u00e8res en pr\u00e9sence du Repr\u00e9sentant r\u00e9sident adjoint du PNUD, Ga\u00ebl Olivier.<\/span><\/p>\n<p style=\"text-align: justify;\"><span style=\"font-family: verdana, geneva, sans-serif;\">La\u00a0 C\u00f4te d\u2019Ivoire s\u2019est engag\u00e9e depuis 2020 dans le processus d\u2019\u00e9laboration de son Plan National d\u2019Adaptation (PNA). Dans ce contexte, il b\u00e9n\u00e9ficie du \u00ab\u00a0Programme d\u2019appui \u00e0 l\u2019intensification de l\u2019ambition climatique pour l\u2019utilisation des terres et l\u2019agriculture \u00e0 travers les Contributions D\u00e9termin\u00e9es au niveau National (CDN) et les Plans nationaux d\u2019adaptation (PNA)\u00a0\u00bb, en abr\u00e9g\u00e9 SCALA. Ce programme a pour objectif de soutenir les actions climatiques transformatrices dans les secteurs de l&#8217;utilisation des terres et de l&#8217;agriculture afin de r\u00e9duire les \u00e9missions de gaz \u00e0 effet de serre et\/ou d&#8217;accro\u00eetre les absorptions, ainsi que de renforcer la r\u00e9silience et la capacit\u00e9 d&#8217;adaptation au changement climatique dans les 12 pays participants dont la C\u00f4te d\u2019Ivoire. SCALA est financ\u00e9 par le minist\u00e8re f\u00e9d\u00e9ral allemand de l&#8217;Environnement, de la Protection de la nature et de la S\u00e9curit\u00e9 nucl\u00e9aire (BMU) et mis en \u0153uvre conjointement par le PNUD et la FAO.\u00a0\u00a0<\/span><\/p>\n<p style=\"text-align: justify;\"><span style=\"font-family: verdana, geneva, sans-serif;\">Le\u00a0 programme SCALA\u00a0 a identifi\u00e9 des productions de l\u2019anacarde et du manioc comme\u00a0 pr\u00e9sentant le plus d\u2019enjeux en mati\u00e8re climatique. Ces deux\u00a0 fili\u00e8res d\u00e9tiennent un grand potentiel transformationnel et un niveau d\u2019action encore limit\u00e9 selon une analyse multicrit\u00e8re adapt\u00e9e du Climate Action Review Tool, SCALA, PNUD, 2023.\u00a0\u00a0<\/span><\/p>\n<p style=\"text-align: justify;\"><span style=\"font-family: verdana, geneva, sans-serif;\">Selon le Directeur G\u00e9n\u00e9ral du D\u00e9veloppement rural, les productions du manioc et de l\u2019anacarde repr\u00e9sentent des piliers de la strat\u00e9gie de d\u00e9veloppement. Face \u00e0 la menace des changements climatiques, le MEMINADERPV accentue ses actions sur la r\u00e9silience.<\/span><\/p>\n<p style=\"text-align: justify;\"><span style=\"font-family: verdana, geneva, sans-serif;\"><em>\u00ab\u00a0Les deux fili\u00e8res font vivre pr\u00e8s de deux millions de personnes dans notre pays. La priorit\u00e9 est d\u2019assurer leur adaptation voir leur r\u00e9silience afin qu\u2019elles puissent continuer \u00e0 jouer leurs r\u00f4les socio-\u00e9conomiques. \u00a0Car le MEMINADERPV est pleinement engag\u00e9 dans la transformation structurelle du secteur agricole en tenant compte des enjeux climatiques.\u00a0\u00bb, <\/em>a-t-il rassur\u00e9.<\/span><\/p>\n<p style=\"text-align: justify;\"><span style=\"font-family: verdana, geneva, sans-serif;\">Monsieur N\u2019Guessan a par ailleurs invit\u00e9 le secteur priv\u00e9 constitu\u00e9 entre autres des entreprises agricoles, des institutions financi\u00e8res, des transformateurs, des exportateurs, etc, \u00e0 jouer un r\u00f4le crucial dans la mise en \u0153uvre des solutions climatiques innovantes, inclusives \u00e0 fort impact.<\/span><\/p>\n<p style=\"text-align: justify;\"><span style=\"font-family: verdana, geneva, sans-serif;\">Le projet SCALA vise \u00e0 traduire les priorit\u00e9s agricoles des CDN et des PNA en actions concr\u00e8tes et transformatrices.\u00a0 Parmi les r\u00e9sultats \u00e0 long terme, figure la participation accrue du secteur priv\u00e9 \u00e0 l\u2019action climatique en mati\u00e8re d\u2019utilisation des terres et d\u2019agriculture.<\/span><\/p>\n<p style=\"text-align: justify;\"><span style=\"font-family: verdana, geneva, sans-serif;\">Pour sa part, au nom du PNUD, Ga\u00ebl Olivier\u00a0 a indiqu\u00e9 que ce r\u00e9sultat qui fait l\u2019objet de l\u2019atelier est une force pour la dynamique \u00e9conomique du pays. Tout en r\u00e9affirmant l\u2019engagement de l\u2019institution onusienne aupr\u00e8s de ses partenaires en vue de les aider \u00e0 aider \u00e0 d\u00e9velopper des opportunit\u00e9s dans les secteurs du march\u00e9 offrant des perspectives de croissance durable et promouvoir des opportunit\u00e9s d\u2019investissement ainsi que des mod\u00e8les d\u2019affaires durables.<\/span><\/p>\n<p style=\"text-align: justify;\"><span style=\"font-family: verdana, geneva, sans-serif;\">Il a aussi signifi\u00e9 que cette \u00e9tude pour l\u2019engagement du secteur priv\u00e9 dans l\u2019action climatique a \u00e9t\u00e9 men\u00e9e conjointement dans trois pays pilotes : le Cambodge, l\u2019\u00c9thiopie et la C\u00f4te d\u2019Ivoire pour laquelle le consortium Kinome-Horus a \u00e9t\u00e9 mandat\u00e9, en partenariat avec Green Invest Africa en C\u00f4te d\u2019Ivoire.<\/span><\/p>\n<p style=\"text-align: justify;\"><span style=\"font-family: verdana, geneva, sans-serif;\">Dans l\u2019ensemble, les r\u00e9flexions \u00e9taient relatives \u00e0 l\u2019identification des points d\u2019entr\u00e9e, les barri\u00e8res, d\u00e9fis et solutions pour l\u2019engagement du secteur priv\u00e9 dans l\u2019action climatique.<\/span><\/p>\n<p style=\"text-align: justify;\"><span style=\"font-family: verdana, geneva, sans-serif;\">Il faut noter la participation d\u2019une soixantaine de personnes.<\/span><\/p>\n<\/div>\n<\/div>\n<\/div>\n<\/div>\n","protected":false},"excerpt":{"rendered":"<p>Un atelier a r\u00e9uni plusieurs acteurs du secteur priv\u00e9\u00a0 sur leur contribution au financement des actions de lutte contre le changement climatique dans les fili\u00e8res manioc et anacarde le mardi [&hellip;]<\/p>\n","protected":false},"author":1,"featured_media":6507,"comment_status":"closed","ping_status":"closed","sticky":false,"template":"","format":"standard","meta":{"_lmt_disableupdate":"no","_lmt_disable":"","pgc_sgb_lightbox_settings":""},"categories":[58],"tags":[],"post_folder":[],"modified_by":"MINEDD","_links":{"self":[{"href":"https:\/\/did-dev.net\/mineddte\/wp-json\/wp\/v2\/posts\/6504"}],"collection":[{"href":"https:\/\/did-dev.net\/mineddte\/wp-json\/wp\/v2\/posts"}],"about":[{"href":"https:\/\/did-dev.net\/mineddte\/wp-json\/wp\/v2\/types\/post"}],"author":[{"embeddable":true,"href":"https:\/\/did-dev.net\/mineddte\/wp-json\/wp\/v2\/users\/1"}],"replies":[{"embeddable":true,"href":"https:\/\/did-dev.net\/mineddte\/wp-json\/wp\/v2\/comments?post=6504"}],"version-history":[{"count":1,"href":"https:\/\/did-dev.net\/mineddte\/wp-json\/wp\/v2\/posts\/6504\/revisions"}],"predecessor-version":[{"id":6513,"href":"https:\/\/did-dev.net\/mineddte\/wp-json\/wp\/v2\/posts\/6504\/revisions\/6513"}],"wp:featuredmedia":[{"embeddable":true,"href":"https:\/\/did-dev.net\/mineddte\/wp-json\/wp\/v2\/media\/6507"}],"wp:attachment":[{"href":"https:\/\/did-dev.net\/mineddte\/wp-json\/wp\/v2\/media?parent=6504"}],"wp:term":[{"taxonomy":"category","embeddable":true,"href":"https:\/\/did-dev.net\/mineddte\/wp-json\/wp\/v2\/categories?post=6504"},{"taxonomy":"post_tag","embeddable":true,"href":"https:\/\/did-dev.net\/mineddte\/wp-json\/wp\/v2\/tags?post=6504"},{"taxonomy":"post_folder","embeddable":true,"href":"https:\/\/did-dev.net\/mineddte\/wp-json\/wp\/v2\/post_folder?post=6504"}],"curies":[{"name":"wp","href":"https:\/\/api.w.org\/{rel}","templated":true}]}}