{"id":6503,"date":"2025-05-08T19:03:02","date_gmt":"2025-05-08T19:03:02","guid":{"rendered":"https:\/\/did-dev.net\/mineddte\/?p=6503"},"modified":"2025-08-08T15:17:10","modified_gmt":"2025-08-08T15:17:10","slug":"africa-qshe-forum-lecologique-au-coeur-de-la-3eme-edition","status":"publish","type":"post","link":"https:\/\/did-dev.net\/mineddte\/africa-qshe-forum-lecologique-au-coeur-de-la-3eme-edition\/","title":{"rendered":"AFRICA QSHE FORUM : L\u2019ECOLOGIQUE AU C\u0152UR DE LA 3EME EDITION"},"content":{"rendered":"<div class=\"xdj266r x11i5rnm xat24cr x1mh8g0r x1vvkbs x126k92a\">\n<div dir=\"auto\" style=\"text-align: justify;\">\n<div class=\"xdj266r x11i5rnm xat24cr x1mh8g0r x1vvkbs x126k92a\">\n<div dir=\"auto\">\n<p style=\"text-align: justify;\"><span style=\"font-family: verdana, geneva, sans-serif;\">L\u2019espace Latrille Events des 2 Plateaux a accueilli, ce 8 mai 2025, la 3\u00e8me \u00e9dition du forum Africa QSHE (Qualit\u00e9, S\u00e9curit\u00e9, Hygi\u00e8ne et Environnement), une initiative port\u00e9e par Qualitas CI sous le th\u00e8me \u00ab Acc\u00e9l\u00e9rer la transition \u00e9cologique pour une Afrique r\u00e9siliente et durable : innovations, strat\u00e9gies et collaborations \u00bb.<\/span><\/p>\n<p style=\"text-align: justify;\"><span style=\"font-family: verdana, geneva, sans-serif;\">Cette rencontre, devenue un \u00e9v\u00e9nement incontournable, met en lumi\u00e8re les enjeux de la qualit\u00e9, de la s\u00e9curit\u00e9 au travail, de l\u2019hygi\u00e8ne environnementale et, cette ann\u00e9e plus que jamais, de la transition \u00e9cologique. L\u2019objectif est clair : unir les forces des acteurs publics, des entreprises, des experts techniques, des organisations de la soci\u00e9t\u00e9 civile et des partenaires internationaux pour construire un avenir plus durable.<\/span><\/p>\n<p style=\"text-align: justify;\"><span style=\"font-family: verdana, geneva, sans-serif;\">L\u2019allocution de M. Djibril Michael Secong, Commissaire G\u00e9n\u00e9ral du forum, a mis l\u2019accent sur l\u2019engagement des nombreux participants et a rendu hommage au Ministre Assahor\u00e9 Konan Jacques, dont la vision en faveur de l\u2019\u00e9cologie a \u00e9t\u00e9 f\u00e9licit\u00e9. Il a rappel\u00e9 que la transition \u00e9cologique est une n\u00e9cessit\u00e9 face \u00e0 la d\u00e9gradation des terres, la pression sur les ressources et l\u2019urgence climatique croissante.<\/span><\/p>\n<p style=\"text-align: justify;\"><span style=\"font-family: verdana, geneva, sans-serif;\">Repr\u00e9sentant le Minist\u00e8re de l\u2019Environnement, du D\u00e9veloppement Durable et de la Transition \u00c9cologique, M. Parfait Kouadio a soulign\u00e9 que la transition \u00e9cologique repr\u00e9sente une opportunit\u00e9 majeure pour repenser nos modes de production, de consommation et de gouvernance. Il a \u00e9galement rappel\u00e9 l\u2019importance des CDN 3.0, actuellement en cours d\u2019\u00e9laboration et align\u00e9es avec le PND Vert 2025-2030, qui marqueront une nouvelle \u00e9tape dans l\u2019engagement du pays pour un d\u00e9veloppement durable.<\/span><\/p>\n<p style=\"text-align: justify;\"><span style=\"font-family: verdana, geneva, sans-serif;\">Le forum se poursuivra jusqu\u2019au samedi 10 mai 2025, avec des \u00e9changes enrichissants autour des leviers d\u2019innovation technologique, des meilleures pratiques en management de la qualit\u00e9 et s\u00e9curit\u00e9 environnementale, ainsi que des solutions de financement vert pour accompagner l\u2019\u00e9mergence d\u2019une \u00e9conomie bas carbone sur le continent.<\/span><\/p>\n<p style=\"text-align: justify;\"><span style=\"font-family: verdana, geneva, sans-serif;\">L\u2019\u00e9v\u00e9nement a \u00e9galement \u00e9t\u00e9 marqu\u00e9 par la remise des \u00ab Africa Business Awards for Lands Restoration \u00bb, qui r\u00e9compensent les entreprises africaines engag\u00e9es dans la restauration des terres et l\u2019am\u00e9lioration des performances \u00e9cologiques.<\/span><\/p>\n<\/div>\n<\/div>\n<\/div>\n<\/div>\n","protected":false},"excerpt":{"rendered":"<p>L\u2019espace Latrille Events des 2 Plateaux a accueilli, ce 8 mai 2025, la 3\u00e8me \u00e9dition du forum Africa QSHE (Qualit\u00e9, S\u00e9curit\u00e9, Hygi\u00e8ne et Environnement), une initiative port\u00e9e par Qualitas CI [&hellip;]<\/p>\n","protected":false},"author":1,"featured_media":6506,"comment_status":"closed","ping_status":"closed","sticky":false,"template":"","format":"standard","meta":{"_lmt_disableupdate":"no","_lmt_disable":"","pgc_sgb_lightbox_settings":""},"categories":[58],"tags":[],"post_folder":[],"modified_by":"MINEDD","_links":{"self":[{"href":"https:\/\/did-dev.net\/mineddte\/wp-json\/wp\/v2\/posts\/6503"}],"collection":[{"href":"https:\/\/did-dev.net\/mineddte\/wp-json\/wp\/v2\/posts"}],"about":[{"href":"https:\/\/did-dev.net\/mineddte\/wp-json\/wp\/v2\/types\/post"}],"author":[{"embeddable":true,"href":"https:\/\/did-dev.net\/mineddte\/wp-json\/wp\/v2\/users\/1"}],"replies":[{"embeddable":true,"href":"https:\/\/did-dev.net\/mineddte\/wp-json\/wp\/v2\/comments?post=6503"}],"version-history":[{"count":1,"href":"https:\/\/did-dev.net\/mineddte\/wp-json\/wp\/v2\/posts\/6503\/revisions"}],"predecessor-version":[{"id":6512,"href":"https:\/\/did-dev.net\/mineddte\/wp-json\/wp\/v2\/posts\/6503\/revisions\/6512"}],"wp:featuredmedia":[{"embeddable":true,"href":"https:\/\/did-dev.net\/mineddte\/wp-json\/wp\/v2\/media\/6506"}],"wp:attachment":[{"href":"https:\/\/did-dev.net\/mineddte\/wp-json\/wp\/v2\/media?parent=6503"}],"wp:term":[{"taxonomy":"category","embeddable":true,"href":"https:\/\/did-dev.net\/mineddte\/wp-json\/wp\/v2\/categories?post=6503"},{"taxonomy":"post_tag","embeddable":true,"href":"https:\/\/did-dev.net\/mineddte\/wp-json\/wp\/v2\/tags?post=6503"},{"taxonomy":"post_folder","embeddable":true,"href":"https:\/\/did-dev.net\/mineddte\/wp-json\/wp\/v2\/post_folder?post=6503"}],"curies":[{"name":"wp","href":"https:\/\/api.w.org\/{rel}","templated":true}]}}