{"id":6502,"date":"2025-05-09T15:00:16","date_gmt":"2025-05-09T15:00:16","guid":{"rendered":"https:\/\/did-dev.net\/mineddte\/?p=6502"},"modified":"2025-05-09T15:00:16","modified_gmt":"2025-05-09T15:00:16","slug":"cop30-sur-le-climat-la-cote-divoire-prepare-sa-participation","status":"publish","type":"post","link":"https:\/\/did-dev.net\/mineddte\/cop30-sur-le-climat-la-cote-divoire-prepare-sa-participation\/","title":{"rendered":"COP30 SUR LE CLIMAT : LA COTE D\u2019IVOIRE PREPARE SA PARTICIPATION"},"content":{"rendered":"<p style=\"text-align: justify;\"><span style=\"font-family: verdana, geneva, sans-serif;\">La C\u00f4te d\u2019Ivoire se mobilise pour une participation efficace \u00e0 la 30<sup>\u00e8me<\/sup> Conf\u00e9rence des Parties sur les changements climatiques (COP30), pr\u00e9vue du 10 au 21 novembre 2025 \u00e0 Bel\u00e9m, au Br\u00e9sil.<\/span><\/p>\n<p style=\"text-align: justify;\"><span style=\"font-family: verdana, geneva, sans-serif;\">Un atelier d\u2019information a \u00e9t\u00e9 organis\u00e9 ce jeudi 8 mai 2025, \u00e0 Abidjan, sous la pr\u00e9sidence de M. Lagaud Alex Mayeul, Conseiller Technique qui repr\u00e9sentait le Ministre de l\u2019Environnement, du D\u00e9veloppement Durable et de la Transition \u00c9cologique.<\/span><\/p>\n<p style=\"text-align: justify;\"><span style=\"font-family: verdana, geneva, sans-serif;\">Il a rappel\u00e9 dans son mot d\u2019ouverture, l\u2019importance de l\u2019\u00e9v\u00e9nement et la n\u00e9cessit\u00e9 d\u2019une pr\u00e9paration rigoureuse pour assurer la visibilit\u00e9 et l\u2019impact des actions ivoiriennes en mati\u00e8re de lutte contre le changement climatique.<\/span><\/p>\n<p style=\"text-align: justify;\"><span style=\"font-family: verdana, geneva, sans-serif;\">\u00ab Il s\u2019agit pour la C\u00f4te d\u2019Ivoire de faire entendre sa voix sur toutes les activit\u00e9s qui se d\u00e9rouleront lors de ces rencontres. C\u2019est pourquoi, il est important de vous informer sur les diff\u00e9rents \u00bb, a-t-il d\u00e9clar\u00e9.<\/span><\/p>\n<p style=\"text-align: justify;\"><span style=\"font-family: verdana, geneva, sans-serif;\">En effet, la COP30 constitue une opportunit\u00e9 pour le pays de r\u00e9affirmer son engagement en faveur du climat et de renforcer sa coop\u00e9ration avec les partenaires internationaux. Pour garantir cette approche, le comit\u00e9 d\u2019organisation m\u00e8ne un travail minutieux pour r\u00e9ussir les \u00e9tapes suivantes : accr\u00e9ditation des d\u00e9l\u00e9gu\u00e9s, organisation logistique, structuration des interventions et mise en place d\u2019une coordination efficace des activit\u00e9s et agendas des parties prenantes.<\/span><\/p>\n<p style=\"text-align: justify;\"><span style=\"font-family: verdana, geneva, sans-serif;\">Par ailleurs, le Minist\u00e8re mobilise un Pavillon de 180 m2 incluant des bureaux, une salle de conf\u00e9rence, deux pr\u00e9sentoirs, un espace B&amp;B, un secr\u00e9tariat et une salle VIP. Afin de centraliser les actions sur le terrain, chaque participant a \u00e9t\u00e9 invit\u00e9 \u00e0 fournir ses activit\u00e9s pr\u00e9visionnelles. Des sessions de formations des n\u00e9gociateurs ivoiriens sont pr\u00e9vues pour les pr\u00e9paratifs.<\/span><\/p>\n<p style=\"text-align: justify;\"><span style=\"font-family: verdana, geneva, sans-serif;\">Il faut rappeler qu\u2019une mission pr\u00e9liminaire a \u00e9t\u00e9 r\u00e9alis\u00e9e au Br\u00e9sil en vue d\u2019anticiper sur les d\u00e9fis logistiques li\u00e9s \u00e0 l\u2019h\u00e9bergement et au transport. La d\u00e9l\u00e9gation en mission a eu des \u00e9changes avec les organisateurs br\u00e9siliens et les ambassades. Ceux-ci ont permis d\u2019obtenir des clarifications sur les modalit\u00e9s de participation et d\u2019accueillir la d\u00e9l\u00e9gation ivoirienne dans des conditions optimales, \u00e0 en croire l\u2019un des acteurs de la mission, Monsieur Assamoi Eric-Michel, Directeur de la Lutte contre le Changement Climatique.<\/span><\/p>\n","protected":false},"excerpt":{"rendered":"<p>La C\u00f4te d\u2019Ivoire se mobilise pour une participation efficace \u00e0 la 30\u00e8me Conf\u00e9rence des Parties sur les changements climatiques (COP30), pr\u00e9vue du 10 au 21 novembre 2025 \u00e0 Bel\u00e9m, au [&hellip;]<\/p>\n","protected":false},"author":1,"featured_media":6505,"comment_status":"closed","ping_status":"closed","sticky":false,"template":"","format":"standard","meta":{"_lmt_disableupdate":"no","_lmt_disable":"","pgc_sgb_lightbox_settings":""},"categories":[58,45],"tags":[],"post_folder":[],"modified_by":"MINEDD","_links":{"self":[{"href":"https:\/\/did-dev.net\/mineddte\/wp-json\/wp\/v2\/posts\/6502"}],"collection":[{"href":"https:\/\/did-dev.net\/mineddte\/wp-json\/wp\/v2\/posts"}],"about":[{"href":"https:\/\/did-dev.net\/mineddte\/wp-json\/wp\/v2\/types\/post"}],"author":[{"embeddable":true,"href":"https:\/\/did-dev.net\/mineddte\/wp-json\/wp\/v2\/users\/1"}],"replies":[{"embeddable":true,"href":"https:\/\/did-dev.net\/mineddte\/wp-json\/wp\/v2\/comments?post=6502"}],"version-history":[{"count":1,"href":"https:\/\/did-dev.net\/mineddte\/wp-json\/wp\/v2\/posts\/6502\/revisions"}],"predecessor-version":[{"id":6509,"href":"https:\/\/did-dev.net\/mineddte\/wp-json\/wp\/v2\/posts\/6502\/revisions\/6509"}],"wp:featuredmedia":[{"embeddable":true,"href":"https:\/\/did-dev.net\/mineddte\/wp-json\/wp\/v2\/media\/6505"}],"wp:attachment":[{"href":"https:\/\/did-dev.net\/mineddte\/wp-json\/wp\/v2\/media?parent=6502"}],"wp:term":[{"taxonomy":"category","embeddable":true,"href":"https:\/\/did-dev.net\/mineddte\/wp-json\/wp\/v2\/categories?post=6502"},{"taxonomy":"post_tag","embeddable":true,"href":"https:\/\/did-dev.net\/mineddte\/wp-json\/wp\/v2\/tags?post=6502"},{"taxonomy":"post_folder","embeddable":true,"href":"https:\/\/did-dev.net\/mineddte\/wp-json\/wp\/v2\/post_folder?post=6502"}],"curies":[{"name":"wp","href":"https:\/\/api.w.org\/{rel}","templated":true}]}}