{"id":6469,"date":"2025-04-29T15:53:56","date_gmt":"2025-04-29T15:53:56","guid":{"rendered":"https:\/\/did-dev.net\/mineddte\/?p=6469"},"modified":"2025-05-09T15:01:57","modified_gmt":"2025-05-09T15:01:57","slug":"cop-brs-2025-a-geneve-la-cote-divoire-plaide-pour-un-partenariat-renforce-avec-la-fao","status":"publish","type":"post","link":"https:\/\/did-dev.net\/mineddte\/cop-brs-2025-a-geneve-la-cote-divoire-plaide-pour-un-partenariat-renforce-avec-la-fao\/","title":{"rendered":"COP BRS 2025 A GENEVE : LA COTE D&#8217;IVOIRE PLAIDE POUR UN PARTENARIAT RENFORCE AVEC LA FAO"},"content":{"rendered":"<div class=\"xdj266r x11i5rnm xat24cr x1mh8g0r x1vvkbs x126k92a\">\n<div dir=\"auto\" style=\"text-align: justify;\">\n<p><span style=\"font-family: verdana, geneva, sans-serif;\">Le Ministre de l\u2019Environnement, du D\u00e9veloppement durable et de la Transition Ecologique, Monsieur Assahor\u00e9 Konan Jacques, conduit la d\u00e9l\u00e9gation ivoirienne \u00e0 la Conf\u00e9rence des Parties aux Conventions de B\u00e2le, Rotterdam et Stockholm (COP BRS 2025), qui se tient du 28 avril au 9 mai 2025 \u00e0 Gen\u00e8ve, en Suisse, sous le th\u00e8me :<em> <strong>\u00ab Rendre visible l&#8217;invisible : gestion rationnelle des produits chimiques et des d\u00e9chets \u00bb<\/strong>.<\/em><\/span><\/p>\n<p><span style=\"font-family: verdana, geneva, sans-serif;\">R\u00e9unissant les repr\u00e9sentants des \u00c9tats membres, des organisations onusiennes, de la soci\u00e9t\u00e9 civile et du secteur scientifique, cette rencontre internationale vise \u00e0 renforcer la lutte contre les produits chimiques dangereux et les d\u00e9chets toxiques, conform\u00e9ment aux objectifs des trois conventions. Parmi les points \u00e0 l\u2019ordre du jour : l\u2019examen de nouvelles substances \u00e0 interdire au titre de la Convention de Stockholm (POP), le renforcement du m\u00e9canisme de consentement pr\u00e9alable en connaissance de cause (PIC) pour le commerce de produits chimiques dangereux dans le cadre des Conventions de Rotterdam et de B\u00e2le, et le suivi des initiatives relatives aux d\u00e9chets plastiques et \u00e9lectroniques.<\/span><\/p>\n<p><span style=\"font-family: verdana, geneva, sans-serif;\">En marge de l\u2019ouverture officielle de la conf\u00e9rence, le Ministre Assahor\u00e9 a accord\u00e9 une audience \u00e0 Mme Beth Bechdol, Directrice G\u00e9n\u00e9rale Adjointe de l\u2019Organisation des Nations Unies pour l\u2019Alimentation et l\u2019Agriculture (FAO). Les \u00e9changes ont port\u00e9 sur les perspectives de collaboration technique et financi\u00e8re entre la FAO et la C\u00f4te d\u2019Ivoire pour la mise en \u0153uvre du portefeuille de projets environnementaux.<\/span><\/p>\n<p><span style=\"font-family: verdana, geneva, sans-serif;\">Le Ministre a pr\u00e9sent\u00e9 un ensemble de projets d\u2019une valeur estim\u00e9e \u00e0 22 milliards de dollars, \u00e9labor\u00e9s pour r\u00e9pondre aux besoins de financement climatique du pays. Ces projets, port\u00e9s par des ONG, des universit\u00e9s et divers acteurs nationaux, visent \u00e0 renforcer les capacit\u00e9s du pays face aux d\u00e9fis environnementaux croissants.<\/span><\/p>\n<p><span style=\"font-family: verdana, geneva, sans-serif;\">De son c\u00f4t\u00e9, Mme Bechdol a salu\u00e9 l\u2019engagement de la C\u00f4te d&#8217;Ivoire et a invit\u00e9 le Ministre \u00e0 participer \u00e0 un forum des investisseurs pr\u00e9vu en novembre 2025, en vue de mobiliser davantage de partenaires autour de ces projets ambitieux.<\/span><\/p>\n<\/div>\n<\/div>\n","protected":false},"excerpt":{"rendered":"<p>Le Ministre de l\u2019Environnement, du D\u00e9veloppement durable et de la Transition Ecologique, Monsieur Assahor\u00e9 Konan Jacques, conduit la d\u00e9l\u00e9gation ivoirienne \u00e0 la Conf\u00e9rence des Parties aux Conventions de B\u00e2le, Rotterdam [&hellip;]<\/p>\n","protected":false},"author":1,"featured_media":6470,"comment_status":"closed","ping_status":"closed","sticky":false,"template":"","format":"standard","meta":{"_lmt_disableupdate":"no","_lmt_disable":"","pgc_sgb_lightbox_settings":""},"categories":[58],"tags":[],"post_folder":[],"modified_by":"MINEDD","_links":{"self":[{"href":"https:\/\/did-dev.net\/mineddte\/wp-json\/wp\/v2\/posts\/6469"}],"collection":[{"href":"https:\/\/did-dev.net\/mineddte\/wp-json\/wp\/v2\/posts"}],"about":[{"href":"https:\/\/did-dev.net\/mineddte\/wp-json\/wp\/v2\/types\/post"}],"author":[{"embeddable":true,"href":"https:\/\/did-dev.net\/mineddte\/wp-json\/wp\/v2\/users\/1"}],"replies":[{"embeddable":true,"href":"https:\/\/did-dev.net\/mineddte\/wp-json\/wp\/v2\/comments?post=6469"}],"version-history":[{"count":2,"href":"https:\/\/did-dev.net\/mineddte\/wp-json\/wp\/v2\/posts\/6469\/revisions"}],"predecessor-version":[{"id":6511,"href":"https:\/\/did-dev.net\/mineddte\/wp-json\/wp\/v2\/posts\/6469\/revisions\/6511"}],"wp:featuredmedia":[{"embeddable":true,"href":"https:\/\/did-dev.net\/mineddte\/wp-json\/wp\/v2\/media\/6470"}],"wp:attachment":[{"href":"https:\/\/did-dev.net\/mineddte\/wp-json\/wp\/v2\/media?parent=6469"}],"wp:term":[{"taxonomy":"category","embeddable":true,"href":"https:\/\/did-dev.net\/mineddte\/wp-json\/wp\/v2\/categories?post=6469"},{"taxonomy":"post_tag","embeddable":true,"href":"https:\/\/did-dev.net\/mineddte\/wp-json\/wp\/v2\/tags?post=6469"},{"taxonomy":"post_folder","embeddable":true,"href":"https:\/\/did-dev.net\/mineddte\/wp-json\/wp\/v2\/post_folder?post=6469"}],"curies":[{"name":"wp","href":"https:\/\/api.w.org\/{rel}","templated":true}]}}