{"id":6436,"date":"2025-04-16T08:26:50","date_gmt":"2025-04-16T08:26:50","guid":{"rendered":"https:\/\/did-dev.net\/mineddte\/?p=6436"},"modified":"2025-05-09T15:01:20","modified_gmt":"2025-05-09T15:01:20","slug":"relais-de-laction-climatique-le-ministere-de-lenvironnement-renforce-les-capacites-des-medias-ivoiriens","status":"publish","type":"post","link":"https:\/\/did-dev.net\/mineddte\/relais-de-laction-climatique-le-ministere-de-lenvironnement-renforce-les-capacites-des-medias-ivoiriens\/","title":{"rendered":"RELAIS DE L\u2019ACTION CLIMATIQUE\u00a0: LE MINISTERE DE L\u2019ENVIRONNEMENT RENFORCE LES CAPACITES DES MEDIAS IVOIRIENS"},"content":{"rendered":"<div class=\"xdj266r x11i5rnm xat24cr x1mh8g0r x1vvkbs x126k92a\">\n<div dir=\"auto\" style=\"text-align: justify;\">\n<p><span style=\"font-family: verdana, geneva, sans-serif;\">Dans le but de favoriser une meilleure appropriation des engagements climatiques par les diff\u00e9rents acteurs de la soci\u00e9t\u00e9, le Minist\u00e8re de l\u2019Environnement, du D\u00e9veloppement Durable et de la Transition \u00c9cologique, \u00e0 travers le projet Transition Bas Carbone (TBC-CI), organise un atelier de renforcement des capacit\u00e9s des professionnels des m\u00e9dias sur les changements climatiques.<\/span><\/p>\n<p><span style=\"font-family: verdana, geneva, sans-serif;\">L\u2019atelier se tient du mardi 15 au jeudi 17 avril 2025, au Pullman H\u00f4tel \u00e0 Abidjan-Plateau, avec pour objectif de renforcer le r\u00f4le des m\u00e9dias en tant qu\u2019acteurs cl\u00e9s de la sensibilisation et de la mobilisation autour des politiques climatiques en C\u00f4te d\u2019Ivoire.<\/span><\/p>\n<p><span style=\"font-family: verdana, geneva, sans-serif;\">Repr\u00e9sentant le Ministre Assahor\u00e9 Konan Jacques \u00e0 l\u2019ouverture des travaux, le Conseiller Technique Lagaud Mayeul Alex, par ailleurs Secr\u00e9taire Ex\u00e9cutif de la Commission Nationale de Lutte contre les Changements Climatiques (CNLCC), a insist\u00e9 sur l\u2019importance d\u2019une communication efficace et continue dans la lutte contre les d\u00e9r\u00e8glements climatiques.<\/span><\/p>\n<p><span style=\"font-family: verdana, geneva, sans-serif;\">\u00ab Il ne peut avoir d\u2019action climatique efficace sans une communication claire, sans une sensibilisation soutenue. Et c\u2019est l\u00e0 que les m\u00e9dias jouent un r\u00f4le tr\u00e8s important. Cette formation permettra non seulement de renforcer les connaissances des journalistes, mais aussi d\u2019approfondir leur compr\u00e9hension des m\u00e9canismes de l\u2019Accord de Paris, afin de mieux vulgariser les enjeux environnementaux aupr\u00e8s du grand public \u00bb, a-t-il indiqu\u00e9.<\/span><\/p>\n<p><span style=\"font-family: verdana, geneva, sans-serif;\">Conscient du d\u00e9fi et de l\u2019opportunit\u00e9 de transformation que repr\u00e9sentent les enjeux li\u00e9s au changement climatique, le pr\u00e9sident de l\u2019Union Nationale des Journalistes de C\u00f4te d\u2019Ivoire (UNJCI), M. Jean Claude Coulibaly, a salu\u00e9 cette initiative et exprim\u00e9 sa gratitude envers les organisateurs.<\/span><\/p>\n<p><span style=\"font-family: verdana, geneva, sans-serif;\">\u00ab Cet atelier vient \u00e0 point nomm\u00e9 pour renforcer les capacit\u00e9s de nos hommes et femmes de m\u00e9dias, afin qu\u2019ils puissent informer, \u00e9duquer et mobiliser l\u2019opinion publique autour des enjeux li\u00e9s au changement climatique. \u00bb<\/span><\/p>\n<p><span style=\"font-family: verdana, geneva, sans-serif;\">\u00ab Sans une communication responsable et engag\u00e9e, il sera difficile de changer les comportements, d\u2019impliquer nos communaut\u00e9s et de susciter une v\u00e9ritable appropriation de cette lutte. Le changement climatique est un combat commun, un d\u00e9fi partag\u00e9, mais aussi une opportunit\u00e9 de transformation \u00bb, a-t-il ajout\u00e9.<\/span><\/p>\n<p><span style=\"font-family: verdana, geneva, sans-serif;\">Toujours dans le cadre du renforcement des capacit\u00e9s, le projet Transition Bas Carbone pr\u00e9voit l\u2019organisation prochaine d\u2019une Caravane Climat lors de la Quinzaine Nationale de l\u2019Environnement, du D\u00e9veloppement Durable et de la Transition \u00c9cologique (QNEDDTE 2025), pr\u00e9vue du 3 au 17 juin 2025. Cette initiative mettra un accent particulier sur les m\u00e9dias de proximit\u00e9, afin qu\u2019ils deviennent \u00e0 leur tour des relais actifs de l\u2019information climatique aupr\u00e8s des communaut\u00e9s locales.<\/span><\/p>\n<\/div>\n<\/div>\n","protected":false},"excerpt":{"rendered":"<p>Dans le but de favoriser une meilleure appropriation des engagements climatiques par les diff\u00e9rents acteurs de la soci\u00e9t\u00e9, le Minist\u00e8re de l\u2019Environnement, du D\u00e9veloppement Durable et de la Transition \u00c9cologique, [&hellip;]<\/p>\n","protected":false},"author":1,"featured_media":6438,"comment_status":"closed","ping_status":"closed","sticky":false,"template":"","format":"standard","meta":{"_lmt_disableupdate":"no","_lmt_disable":"","pgc_sgb_lightbox_settings":""},"categories":[58],"tags":[],"post_folder":[],"modified_by":"MINEDD","_links":{"self":[{"href":"https:\/\/did-dev.net\/mineddte\/wp-json\/wp\/v2\/posts\/6436"}],"collection":[{"href":"https:\/\/did-dev.net\/mineddte\/wp-json\/wp\/v2\/posts"}],"about":[{"href":"https:\/\/did-dev.net\/mineddte\/wp-json\/wp\/v2\/types\/post"}],"author":[{"embeddable":true,"href":"https:\/\/did-dev.net\/mineddte\/wp-json\/wp\/v2\/users\/1"}],"replies":[{"embeddable":true,"href":"https:\/\/did-dev.net\/mineddte\/wp-json\/wp\/v2\/comments?post=6436"}],"version-history":[{"count":1,"href":"https:\/\/did-dev.net\/mineddte\/wp-json\/wp\/v2\/posts\/6436\/revisions"}],"predecessor-version":[{"id":6457,"href":"https:\/\/did-dev.net\/mineddte\/wp-json\/wp\/v2\/posts\/6436\/revisions\/6457"}],"wp:featuredmedia":[{"embeddable":true,"href":"https:\/\/did-dev.net\/mineddte\/wp-json\/wp\/v2\/media\/6438"}],"wp:attachment":[{"href":"https:\/\/did-dev.net\/mineddte\/wp-json\/wp\/v2\/media?parent=6436"}],"wp:term":[{"taxonomy":"category","embeddable":true,"href":"https:\/\/did-dev.net\/mineddte\/wp-json\/wp\/v2\/categories?post=6436"},{"taxonomy":"post_tag","embeddable":true,"href":"https:\/\/did-dev.net\/mineddte\/wp-json\/wp\/v2\/tags?post=6436"},{"taxonomy":"post_folder","embeddable":true,"href":"https:\/\/did-dev.net\/mineddte\/wp-json\/wp\/v2\/post_folder?post=6436"}],"curies":[{"name":"wp","href":"https:\/\/api.w.org\/{rel}","templated":true}]}}